{"id":114578,"date":"2025-05-16T07:37:15","date_gmt":"2025-05-16T07:37:15","guid":{"rendered":"https:\/\/www.europesays.com\/de\/114578\/"},"modified":"2025-05-16T07:37:15","modified_gmt":"2025-05-16T07:37:15","slug":"florian-wirtz-trifft-erste-entscheidung","status":"publish","type":"post","link":"https:\/\/www.europesays.com\/de\/114578\/","title":{"rendered":"Florian Wirtz trifft erste Entscheidung!"},"content":{"rendered":"<p><strong>Kein Tag ohne neue Wasserstandsmeldungen im Poker um Florian Wirtz. Der deutsche Nationalspieler steht sowohl beim FC Bayern als auch bei mehreren ausl\u00e4ndischen Top-Klubs auf dem Wunschzettel. Die gro\u00dfe Frage aber ist: Legt Leverkusen ihm Steine in den Weg? Wirtz und seine Eltern jedenfalls wollen einen Wechsel wohl mit aller Macht.<\/strong><\/p>\n<p><a href=\"https:\/\/bit.ly\/4lXVdgE\" target=\"_blank\" rel=\"noopener\"><img loading=\"lazy\" decoding=\"async\" class=\"alignnone size-full wp-image-1390284\" src=\"https:\/\/www.europesays.com\/de\/wp-content\/uploads\/2025\/05\/winamax-banner.png\" alt=\"\" width=\"970\" height=\"90\"\/><\/a><\/p>\n<p>W\u00e4hrend Erfolgstrainer Xabi Alonso am vergangenen Heimspieltag in der BayArena emotional verabschiedet wurde, droht ein anderer Star bei Bayer Leverkusen auf leisen Sohlen zu verschwinden: Florian Wirtz.<\/p>\n<p>F\u00fcr Bayer geht es sportlich um nichts mehr: Der Vizemeistertitel ist gesichert. Und auch f\u00fcr Wirtz steht nach dem Mainz-Spiel ein neuer Lebensabschnitt bevor \u2013 zumindest wenn es nach ihm und seiner Familie geht. Laut der BILD forcieren Wirtz und seine Eltern einen Wechsel noch in diesem Sommer. Ein Verbleib bei der Werkself scheint keine Option mehr f\u00fcr den DFB-Star zu sein.<\/p>\n<p>Bayern hofft, City bietet \u2013 und Liverpool mischt mit<\/p>\n<p>Wirtz wird von vielen als \u201eder beste Spieler Deutschlands\u201c bezeichnet \u2013 unter anderem von Bayern-Aufsichtsrat Karl-Heinz Rummenigge. Dass die M\u00fcnchner den Spielmacher wollen, ist l\u00e4ngst bekannt. FCB-intern herrscht nach wie vor gro\u00dfe Zuversicht, dass man Wirtz an die Isar holen kann. Doch der starke Gegenwind aus England macht den Deal zu einer Herausforderung.<\/p>\n<p>Manchester City hat bereits schriftlich Interesse hinterlegt \u2013 inklusive der Zusage, die Abl\u00f6seforderung von 150 Millionen Euro zu erf\u00fcllen. Trainer Pep Guardiola soll Wirtz pers\u00f6nlich mehrfach kontaktiert haben, um ihn von einem Wechsel zu \u00fcberzeugen. Interessant: Nach Informationen der BILD soll es bei den Sky Blues aber Zweifel geben, ob man wirklich zum Zug kommt. Demnach hat man mit Ex-Leipzig-Star Dani Olmo (FC Barcelona) bereits eine Alternative ins Auge genommen.<\/p>\n<p>Auch der FC Liverpool ist inzwischen ernsthaft in den Poker eingestiegen. Leverkusen will Wirtz zwar unbedingt halten \u2013 doch die Chancen sind verschwindend gering. Vielmehr wartet man nun darauf, dass sich Wirtz offen zu einem Wechselziel bekennt.<\/p>\n<p>Leverkusen innerlich l\u00e4ngst vorbereitet<\/p>\n<p>Dass Wirtz mit der Situation in Leverkusen abgeschlossen hat, wurde in den vergangenen Monaten deutlich. Seine K\u00f6rpersprache \u2013 insbesondere nach bitteren Champions-League-Niederlagen gegen Liverpool, Atl\u00e9tico Madrid und den FC Bayern \u2013 sprach B\u00e4nde. Wirtz wei\u00df, dass er f\u00fcr h\u00f6here Aufgaben bereit ist.<\/p>\n<p>F\u00fcnf Jahre nach seinem Wechsel aus K\u00f6ln hat sich das Offensiv-Juwel zum Leistungstr\u00e4ger, Nationalspieler und internationalen Top-Star entwickelt. In Leverkusen ist man sich der sportlichen L\u00fccke bewusst, die sein Abgang rei\u00dfen w\u00fcrde \u2013 aber auch der Tatsache, dass dieser Schritt unausweichlich ist.<\/p>\n<p>Spannend wird es zu sehen, wie sich Bayer in den Abl\u00f6severhandlungen mit den Interessenten verh\u00e4lt. Leverkusen-Boss Fernando Carro hat gr\u00fcnes Licht f\u00fcr einen Verkauf bekommen, sollte man eine Abl\u00f6se im Bereich von 150 Millionen Euro erhalten.<\/p>\n<p><img decoding=\"async\" class=\"wp-worthy-pixel-img skip-lazy \" src=\"https:\/\/www.europesays.com\/de\/wp-content\/uploads\/2025\/05\/1292e96a8ec6436a8b27e5dfe72bfac7.gif\" loading=\"eager\" data-no-lazy=\"1\" data-skip-lazy=\"1\" height=\"1\" width=\"1\" alt=\"\"\/><\/p>\n","protected":false},"excerpt":{"rendered":"Kein Tag ohne neue Wasserstandsmeldungen im Poker um Florian Wirtz. Der deutsche Nationalspieler steht sowohl beim FC Bayern&hellip;\n","protected":false},"author":2,"featured_media":114579,"comment_status":"","ping_status":"","sticky":false,"template":"","format":"standard","meta":{"footnotes":""},"categories":[136],"tags":[29,12761,30,265],"class_list":{"0":"post-114578","1":"post","2":"type-post","3":"status-publish","4":"format-standard","5":"has-post-thumbnail","7":"category-sport","8":"tag-deutschland","9":"tag-florian-wirtz","10":"tag-germany","11":"tag-sport"},"share_on_mastodon":{"url":"https:\/\/pubeurope.com\/@de\/114516370725509851","error":""},"_links":{"self":[{"href":"https:\/\/www.europesays.com\/de\/wp-json\/wp\/v2\/posts\/114578","targetHints":{"allow":["GET"]}}],"collection":[{"href":"https:\/\/www.europesays.com\/de\/wp-json\/wp\/v2\/posts"}],"about":[{"href":"https:\/\/www.europesays.com\/de\/wp-json\/wp\/v2\/types\/post"}],"author":[{"embeddable":true,"href":"https:\/\/www.europesays.com\/de\/wp-json\/wp\/v2\/users\/2"}],"replies":[{"embeddable":true,"href":"https:\/\/www.europesays.com\/de\/wp-json\/wp\/v2\/comments?post=114578"}],"version-history":[{"count":0,"href":"https:\/\/www.europesays.com\/de\/wp-json\/wp\/v2\/posts\/114578\/revisions"}],"wp:featuredmedia":[{"embeddable":true,"href":"https:\/\/www.europesays.com\/de\/wp-json\/wp\/v2\/media\/114579"}],"wp:attachment":[{"href":"https:\/\/www.europesays.com\/de\/wp-json\/wp\/v2\/media?parent=114578"}],"wp:term":[{"taxonomy":"category","embeddable":true,"href":"https:\/\/www.europesays.com\/de\/wp-json\/wp\/v2\/categories?post=114578"},{"taxonomy":"post_tag","embeddable":true,"href":"https:\/\/www.europesays.com\/de\/wp-json\/wp\/v2\/tags?post=114578"}],"curies":[{"name":"wp","href":"https:\/\/api.w.org\/{rel}","templated":true}]}}