{"id":1145896,"date":"2026-07-06T02:17:17","date_gmt":"2026-07-06T02:17:17","guid":{"rendered":"https:\/\/www.europesays.com\/de\/1145896\/"},"modified":"2026-07-06T02:17:17","modified_gmt":"2026-07-06T02:17:17","slug":"kriegswaffen-prozess-um-geheimes-waffenarsenal-in-remscheid-beginnt-panorama","status":"publish","type":"post","link":"https:\/\/www.europesays.com\/de\/1145896\/","title":{"rendered":"Kriegswaffen &#8211; Prozess um geheimes Waffenarsenal in Remscheid beginnt &#8211; Panorama"},"content":{"rendered":"<p data-manual=\"paragraph\" data-schema-org-speakable=\"true\" class=\"css-1eosz7k\">Wuppertal\/Remscheid (dpa) &#8211; Es geht um Hunderte Schusswaffen samt 100.000 Schuss Munition: In Wuppertal beginnt heute der Prozess um ein enormes illegales Waffenlager im nordrhein-westf\u00e4lischen Remscheid. Die Staatsanwaltschaft wirft drei M\u00e4nnern Verst\u00f6\u00dfe gegen das Kriegswaffenkontrollgesetz vor.<\/p>\n<p data-manual=\"paragraph\" data-schema-org-speakable=\"true\" class=\"css-1eosz7k\">Angeklagt sind ein 60-J\u00e4hriger sowie zwei Mitangeklagte im Alter von 38 und 35 Jahren. Laut Anklage hatte der 60-J\u00e4hrige zahlreiche Kriegswaffen, Schusswaffen und Munition zum Verkauf gelagert.<\/p>\n<p>Riesiges Waffenarsenal<\/p>\n<p data-manual=\"paragraph\" data-schema-org-speakable=\"true\" class=\"css-1eosz7k\">Nach fr\u00fcheren Angaben wurden bei Durchsuchungen rund 300 scharfe Schusswaffen &#8211; darunter 125 Maschinengewehre, 67 Maschinenpistolen, 51 Pistolen, 32 Langwaffen, 11 Revolver und 13 Panzerabwehrwaffen &#8211; sowie fast 100.000 Schuss Munition entdeckt. Laut Staatsanwaltschaft handelt es sich dabei um einen der gr\u00f6\u00dften Kriegswaffenfunde der vergangenen Jahrzehnte in <a href=\"https:\/\/www.sueddeutsche.de\/thema\/Deutschland\" rel=\"nofollow noopener\" target=\"_blank\">Deutschland<\/a>.\u00a0<\/p>\n<p><img decoding=\"async\" src=\"https:\/\/www.europesays.com\/de\/wp-content\/uploads\/2026\/07\/eda83f84-2590-4258-aa38-96236724a531.jpg\"   alt=\"Es geht um eines der gr\u00f6\u00dften illegalen Waffenlager, die in den vergangenen Jahrzehnten in Deutschland entdeckt wurden. (Archivbild)\" loading=\"lazy\" class=\"css-8atqhb\"\/>Es geht um eines der gr\u00f6\u00dften illegalen Waffenlager, die in den vergangenen Jahrzehnten in Deutschland entdeckt wurden. (Archivbild) &#8211;\/Polizei Wuppertal\/dpa<\/p>\n<p data-manual=\"paragraph\" data-schema-org-speakable=\"true\" class=\"css-1eosz7k\">Der 60-J\u00e4hrige soll dem 38 Jahre alten Mitangeklagten insgesamt sechs Maschinenpistolen und einen Revolver samt Munition verkauft haben. Dieser habe die Waffen den Ermittlungen zufolge teilweise gemeinsam mit dem 35-J\u00e4hrigen weiterverkauft.\u00a0<\/p>\n<p>Waffen wurden verdeckten Ermittlern angeboten<\/p>\n<p data-manual=\"paragraph\" data-schema-org-speakable=\"true\" class=\"css-1eosz7k\">Als verdeckt ermittelnden Polizisten Waffen zum Kauf angeboten wurden, kamen die Ermittlungen ins Rollen. Bei mehrt\u00e4gigen Durchsuchungen ab dem 26. Oktober 2025 fanden Ermittler in einem Geb\u00e4udekomplex in der Remscheider Innenstadt zun\u00e4chst eine umfangreiche Sammlung von Militaria und legalen Deko-Waffen aus der Zeit des Zweiten Weltkriegs in einer Art Privatmuseum.\u00a0<\/p>\n<p data-manual=\"paragraph\" data-schema-org-speakable=\"true\" class=\"css-1eosz7k\">Doch dann stie\u00dfen sie auf versteckte Nebenr\u00e4ume, die laut Staatsanwaltschaft durch Zwischenw\u00e4nde, verborgene Schlie\u00dfmechanismen und getarnte T\u00fcren abgeschirmt waren. \u201eDahinter waren dann die illegalen Sachen\u201c, sagt Oberstaatsanwalt Wolf-Tilman Baumert.\u00a0<\/p>\n<p>Teilgest\u00e4ndnis<\/p>\n<p data-manual=\"paragraph\" data-schema-org-speakable=\"true\" class=\"css-1eosz7k\">W\u00e4hrend die Staatsanwaltschaft davon ausgeht, dass der Hauptangeklagte mit den Kriegswaffen in gro\u00dfem Stil gehandelt hat, bestritt der 60-J\u00e4hrige dies gegen\u00fcber den Ermittlern: Ein Gro\u00dfteil der Waffen sei Teil seiner Privatsammlung, die er nicht verkaufen wollte. Er habe lediglich einzelne Exemplare weiterverkauft.<\/p>\n<p data-manual=\"paragraph\" data-schema-org-speakable=\"true\" class=\"css-1eosz7k\">Auf der Autobahn 1 bei Remscheid erfolgte im vergangenen Jahr letztlich der Zugriff: Spezialkr\u00e4fte stoppten den Wagen des 60-J\u00e4hrigen. Bei mehrt\u00e4gigen Durchsuchungen waren 200 Kr\u00e4fte im Einsatz, die in seinem Haus auf immer mehr Waffen stie\u00dfen.<\/p>\n<p>Kriegswaffen hinter Geheimt\u00fcren, Munition im T\u00fcrrahmen<\/p>\n<p data-manual=\"paragraph\" data-schema-org-speakable=\"true\" class=\"css-1eosz7k\">Ein weiterer Geheimraum mit 29 Maschinengewehren und drei Panzerb\u00fcchsen wurde hinter einer weiteren Vitrine im Keller entdeckt, nachdem der Hauptbeschuldigte dessen Existenz verraten hatte. Zus\u00e4tzlich fanden die Ermittler Munition im Hohlraum eines T\u00fcrrahmens versteckt.\u00a0<\/p>\n<p data-manual=\"paragraph\" data-schema-org-speakable=\"true\" class=\"css-1eosz7k\">Der Hauptangeklagte ist ein gelernter Kfz-Mechaniker mit Kenntnissen als B\u00fcchsenmacher. In einem Raum fanden die Ermittler eine Art Werkbank und Werkzeug, mit dem alte, entmilitarisierte Waffen eventuell wieder schussf\u00e4hig gemacht worden sein k\u00f6nnten.\u00a0<\/p>\n<p data-manual=\"paragraph\" data-schema-org-speakable=\"true\" class=\"css-1eosz7k\">Seine Verteidiger, der Remscheider Rechtsanwalt Bernhard Meiski und die Wuppertaler Anw\u00e4ltin Esther Kunz, wollten sich vor dem Prozess nicht zu den Anklagevorw\u00fcrfen \u00e4u\u00dfern. Bislang sind zehn Verhandlungstage bis Ende September vorgesehen. F\u00fcr die Angeklagten gilt bis zu einem rechtskr\u00e4ftigen Urteil die Unschuldsvermutung.<\/p>\n<p data-manual=\"paragraph\" data-schema-org-speakable=\"true\" class=\"css-1eosz7k\">\u00a9 dpa-infocom, dpa:260706-930-338974\/1<\/p>\n","protected":false},"excerpt":{"rendered":"Wuppertal\/Remscheid (dpa) &#8211; Es geht um Hunderte Schusswaffen samt 100.000 Schuss Munition: In Wuppertal beginnt heute der Prozess&hellip;\n","protected":false},"author":2,"featured_media":1145897,"comment_status":"","ping_status":"","sticky":false,"template":"","format":"standard","meta":{"footnotes":"","_share_on_mastodon":"0"},"categories":[1840],"tags":[3364,29,30,1584,1209,1974,2283,21537,149,4743,4418],"class_list":["post-1145896","post","type-post","status-publish","format-standard","has-post-thumbnail","category-wuppertal","tag-de","tag-deutschland","tag-germany","tag-kriminalitaet","tag-nordrhein-westfalen","tag-panorama","tag-prozess-gericht","tag-remscheid","tag-sueddeutsche-zeitung","tag-waffen","tag-wuppertal"],"share_on_mastodon":{"url":"https:\/\/pubeurope.com\/@de\/116870634007483366","error":""},"_links":{"self":[{"href":"https:\/\/www.europesays.com\/de\/wp-json\/wp\/v2\/posts\/1145896","targetHints":{"allow":["GET"]}}],"collection":[{"href":"https:\/\/www.europesays.com\/de\/wp-json\/wp\/v2\/posts"}],"about":[{"href":"https:\/\/www.europesays.com\/de\/wp-json\/wp\/v2\/types\/post"}],"author":[{"embeddable":true,"href":"https:\/\/www.europesays.com\/de\/wp-json\/wp\/v2\/users\/2"}],"replies":[{"embeddable":true,"href":"https:\/\/www.europesays.com\/de\/wp-json\/wp\/v2\/comments?post=1145896"}],"version-history":[{"count":0,"href":"https:\/\/www.europesays.com\/de\/wp-json\/wp\/v2\/posts\/1145896\/revisions"}],"wp:featuredmedia":[{"embeddable":true,"href":"https:\/\/www.europesays.com\/de\/wp-json\/wp\/v2\/media\/1145897"}],"wp:attachment":[{"href":"https:\/\/www.europesays.com\/de\/wp-json\/wp\/v2\/media?parent=1145896"}],"wp:term":[{"taxonomy":"category","embeddable":true,"href":"https:\/\/www.europesays.com\/de\/wp-json\/wp\/v2\/categories?post=1145896"},{"taxonomy":"post_tag","embeddable":true,"href":"https:\/\/www.europesays.com\/de\/wp-json\/wp\/v2\/tags?post=1145896"}],"curies":[{"name":"wp","href":"https:\/\/api.w.org\/{rel}","templated":true}]}}