{"id":1145922,"date":"2026-07-06T02:37:29","date_gmt":"2026-07-06T02:37:29","guid":{"rendered":"https:\/\/www.europesays.com\/de\/1145922\/"},"modified":"2026-07-06T02:37:29","modified_gmt":"2026-07-06T02:37:29","slug":"bornheim-bei-bonn-auto-kracht-in-cafe-zwei-frauen-entkommen-nur-knapp","status":"publish","type":"post","link":"https:\/\/www.europesays.com\/de\/1145922\/","title":{"rendered":"Bornheim bei Bonn: Auto kracht in Caf\u00e9: zwei Frauen entkommen nur knapp"},"content":{"rendered":"<p>Quelle: dpa Nordrhein-Westfalen<br \/>\n        5. Juli 2026, 13:17 Uhr\n    <\/p>\n<p>        Sie k\u00f6nnen sich Artikel der ZEIT in der Google-Suche nun bevorzugt anzeigen lassen.<\/p>\n<p>        <a class=\"zps-widget__icon\" href=\"https:\/\/www.google.com\/preferences\/source?q=zeit.de\" data-ct-label=\"Google Preferred Source Onboarding Widget Icon\" id=\"zps-link-icon-activate\" aria-label=\"ZEIT als bevorzugte Quelle bei Google aktivieren\" target=\"_blank\" rel=\"nofollow noopener\"><\/p>\n<p>        <\/a><\/p>\n<p>        Hinweis<\/p>\n<p class=\"article-notice__text\">DIE ZEIT hat diese Meldung redaktionell nicht bearbeitet. Sie wurde automatisch von der Deutschen Presse-Agentur (dpa) \u00fcbernommen.<\/p>\n<p>            <img decoding=\"async\" class=\"article__media-item\" src=\"https:\/\/www.europesays.com\/de\/wp-content\/uploads\/2026\/07\/1783305449_412_wide__660x371.jpeg\" alt=\"Bornheim bei Bonn: Ein Auto ist in das Fenster einer B\u00e4ckerei gekracht und hat nur knapp G\u00e4ste verfehlt.\"\/><\/p>\n<p>                    Ein Auto ist in das Fenster einer B\u00e4ckerei gekracht und hat nur knapp G\u00e4ste verfehlt.<br \/>\n            \u00a9\u00a0Axel Vogel\/\u200bdpa<\/p>\n<p class=\"paragraph article__item\">Beim Ausparken ist eine 77-J\u00e4hrige geradeaus gefahren und frontal ins Fenster einer B\u00e4ckerei in Bornheim bei <a class=\"rtr-entity\" href=\"https:\/\/www.zeit.de\/thema\/bonn\" rel=\"nofollow noopener\" target=\"_blank\">Bonn<\/a> gekracht. Dabei hatten zwei G\u00e4ste, die dort im Caf\u00e9 an einem Tisch sa\u00dfen, Riesengl\u00fcck: Das Auto verfehlte sie um nur etwa 20 Zentimeter, wie ein Polizeisprecher am Sonntag best\u00e4tigte. Die beiden Frauen blieben unverletzt, waren aber geschockt.\n<\/p>\n<p>Aktuelles<\/p>\n<p>                <a href=\"https:\/\/www.zeit.de\/wirtschaft\/2026-07\/sonntagsoeffnung-einzelhandel-verbote-hde-innenstaedte\" data-ct-label=\"Sonntags\u00f6ffnung im Einzelhandel: Handelsverb\u00e4nde fordern Sonntags\u00f6ffnung f\u00fcr alle Gesch\u00e4fte\" data-uuid=\"840b2f51-c251-4ea7-bdb2-b0a6a74c92ff\" rel=\"nofollow noopener\" target=\"_blank\"><\/p>\n<p>                        Sonntags\u00f6ffnung im Einzelhandel:<br \/>\n                        Handelsverb\u00e4nde fordern Sonntags\u00f6ffnung f\u00fcr alle Gesch\u00e4fte<\/p>\n<p>                <\/a><\/p>\n<p>                <a href=\"https:\/\/www.zeit.de\/zeit-wissen\/2026\/04\/baeckerei-genossenschaft-unternehmen-recht\" data-ct-label=\"B\u00e4ckerei: Die Tochter backt politisch\" data-uuid=\"1f3bc679-10e8-42bb-b364-c23de70a3803\" rel=\"nofollow noopener\" target=\"_blank\"><\/p>\n<p>        Z+ (abopflichtiger Inhalt);<\/p>\n<p>    B\u00e4ckerei:<br \/>\n                        Die Tochter backt politisch<\/p>\n<p>                <\/a><\/p>\n<p>                <a href=\"https:\/\/www.zeit.de\/politik\/deutschland\/2026-06\/heizungsgesetz-gebaeudemodernisierung-oel-gasheizungen-biotreppe\" data-ct-label=\"Heizungsgesetz: Linke pr\u00fcft Klage gegen Heizungsgesetz nach Debatte im Bundestag\" data-uuid=\"5b357f38-2d54-4258-918e-efd91edbb425\" rel=\"nofollow noopener\" target=\"_blank\"><\/p>\n<p>                        Heizungsgesetz:<br \/>\n                        Linke pr\u00fcft Klage gegen Heizungsgesetz nach Debatte im Bundestag<\/p>\n<p>                <\/a><\/p>\n<p class=\"paragraph article__item\">Der Wagen hatte das Schaufenster des Gesch\u00e4fts durchbrochen und war mitten im Gastraum der B\u00e4ckerei zum Stehen gekommen. Zeugen bem\u00fchten sich Medienberichten zufolge um die Fahrerin. Die Polizei ordnete eine Blutprobe an.\u00a0\n<\/p>\n<p class=\"paragraph article__item\">\u00dcber die genaue Ursache des Unfalls gab es zun\u00e4chst keine Angaben. Der Vorfall ereignete sich am Samstagnachmittag auf einem Supermarktparkplatz. Zuerst hatte der \u00abGeneral-Anzeiger\u00bb berichtet.\n<\/p>\n<p class=\"paragraph article__item\">\u00a9 dpa-infocom, dpa:260705-930-336977\/1<\/p>\n","protected":false},"excerpt":{"rendered":"Quelle: dpa Nordrhein-Westfalen 5. Juli 2026, 13:17 Uhr Sie k\u00f6nnen sich Artikel der ZEIT in der Google-Suche nun&hellip;\n","protected":false},"author":2,"featured_media":1145923,"comment_status":"","ping_status":"","sticky":false,"template":"","format":"standard","meta":{"footnotes":"","_share_on_mastodon":"0"},"categories":[1842],"tags":[5632,513,3464,1741,240802,6762,3364,29,30,15,1209],"class_list":["post-1145922","post","type-post","status-publish","format-standard","has-post-thumbnail","category-bonn","tag-bornheim","tag-auto","tag-baeckerei","tag-bonn","tag-bornheim-bei-bonn","tag-cafe","tag-de","tag-deutschland","tag-germany","tag-news","tag-nordrhein-westfalen"],"share_on_mastodon":{"url":"https:\/\/pubeurope.com\/@de\/116870712443328421","error":""},"_links":{"self":[{"href":"https:\/\/www.europesays.com\/de\/wp-json\/wp\/v2\/posts\/1145922","targetHints":{"allow":["GET"]}}],"collection":[{"href":"https:\/\/www.europesays.com\/de\/wp-json\/wp\/v2\/posts"}],"about":[{"href":"https:\/\/www.europesays.com\/de\/wp-json\/wp\/v2\/types\/post"}],"author":[{"embeddable":true,"href":"https:\/\/www.europesays.com\/de\/wp-json\/wp\/v2\/users\/2"}],"replies":[{"embeddable":true,"href":"https:\/\/www.europesays.com\/de\/wp-json\/wp\/v2\/comments?post=1145922"}],"version-history":[{"count":0,"href":"https:\/\/www.europesays.com\/de\/wp-json\/wp\/v2\/posts\/1145922\/revisions"}],"wp:featuredmedia":[{"embeddable":true,"href":"https:\/\/www.europesays.com\/de\/wp-json\/wp\/v2\/media\/1145923"}],"wp:attachment":[{"href":"https:\/\/www.europesays.com\/de\/wp-json\/wp\/v2\/media?parent=1145922"}],"wp:term":[{"taxonomy":"category","embeddable":true,"href":"https:\/\/www.europesays.com\/de\/wp-json\/wp\/v2\/categories?post=1145922"},{"taxonomy":"post_tag","embeddable":true,"href":"https:\/\/www.europesays.com\/de\/wp-json\/wp\/v2\/tags?post=1145922"}],"curies":[{"name":"wp","href":"https:\/\/api.w.org\/{rel}","templated":true}]}}