{"id":1146046,"date":"2026-07-06T04:08:57","date_gmt":"2026-07-06T04:08:57","guid":{"rendered":"https:\/\/www.europesays.com\/de\/1146046\/"},"modified":"2026-07-06T04:08:57","modified_gmt":"2026-07-06T04:08:57","slug":"risen-energy-praesentiert-auf-der-intersolar-europe-2026-innovationen-fuer-verschiedenste-anwendungsszenarien","status":"publish","type":"post","link":"https:\/\/www.europesays.com\/de\/1146046\/","title":{"rendered":"Risen Energy pr\u00e4sentiert auf der Intersolar Europe 2026 Innovationen f\u00fcr verschiedenste Anwendungsszenarien"},"content":{"rendered":"\n<p class=\"text text-block paragraph text-left neo-font-paragraph-xl-reg  yf-18d6y07\" style=\"text-decoration: none; font-style: normal; text-transform: none; text-align: inherit; font-variant-numeric: normal;\">M\u00dcNCHEN, Deutschland, 25. Juni 2026 \/PRNewswire\/ &#8212; Wir freuen uns sehr, berichten zu k\u00f6nnen, dass die Intersolar Europe gestern auf dem Gel\u00e4nde der <strong>Messe M\u00fcnchen<\/strong> offiziell ihre Tore ge\u00f6ffnet hat und <strong>Risen Energy<\/strong> am <strong>Stand A1.370<\/strong> zahlreiche Besucher begr\u00fc\u00dft. Wir haben unsere umfassende Produktmatrix f\u00fcr Anwendungen im Wohn-, Gewerbe- und Industriebereich sowie f\u00fcr Gro\u00dfanlagen pr\u00e4sentiert und dabei aufgezeigt, wie unsere <strong>\u201eFull-Stack-Risen&#8220;-<\/strong>Strategie den sich wandelnden Energiebedarf Europas deckt.  <\/p>\n<p>    <a href=\"https:\/\/s.yimg.com\/lo\/mysterio\/api\/37B080652F43394BD1976F05F3E36873C588ADD4362DABA834A1B9CE60D2CA73\/subgraphmysterio\/resizefit_w960;quality_80;format_webp\/https:%2F%2Fmedia.zenfs.com%2Fde%2Fprnewswire_de_161%2Fd5b334900d0e9c6755975287aa9e3e33\" target=\"_blank\" rel=\"noopener noreferrer nofollow\"><img loading=\"lazy\" decoding=\"async\" src=\"data:image\/gif;base64,R0lGODlhAQABAIAAAAAAAP\/\/\/ywAAAAAAQABAAACAUwAOw==\" alt=\"Intersolar Europe 2026\" height=\"300\" width=\"400\" class=\"yf-lglytj loader\"\/><\/a> Intersolar Europe 2026           <\/p>\n<p class=\"text text-block paragraph text-left neo-font-paragraph-xl-reg  yf-18d6y07\" style=\"text-decoration: none; font-style: normal; text-transform: none; text-align: inherit; font-variant-numeric: normal;\"><strong>Energiemanagement in Privathaushalten: Minimalistisches Design trifft auf KI-Intelligenz<\/strong>  <\/p>\n<p class=\"text text-block paragraph text-left neo-font-paragraph-xl-reg  yf-18d6y07\" style=\"text-decoration: none; font-style: normal; text-transform: none; text-align: inherit; font-variant-numeric: normal;\">Um dem Bedarf Europas nach Energieunabh\u00e4ngigkeit auf begrenztem Raum gerecht zu werden, haben wir unser stapelbares <strong>All-in-One-Energiespeichersystem der Noor-Serie<\/strong>, den <strong>stapelbaren Akku der Hifz-Serie<\/strong> und den <strong>Hybrid-Wechselrichter der Velta-Serie eingef\u00fchrt.<\/strong>  <\/p>\n<ul class=\"yf-1jsc1up\">\n<li class=\"yf-1jsc1up\">\n<p class=\"text text-block paragraph text-left neo-font-paragraph-xl-reg  yf-18d6y07\" style=\"text-decoration: none; font-style: normal; text-transform: none; text-align: inherit; font-variant-numeric: normal;\"><strong>Noor-Serie:<\/strong> Kombiniert PV-Laden, Speicherung und Steuerung. Mit einer Kapazit\u00e4t von <strong>10\u201325 kWh<\/strong> passt es perfekt in Garagen oder auf Hinterh\u00f6fe. Die <strong>USV-Umschaltung im Millisekundenbereich <\/strong>garantiert eine unterbrechungsfreie Stromversorgung.  <\/p>\n<\/li>\n<li class=\"yf-1jsc1up\">\n<p class=\"text text-block paragraph text-left neo-font-paragraph-xl-reg  yf-18d6y07\" style=\"text-decoration: none; font-style: normal; text-transform: none; text-align: inherit; font-variant-numeric: normal;\"><strong>Hifz-Serie:<\/strong> Merkmale: <strong>Schutzart IP65<\/strong> und modulare Stapelbarkeit (5\u201320 kWh). Dank Plug-and-Play-Steckverbindungen ist die Bereitstellung gr\u00fcner Energie so einfach wie das Aufeinanderstapeln von Bausteinen.  <\/p>\n<\/li>\n<li class=\"yf-1jsc1up\">\n<p class=\"text text-block paragraph text-left neo-font-paragraph-xl-reg  yf-18d6y07\" style=\"text-decoration: none; font-style: normal; text-transform: none; text-align: inherit; font-variant-numeric: normal;\"><strong>Intelligente Steuerung:<\/strong> In Verbindung mit <strong>Risen Cloud <\/strong>automatisiert das System Strategien nach dem Prinzip \u201eLaden zu niedrigen Tarifen, Entladen zu hohen Tarifen&#8220; auf Basis der lokalen Stromtarife und macht so jede kWh zu einer Ersparnis.  <\/p>\n<\/li>\n<\/ul>\n<p class=\"text text-block paragraph text-left neo-font-paragraph-xl-reg  yf-18d6y07\" style=\"text-decoration: none; font-style: normal; text-transform: none; text-align: inherit; font-variant-numeric: normal;\"><strong>C&amp;I Green Partner: Hohe Dichte und Lebenszykluswert\u00a0<\/strong>  <\/p>\n<p class=\"text text-block paragraph text-left neo-font-paragraph-xl-reg  yf-18d6y07\" style=\"text-decoration: none; font-style: normal; text-transform: none; text-align: inherit; font-variant-numeric: normal;\">F\u00fcr Unternehmen, die Kosten senken und Sicherheit gew\u00e4hrleisten m\u00fcssen, bietet unser <strong>fl\u00fcssigkeitsgek\u00fchltes ESS der iCon-Serie<\/strong> f\u00fcr Gewerbe und Industrie eine kompakte L\u00f6sung.  <\/p>\n<ul class=\"yf-1jsc1up\">\n<li class=\"yf-1jsc1up\">\n<p class=\"text text-block paragraph text-left neo-font-paragraph-xl-reg  yf-18d6y07\" style=\"text-decoration: none; font-style: normal; text-transform: none; text-align: inherit; font-variant-numeric: normal;\"><strong>Platzsparend:<\/strong> Ben\u00f6tigt nur <strong>1,6 m\u00b2<\/strong> Platz (25 % h\u00f6here Auslastung).  <\/p>\n<\/li>\n<li class=\"yf-1jsc1up\">\n<p class=\"text text-block paragraph text-left neo-font-paragraph-xl-reg  yf-18d6y07\" style=\"text-decoration: none; font-style: normal; text-transform: none; text-align: inherit; font-variant-numeric: normal;\"><strong>H\u00f6chste Sicherheit:<\/strong> Selbst entwickeltes <strong>4S-System<\/strong>, <strong>mit 9-stufigem Schutz<\/strong> sowie <strong>\u00dcberwachung auf Batterieebene<\/strong>. Ein mehrschichtiger Brandschutz bietet einen Rundumschutz.  <\/p>\n<\/li>\n<li class=\"yf-1jsc1up\">\n<p class=\"text text-block paragraph text-left neo-font-paragraph-xl-reg  yf-18d6y07\" style=\"text-decoration: none; font-style: normal; text-transform: none; text-align: inherit; font-variant-numeric: normal;\"><strong>Intelligenter Betrieb und Wartung:<\/strong> <strong>KI-Diagnosen<\/strong> erm\u00f6glichen eine Zustands\u00fcberwachung in Echtzeit, wodurch Ausfallzeiten minimiert und Ertr\u00e4ge maximiert werden.  <\/p>\n<\/li>\n<\/ul>\n<p class=\"text text-block paragraph text-left neo-font-paragraph-xl-reg  yf-18d6y07\" style=\"text-decoration: none; font-style: normal; text-transform: none; text-align: inherit; font-variant-numeric: normal;\"><strong>Benchmark f\u00fcr Gro\u00dfanlagen: Exzellenz in Luft- und Raumfahrt sowie terrestrischen Anwendungen<\/strong>  <\/p>\n<p class=\"text text-block paragraph text-left neo-font-paragraph-xl-reg  yf-18d6y07\" style=\"text-decoration: none; font-style: normal; text-transform: none; text-align: inherit; font-variant-numeric: normal;\">Bei Gro\u00dfprojekten schlie\u00dfen wir den Kreislauf von der Erzeugung bis zur Speicherung.  <\/p>\n<ul class=\"yf-1jsc1up\">\n<li class=\"yf-1jsc1up\">\n<p class=\"text text-block paragraph text-left neo-font-paragraph-xl-reg  yf-18d6y07\" style=\"text-decoration: none; font-style: normal; text-transform: none; text-align: inherit; font-variant-numeric: normal;\"><strong>Hyper-ion Pro-Module:<\/strong> Stellt <strong>740 Wp+<\/strong> Leistung mit <strong>90 % \u00b1 5 % Bifazialit\u00e4t <\/strong>und <strong>-0,24 %\/\u00b0C<\/strong> Temperaturkoeffizienten bereit. Mit einer <strong>30-j\u00e4hrigen Garantie<\/strong> (&gt;90 % Werterhalt).  <\/p>\n<\/li>\n<li class=\"yf-1jsc1up\">\n<p class=\"text text-block paragraph text-left neo-font-paragraph-xl-reg  yf-18d6y07\" style=\"text-decoration: none; font-style: normal; text-transform: none; text-align: inherit; font-variant-numeric: normal;\"><strong>Risen Flex Nova (pHJT):<\/strong> F\u00fcr den <strong>niedrigen Erdorbit (LEO)<\/strong> entwickelt. Durch den Einsatz <strong>ultrad\u00fcnner 70-\u03bcm-Wafer<\/strong> wird das Startgewicht von Satelliten drastisch reduziert, w\u00e4hrend gleichzeitig Strahlenresistenz geboten wird.  <\/p>\n<\/li>\n<li class=\"yf-1jsc1up\">\n<p class=\"text text-block paragraph text-left neo-font-paragraph-xl-reg  yf-18d6y07\" style=\"text-decoration: none; font-style: normal; text-transform: none; text-align: inherit; font-variant-numeric: normal;\"><strong>eFlex &amp; eTron 3.0 Pro:<\/strong> Bereitstellung von <strong>836 kWh \/ 6,26 MWh <\/strong>Speicher. Der eTron 3.0 Pro \u00fcberzeugt mit einem <strong>Wirkungsgrad von 99,3 % bei SiC-PCS <\/strong>und arbeitet einwandfrei in Umgebungen mit Temperaturen von <strong>-30 \u00b0C bis 55 \u00b0C<\/strong>.  <\/p>\n<\/li>\n<\/ul>\n","protected":false},"excerpt":{"rendered":"M\u00dcNCHEN, Deutschland, 25. Juni 2026 \/PRNewswire\/ &#8212; Wir freuen uns sehr, berichten zu k\u00f6nnen, dass die Intersolar Europe&hellip;\n","protected":false},"author":2,"featured_media":1146047,"comment_status":"","ping_status":"","sticky":false,"template":"","format":"standard","meta":{"footnotes":"","_share_on_mastodon":"0"},"categories":[3933],"tags":[240818,331,332,548,663,158,3934,3935,13,2950,14,15,21176,12],"class_list":["post-1146046","post","type-post","status-publish","format-standard","has-post-thumbnail","category-eu","tag-akku-der-hifz-serie","tag-aktuelle-nachrichten","tag-aktuelle-news","tag-eu","tag-europa","tag-europaeische-union","tag-europe","tag-european-union","tag-headlines","tag-messe-muenchen","tag-nachrichten","tag-news","tag-prnewswire","tag-schlagzeilen"],"share_on_mastodon":{"url":"https:\/\/pubeurope.com\/@de\/116871073977078445","error":""},"_links":{"self":[{"href":"https:\/\/www.europesays.com\/de\/wp-json\/wp\/v2\/posts\/1146046","targetHints":{"allow":["GET"]}}],"collection":[{"href":"https:\/\/www.europesays.com\/de\/wp-json\/wp\/v2\/posts"}],"about":[{"href":"https:\/\/www.europesays.com\/de\/wp-json\/wp\/v2\/types\/post"}],"author":[{"embeddable":true,"href":"https:\/\/www.europesays.com\/de\/wp-json\/wp\/v2\/users\/2"}],"replies":[{"embeddable":true,"href":"https:\/\/www.europesays.com\/de\/wp-json\/wp\/v2\/comments?post=1146046"}],"version-history":[{"count":0,"href":"https:\/\/www.europesays.com\/de\/wp-json\/wp\/v2\/posts\/1146046\/revisions"}],"wp:featuredmedia":[{"embeddable":true,"href":"https:\/\/www.europesays.com\/de\/wp-json\/wp\/v2\/media\/1146047"}],"wp:attachment":[{"href":"https:\/\/www.europesays.com\/de\/wp-json\/wp\/v2\/media?parent=1146046"}],"wp:term":[{"taxonomy":"category","embeddable":true,"href":"https:\/\/www.europesays.com\/de\/wp-json\/wp\/v2\/categories?post=1146046"},{"taxonomy":"post_tag","embeddable":true,"href":"https:\/\/www.europesays.com\/de\/wp-json\/wp\/v2\/tags?post=1146046"}],"curies":[{"name":"wp","href":"https:\/\/api.w.org\/{rel}","templated":true}]}}