{"id":1146053,"date":"2026-07-06T04:13:25","date_gmt":"2026-07-06T04:13:25","guid":{"rendered":"https:\/\/www.europesays.com\/de\/1146053\/"},"modified":"2026-07-06T04:13:25","modified_gmt":"2026-07-06T04:13:25","slug":"die-ruhe-vor-der-naechsten-hitzewelle-wann-deutschland-wieder-schwitzt-news","status":"publish","type":"post","link":"https:\/\/www.europesays.com\/de\/1146053\/","title":{"rendered":"Die Ruhe vor der n\u00e4chsten Hitzewelle: Wann Deutschland wieder schwitzt | News"},"content":{"rendered":"<p><a class=\"skip-content skip-content--link\" href=\"#in-content-skip-link-target-v-0-0\">TTS-Player \u00fcberspringen\u21b5<\/a><a id=\"in-content-skip-link-target-v-0-0\" class=\"skip-content--target-link-hidden skip-content skip-content--target-link\" href=\"#in-content-skip-link-target-v-0-0\">Artikel weiterlesen<\/a><\/p>\n<p data-bbd632a7=\"0-767\"><b>Die neue Woche startet mit \u00fcberwiegend freundlichem Sommerwetter und angenehm warmen Temperaturen. Schauer und Gewitter ziehen zwar gebietsweise durch, verschwinden aber meist schnell wieder. Doch die Ruhe k\u00f6nnte tr\u00fcgerisch sein: Experten sehen bereits die n\u00e4chste Hitzewelle auf Deutschland zurollen.<\/b><\/p>\n<p data-bbd632a7=\"0-767\">Im Norden und Osten liegen die Temperaturen laut Deutschem Wetterdienst (DWD) am Montag bei 19 bis 23 Grad, im Westen und S\u00fcden bei 27 Grad und im S\u00fcdwesten bei 30 Grad. Es bleibt bew\u00f6lkt, im S\u00fcden und S\u00fcdwesten blitzt die Sonne aber immer wieder durch.<\/p>\n<p>Wetter in Deutschland zweigeteilt<\/p>\n<p data-bbd632a7=\"0-767\">Diplom-Meteorologe Dominik Jung zu BILD: \u201eDas Grundmuster bleibt zweigeteilt: <a href=\"https:\/\/www.bild.de\/themen\/orte\/deutschland\/nachrichten-news-fotos-videos-17266634.bild.html\" class=\"text-link\" rel=\"nofollow noopener\" target=\"_blank\">Deutschland<\/a> liegt weiterhin zwischen einem Skandinavien-Tief und einem Keil des Azorenhochs. Daraus ergibt sich eine nordwestliche Str\u00f6mung \u2013 im Norden und Nordosten wechselhaft, windig und st\u00e4rker bew\u00f6lkt, im S\u00fcden und S\u00fcdwesten h\u00e4ufiger Sonne und trocken.\u201c Es komme zu einzelnen Schauern und Gewittern, an den K\u00fcsten auch zu st\u00fcrmischen B\u00f6en. Verbreiteter Landregen oder Unwetter erwartet der <a href=\"https:\/\/www.bild.de\/news\/aktuelles\/wetter\/wetter-alle-infos-78213998.bild.html\" class=\"text-link\" rel=\"nofollow noopener\" target=\"_blank\">Wetterexperte<\/a> allerdings nicht.<\/p>\n<p><img decoding=\"async\" width=\"992\" height=\"646\" alt=\"Die Karte zeigt die \u201eZweiteilung\u201c in Deutschland am Montag. Im Norden und Osten Wolken und Schauer, im Rest Deutschlands bleibt es trocken\" loading=\"lazy\" src=\"https:\/\/www.europesays.com\/de\/wp-content\/uploads\/2026\/07\/1b66fb06d92ca8c0abb1c32620545947,104d4cd5.jpeg\"   class=\"dynamic\"\/><\/p>\n<p class=\"fig__caption__text\">Am Montag werden im Norden und Osten Wolken und Schauer erwartet, im Rest Deutschlands bleibt es trocken<\/p>\n<p>Foto: dwd<\/p>\n<p>Wann die Hitze wo zur\u00fcckkommt<\/p>\n<p data-bbd632a7=\"768-1535\">Im Laufe der Woche steigen die Temperaturen laut DWD dann bundesweit t\u00e4glich um etwa 2\u00a0Grad an. Am Dienstag sollen es 20 Grad im Norden und Osten, im S\u00fcden 30 Grad und in der Mitte Deutschlands sogar 32 Grad werden. \u201eLangsam <a href=\"https:\/\/www.bild.de\/news\/wetter\/wetter-krimi-in-deutschland-kommt-die-gluthitze-zurueck-6a422f28113e90346dc50c52\" class=\"text-link\" rel=\"nofollow noopener\" target=\"_blank\">schleicht sich die Hitze von S\u00fcdwesten an<\/a>. Am Mittwoch werden es schon 33 bis 35 Grad am Rhein sein\u201c, sagt Klimatologe Dr. Karsten Brandt gegen\u00fcber BILD.<\/p>\n<p><img decoding=\"async\" width=\"992\" height=\"506\" alt=\"Dienstag, Mittwoch und Donnerstag wird das Wetter zunehmend besser, die Sonne setzt sich durch, die Temperaturen klettern nach oben\" loading=\"lazy\" src=\"https:\/\/www.europesays.com\/de\/wp-content\/uploads\/2026\/07\/27cdb424db5ade8becb48f6ef63a8b84,269e2be2.jpeg\"   class=\"dynamic\"\/><\/p>\n<p class=\"fig__caption__text\">Das Wetter wird im Laufe der Woche zunehmend besser \u2013 die Temperaturen klettern immer weiter nach oben<\/p>\n<p>Foto: dwd<\/p>\n<p data-bbd632a7=\"768-1535\">Jung best\u00e4tigt: \u201eF\u00fcr den S\u00fcdwesten zeichnet sich zum Ende der kommenden Woche eine zunehmende W\u00e4rmebelastung bzw. der Aufbau einer neuen <a href=\"https:\/\/www.bild.de\/news\/wetter\/hitzewelle\/thema-hitzewelle-alle-infos-80747866.bild.html\" class=\"text-link\" rel=\"nofollow noopener\" target=\"_blank\">Hitzewelle<\/a> ab. Das europ\u00e4ische Modell (ECMWF) rechnet dabei mit einer R\u00fcckkehr des Hochsommers, das amerikanische Modell ist noch zur\u00fcckhaltender. Vorsichtig formuliert: Der S\u00fcdwesten d\u00fcrfte als Erstes wieder deutlich \u00fcber die 30-Grad-Marke klettern.\u201c<\/p>\n<p><img decoding=\"async\" width=\"992\" height=\"1314\" alt=\"Die erwarteten Temperaturen f\u00fcr den Freitag und das durchgehend sonnige Wetter k\u00f6nnten der Beginn einer neuen Hitzewelle in Deutschland sein\" loading=\"lazy\" src=\"https:\/\/www.europesays.com\/de\/wp-content\/uploads\/2026\/07\/eb4adb305b304bbbe043ee0c859aa88b,cb472524.jpeg\"   class=\"dynamic\"\/><\/p>\n<p class=\"fig__caption__text\">Die Wetterkarte zeigt die Temperaturen am Freitag: Ist das der Beginn einer neuen Hitzewelle?<\/p>\n<p>Foto: BILD-Wetter<\/p>\n<p>Wie es mit dem Sommer weitergeht<\/p>\n<p data-bbd632a7=\"1536-2326\">Auch wenn sich die Prognose durchsetzt, bleibt es unklar, wie lang die neue Hitzewelle dauern wird. \u201eOb daraus die dritte gro\u00dfe Hitzewelle des Jahres wird, entscheidet sich in den n\u00e4chsten Tagen. Sie f\u00e4llt in den <a href=\"https:\/\/www.bild.de\/news\/wetter\/rekordhitze-am-siebenschlaefertag-ist-der-glut-sommer-damit-besiegelt-6a3e3f09113e90346dc4d9cd\" class=\"text-link\" rel=\"nofollow noopener\" target=\"_blank\">Siebenschl\u00e4fer-Zeitraum<\/a> (bis 10. Juli), der erfahrungsgem\u00e4\u00df eine gewisse Weichenstellung f\u00fcr den weiteren <a href=\"https:\/\/www.bild.de\/themen\/specials\/sommer\/news-fotos-videos-23945572.bild.html\" class=\"text-link\" rel=\"nofollow noopener\" target=\"_blank\">Sommerverlauf<\/a> mitbringt\u201c, erkl\u00e4rt der Diplom-Meteorologe.<\/p>\n<p><b>EXPERTEN IN DIESEM TEXT<\/b><\/p>\n<p><b>Dominik Jung <\/b>ist Diplom-Meteorologe und Klimaexperte beim Online-Portal und der App wetter.net. Er ist Gesch\u00e4ftsf\u00fchrer bei Q-met und betreibt einen YouTube-Kanal, auf dem er t\u00e4glich das aktuelle Wetter vorstellt.<\/p>\n<p><b>Dr. Karsten Brandt<\/b> promovierte an der Universit\u00e4t Duisburg-Essen im Bereich der Klimatologie zum Doktor der Naturwissenschaften. Er verfasste mehrere B\u00fccher zum Thema Wetter und ist au\u00dferdem Gr\u00fcnder und Gesch\u00e4ftsf\u00fchrer des Portals Donnerwetter.de.<\/p>\n","protected":false},"excerpt":{"rendered":"TTS-Player \u00fcberspringen\u21b5Artikel weiterlesen Die neue Woche startet mit \u00fcberwiegend freundlichem Sommerwetter und angenehm warmen Temperaturen. Schauer und Gewitter&hellip;\n","protected":false},"author":2,"featured_media":1146054,"comment_status":"","ping_status":"","sticky":false,"template":"","format":"standard","meta":{"footnotes":"","_share_on_mastodon":"0"},"categories":[2],"tags":[331,3924,332,3922,3364,950,29,5863,30,19634,13,57023,18113,73728,1563,17362,14,3923,15,3921,10328,12,185455,2715,14814,1973,2257,17363,2255],"class_list":["post-1146053","post","type-post","status-publish","format-standard","has-post-thumbnail","category-deutschland","tag-aktuelle-nachrichten","tag-aktuelle-nachrichten-aus-deutschland","tag-aktuelle-news","tag-aktuelle-news-aus-deutschland","tag-de","tag-deutscher-wetterdienst","tag-deutschland","tag-experten","tag-germany","tag-gewitter","tag-headlines","tag-heiss","tag-hitzewelle","tag-hunting-carina","tag-klima","tag-meteorologie","tag-nachrichten","tag-nachrichten-aus-deutschland","tag-news","tag-news-aus-deutschland","tag-regen","tag-schlagzeilen","tag-seo-first","tag-sommer","tag-sonnenschein","tag-wetter","tag-wetterlage","tag-wetterphaenomene","tag-wettervorhersage"],"share_on_mastodon":{"url":"","error":"Validation failed: Text character limit of 500 exceeded"},"_links":{"self":[{"href":"https:\/\/www.europesays.com\/de\/wp-json\/wp\/v2\/posts\/1146053","targetHints":{"allow":["GET"]}}],"collection":[{"href":"https:\/\/www.europesays.com\/de\/wp-json\/wp\/v2\/posts"}],"about":[{"href":"https:\/\/www.europesays.com\/de\/wp-json\/wp\/v2\/types\/post"}],"author":[{"embeddable":true,"href":"https:\/\/www.europesays.com\/de\/wp-json\/wp\/v2\/users\/2"}],"replies":[{"embeddable":true,"href":"https:\/\/www.europesays.com\/de\/wp-json\/wp\/v2\/comments?post=1146053"}],"version-history":[{"count":0,"href":"https:\/\/www.europesays.com\/de\/wp-json\/wp\/v2\/posts\/1146053\/revisions"}],"wp:featuredmedia":[{"embeddable":true,"href":"https:\/\/www.europesays.com\/de\/wp-json\/wp\/v2\/media\/1146054"}],"wp:attachment":[{"href":"https:\/\/www.europesays.com\/de\/wp-json\/wp\/v2\/media?parent=1146053"}],"wp:term":[{"taxonomy":"category","embeddable":true,"href":"https:\/\/www.europesays.com\/de\/wp-json\/wp\/v2\/categories?post=1146053"},{"taxonomy":"post_tag","embeddable":true,"href":"https:\/\/www.europesays.com\/de\/wp-json\/wp\/v2\/tags?post=1146053"}],"curies":[{"name":"wp","href":"https:\/\/api.w.org\/{rel}","templated":true}]}}