{"id":1146245,"date":"2026-07-06T06:04:16","date_gmt":"2026-07-06T06:04:16","guid":{"rendered":"https:\/\/www.europesays.com\/de\/1146245\/"},"modified":"2026-07-06T06:04:16","modified_gmt":"2026-07-06T06:04:16","slug":"waiblingen-freizeittipp-waehrend-der-ferien-das-erlebniswochenende-der-stadt-nachrichten-aus-waiblingen","status":"publish","type":"post","link":"https:\/\/www.europesays.com\/de\/1146245\/","title":{"rendered":"Waiblingen: Freizeittipp w\u00e4hrend der Ferien? Das \u201eErlebniswochenende\u201c der Stadt &#8211; Nachrichten aus Waiblingen"},"content":{"rendered":"<p><strong>Waiblingen. <\/strong> Das Erlebniswochenende der Stadt Waiblingen findet vom 14. bis zum 16. August 2026 statt. F\u00fcr Waiblinger, die w\u00e4hrend der Sommerferien zu Hause sind, ist das ein echter Freizeittipp. Das Wochenende h\u00e4lt laut der Stadt zahlreiche kulinarische Highlights bereit. Lohnt es sich also jetzt schon zu planen? Alle Informationen zu den Angeboten und der Anmeldung finden Sie hier.<\/p>\n<p>Kanufahrt auf dem Wasser<\/p>\n<p>Laut Pressemitteilung der Stadt Waiblingen gibt es an<\/p>\n","protected":false},"excerpt":{"rendered":"Waiblingen. Das Erlebniswochenende der Stadt Waiblingen findet vom 14. bis zum 16. August 2026 statt. F\u00fcr Waiblinger, die&hellip;\n","protected":false},"author":2,"featured_media":1146246,"comment_status":"","ping_status":"","sticky":false,"template":"","format":"standard","meta":{"footnotes":"","_share_on_mastodon":"0"},"categories":[1830],"tags":[242,1634,3364,29,70740,3688,26094,30,7789,151936,1441,193537,9887],"class_list":["post-1146245","post","type-post","status-publish","format-standard","has-post-thumbnail","category-stuttgart","tag-242","tag-baden-wuerttemberg","tag-de","tag-deutschland","tag-erlebniswochenende","tag-essen","tag-food","tag-germany","tag-programm","tag-programm-2026","tag-stuttgart","tag-un_hilf-mir-im-alltag","tag-waiblingen"],"share_on_mastodon":{"url":"https:\/\/pubeurope.com\/@de\/116871526315999230","error":""},"_links":{"self":[{"href":"https:\/\/www.europesays.com\/de\/wp-json\/wp\/v2\/posts\/1146245","targetHints":{"allow":["GET"]}}],"collection":[{"href":"https:\/\/www.europesays.com\/de\/wp-json\/wp\/v2\/posts"}],"about":[{"href":"https:\/\/www.europesays.com\/de\/wp-json\/wp\/v2\/types\/post"}],"author":[{"embeddable":true,"href":"https:\/\/www.europesays.com\/de\/wp-json\/wp\/v2\/users\/2"}],"replies":[{"embeddable":true,"href":"https:\/\/www.europesays.com\/de\/wp-json\/wp\/v2\/comments?post=1146245"}],"version-history":[{"count":0,"href":"https:\/\/www.europesays.com\/de\/wp-json\/wp\/v2\/posts\/1146245\/revisions"}],"wp:featuredmedia":[{"embeddable":true,"href":"https:\/\/www.europesays.com\/de\/wp-json\/wp\/v2\/media\/1146246"}],"wp:attachment":[{"href":"https:\/\/www.europesays.com\/de\/wp-json\/wp\/v2\/media?parent=1146245"}],"wp:term":[{"taxonomy":"category","embeddable":true,"href":"https:\/\/www.europesays.com\/de\/wp-json\/wp\/v2\/categories?post=1146245"},{"taxonomy":"post_tag","embeddable":true,"href":"https:\/\/www.europesays.com\/de\/wp-json\/wp\/v2\/tags?post=1146245"}],"curies":[{"name":"wp","href":"https:\/\/api.w.org\/{rel}","templated":true}]}}