{"id":1146301,"date":"2026-07-06T06:35:21","date_gmt":"2026-07-06T06:35:21","guid":{"rendered":"https:\/\/www.europesays.com\/de\/1146301\/"},"modified":"2026-07-06T06:35:21","modified_gmt":"2026-07-06T06:35:21","slug":"stadt-ratingen-erklaert-eltern-neue-ogs-beitraege","status":"publish","type":"post","link":"https:\/\/www.europesays.com\/de\/1146301\/","title":{"rendered":"Stadt Ratingen erkl\u00e4rt Eltern neue OGS-Beitr\u00e4ge \u00a0"},"content":{"rendered":"<p class=\"text_ohne_einzug richtext text-em-55 !leading-serif mx-6 desktop:mx-0\"> Keine Frage: Es waren politisch umstrittene Entscheidungen, doch letztlich gab es einen breiten Konsens. Nach dem Ratsbeschluss zur Anpassung der OGS-Beitr\u00e4ge vom 19. Mai informiert die Stadtverwaltung nun in einem Brief an alle Eltern und Erziehungsberechtigten \u00fcber die wesentlichen \u00c4nderungen, die mit der Neufassung der Satzung \u00fcber die Erhebung von Elternbeitr\u00e4gen mit Blick auf die Offenen Ganztagsschulen (OGS) einhergehen. Die ge\u00e4nderte Satzung gilt ab 1. August 2026.<\/p>\n","protected":false},"excerpt":{"rendered":"Keine Frage: Es waren politisch umstrittene Entscheidungen, doch letztlich gab es einen breiten Konsens. Nach dem Ratsbeschluss zur&hellip;\n","protected":false},"author":2,"featured_media":1146302,"comment_status":"","ping_status":"","sticky":false,"template":"","format":"standard","meta":{"footnotes":"","_share_on_mastodon":"0"},"categories":[1853],"tags":[19939,18182,242,1424,113078,10894,45725,240890,240889,225637,3364,29,178220,548,663,3934,92276,30,222958,13,1460,10241,14,15,1209,40763,86644,36247,12,240888],"class_list":["post-1146301","post","type-post","status-publish","format-standard","has-post-thumbnail","category-aachen","tag-betreuung","tag-ogs","tag-242","tag-aachen","tag-anpassung","tag-beitrag","tag-beitraege","tag-beitragsfrei","tag-beitragspflichtige","tag-betreuungszeiten","tag-de","tag-deutschland","tag-elternbeitraegen","tag-eu","tag-europa","tag-europe","tag-ferienbetreuung","tag-germany","tag-geschwisterkind","tag-headlines","tag-kind","tag-kompromiss","tag-nachrichten","tag-news","tag-nordrhein-westfalen","tag-offenen","tag-rechtsanspruch","tag-satzung","tag-schlagzeilen","tag-wochenbeitrag"],"share_on_mastodon":{"url":"https:\/\/pubeurope.com\/@de\/116871648082980306","error":""},"_links":{"self":[{"href":"https:\/\/www.europesays.com\/de\/wp-json\/wp\/v2\/posts\/1146301","targetHints":{"allow":["GET"]}}],"collection":[{"href":"https:\/\/www.europesays.com\/de\/wp-json\/wp\/v2\/posts"}],"about":[{"href":"https:\/\/www.europesays.com\/de\/wp-json\/wp\/v2\/types\/post"}],"author":[{"embeddable":true,"href":"https:\/\/www.europesays.com\/de\/wp-json\/wp\/v2\/users\/2"}],"replies":[{"embeddable":true,"href":"https:\/\/www.europesays.com\/de\/wp-json\/wp\/v2\/comments?post=1146301"}],"version-history":[{"count":0,"href":"https:\/\/www.europesays.com\/de\/wp-json\/wp\/v2\/posts\/1146301\/revisions"}],"wp:featuredmedia":[{"embeddable":true,"href":"https:\/\/www.europesays.com\/de\/wp-json\/wp\/v2\/media\/1146302"}],"wp:attachment":[{"href":"https:\/\/www.europesays.com\/de\/wp-json\/wp\/v2\/media?parent=1146301"}],"wp:term":[{"taxonomy":"category","embeddable":true,"href":"https:\/\/www.europesays.com\/de\/wp-json\/wp\/v2\/categories?post=1146301"},{"taxonomy":"post_tag","embeddable":true,"href":"https:\/\/www.europesays.com\/de\/wp-json\/wp\/v2\/tags?post=1146301"}],"curies":[{"name":"wp","href":"https:\/\/api.w.org\/{rel}","templated":true}]}}