{"id":1146317,"date":"2026-07-06T06:45:16","date_gmt":"2026-07-06T06:45:16","guid":{"rendered":"https:\/\/www.europesays.com\/de\/1146317\/"},"modified":"2026-07-06T06:45:16","modified_gmt":"2026-07-06T06:45:16","slug":"ludwigshafen-wohnungsbrand-mit-menschenrettung","status":"publish","type":"post","link":"https:\/\/www.europesays.com\/de\/1146317\/","title":{"rendered":"Ludwigshafen &#8211; Wohnungsbrand mit Menschenrettung"},"content":{"rendered":"<p><a href=\"https:\/\/www.europesays.com\/de\/wp-content\/uploads\/2026\/07\/Feuerwehr_archiv-4.jpg\"><img loading=\"lazy\" decoding=\"async\" src=\"https:\/\/www.europesays.com\/de\/wp-content\/uploads\/2026\/07\/Feuerwehr_archiv-4.jpg\" alt=\"Feuerwehr archiv\" width=\"926\" height=\"472\" class=\"aligncenter size-full wp-image-644429\"  \/><\/a>Ludwigshafen \/ Metropolregion Rhein-Neckar \u2013 (ots) (LB) am 05.07.2026 wurde die Feuerwehr Ludwigshafen zu einem Wohnungsbrand mit Menschenrettung in der Bayreuther Stra\u00dfe im Stadtteil West alarmiert.<\/p>\n<p>Beim Eintreffen der Einsatzkr\u00e4fte brannte ein Zimmer im 2. Obergeschoss eines Mehrfamilienhauses. Eine Person befand sich am Fenster der betroffenen Wohnung und wurde umgehend \u00fcber die Drehleiter gerettet.<\/p>\n<p>Parallel zur Menschenrettung leiteten mehrere Trupps unter Atemschutz die Brandbek\u00e4mpfung ein. Durch das schnelle und koordinierte Eingreifen konnte das Feuer z\u00fcgig unter Kontrolle gebracht und eine Ausbreitung verhindert werden.<\/p>\n<p>Weitere Personen befanden sich nicht in der Brandwohnung. Die angrenzenden Wohnungen sowie die \u00fcbrigen R\u00e4umlichkeiten des Geschosses wurden anschlie\u00dfend kontrolliert. Abschlie\u00dfend wurde das gesamte Geschoss entraucht.<\/p>\n<p>Der Mieter wurde durch den Rettungsdienst untersucht, musste jedoch nicht in ein Krankenhaus transportiert werden. Die Brandwohnung ist aufgrund der entstandenen Sch\u00e4den derzeit unbewohnbar.<\/p>\n<p>Im Einsatz waren die Feuerwehr Ludwigshafen mit 21 Einsatzkr\u00e4ften und 6 Fahrzeugen der Berufsfeuerwehr, der Rettungsdienst mit drei Fahrzeugen und die Polizei.<\/p>\n<p>R\u00fcckfragen bitte an:<\/p>\n<p>Feuerwehr Ludwigshafen<\/p>\n<p class=\"post-modified-info\">Zuletzt aktualisiert am 6. Juli 2026, 08:29<\/p>\n","protected":false},"excerpt":{"rendered":"Ludwigshafen \/ Metropolregion Rhein-Neckar \u2013 (ots) (LB) am 05.07.2026 wurde die Feuerwehr Ludwigshafen zu einem Wohnungsbrand mit Menschenrettung&hellip;\n","protected":false},"author":2,"featured_media":1146318,"comment_status":"","ping_status":"","sticky":false,"template":"","format":"standard","meta":{"footnotes":"","_share_on_mastodon":"0"},"categories":[1845],"tags":[14589,1634,3364,29,588,9032,548,663,3934,20372,987,239097,30,13,11532,3263,25476,2096,25488,25489,14,14480,15,23148,121,3906,5206,28951,12,626,5337,2537],"class_list":["post-1146317","post","type-post","status-publish","format-standard","has-post-thumbnail","category-mannheim","tag-14589","tag-baden-wuerttemberg","tag-de","tag-deutschland","tag-einsatz","tag-einsatzkraefte","tag-eu","tag-europa","tag-europe","tag-fenster","tag-feuer","tag-feuerwehr-ludwigshafen","tag-germany","tag-headlines","tag-kontrolle","tag-krankenhaus","tag-ludwigshafen","tag-mannheim","tag-metropolregion","tag-metropolregion-rhein-neckar","tag-nachrichten","tag-neckar","tag-news","tag-personen","tag-polizei","tag-rettungsdienst","tag-rhein","tag-rhein-neckar","tag-schlagzeilen","tag-wohnung","tag-wohnungen","tag-wohnungsbrand"],"share_on_mastodon":{"url":"https:\/\/pubeurope.com\/@de\/116871689033584289","error":""},"_links":{"self":[{"href":"https:\/\/www.europesays.com\/de\/wp-json\/wp\/v2\/posts\/1146317","targetHints":{"allow":["GET"]}}],"collection":[{"href":"https:\/\/www.europesays.com\/de\/wp-json\/wp\/v2\/posts"}],"about":[{"href":"https:\/\/www.europesays.com\/de\/wp-json\/wp\/v2\/types\/post"}],"author":[{"embeddable":true,"href":"https:\/\/www.europesays.com\/de\/wp-json\/wp\/v2\/users\/2"}],"replies":[{"embeddable":true,"href":"https:\/\/www.europesays.com\/de\/wp-json\/wp\/v2\/comments?post=1146317"}],"version-history":[{"count":0,"href":"https:\/\/www.europesays.com\/de\/wp-json\/wp\/v2\/posts\/1146317\/revisions"}],"wp:featuredmedia":[{"embeddable":true,"href":"https:\/\/www.europesays.com\/de\/wp-json\/wp\/v2\/media\/1146318"}],"wp:attachment":[{"href":"https:\/\/www.europesays.com\/de\/wp-json\/wp\/v2\/media?parent=1146317"}],"wp:term":[{"taxonomy":"category","embeddable":true,"href":"https:\/\/www.europesays.com\/de\/wp-json\/wp\/v2\/categories?post=1146317"},{"taxonomy":"post_tag","embeddable":true,"href":"https:\/\/www.europesays.com\/de\/wp-json\/wp\/v2\/tags?post=1146317"}],"curies":[{"name":"wp","href":"https:\/\/api.w.org\/{rel}","templated":true}]}}