{"id":1146367,"date":"2026-07-06T07:17:52","date_gmt":"2026-07-06T07:17:52","guid":{"rendered":"https:\/\/www.europesays.com\/de\/1146367\/"},"modified":"2026-07-06T07:17:52","modified_gmt":"2026-07-06T07:17:52","slug":"schuetzenfest-schuetzen-ziehen-vor-150-000-zuschauern-durch-hannover-kultur","status":"publish","type":"post","link":"https:\/\/www.europesays.com\/de\/1146367\/","title":{"rendered":"Sch\u00fctzenfest &#8211; Sch\u00fctzen ziehen vor 150.000 Zuschauern durch Hannover &#8211; Kultur"},"content":{"rendered":"<p data-manual=\"paragraph\" data-schema-org-speakable=\"true\" class=\"css-1eosz7k\">Hannover (dpa\/lni) &#8211; Vor rund 150.000 Zuschauern ist der traditionelle Sch\u00fctzenausmarsch durch Hannover gezogen. Sch\u00fctzenvereine und Musikgruppen marschierten und fuhren vom Neuen Rathaus durch die Innenstadt bis zum Festplatz.\u00a0<\/p>\n<p data-manual=\"paragraph\" data-schema-org-speakable=\"true\" class=\"css-1eosz7k\">Vor einem Jahr waren es etwa 180.000 Zuschauer. Die Veranstalter z\u00e4hlten zudem rund 10.000 Teilnehmer und Teilnehmerinnen an dem Sch\u00fctzenausmarsch. Am Freitag wurde das 497. Sch\u00fctzenfest offiziell er\u00f6ffnet. Bis zum 12. Juli erwarten die Veranstalter wieder hunderttausende Besucher in der Landeshauptstadt.<\/p>\n<p data-manual=\"paragraph\" data-schema-org-speakable=\"true\" class=\"css-1eosz7k\">\u201eDer Ausmarsch ist stets das Highlight des Sch\u00fctzenfestes\u201c, sagte Hannovers Oberb\u00fcrgermeister Belit Onay. \u201eDie ganze Stadt feiert mit und macht diesen Sonntag zu einem gemeinsamen Erlebnis\u201c, sagte der Gr\u00fcnen-Politiker. \u201eUnser traditioneller Zug ist laut, bunt, fr\u00f6hlich und eben ganz typisch hannoversch.\u201c\u00a0<\/p>\n<p data-manual=\"paragraph\" data-schema-org-speakable=\"true\" class=\"css-1eosz7k\">Das Fest lockt mit zahlreichen Fahrgesch\u00e4ften und Attraktionen sowie Festzelten. Im vergangenen Jahr besuchten etwa 800.000 Menschen das Fest in Hannover, ein Jahr zuvor waren es rund 650.000 Besucher. Das Sch\u00fctzenfest Hannover ist nach Angaben der Landeshauptstadt das weltweit gr\u00f6\u00dfte seiner Art.<\/p>\n<p data-manual=\"paragraph\" data-schema-org-speakable=\"true\" class=\"css-1eosz7k\">\u00a9 dpa-infocom, dpa:260705-930-337362\/1<\/p>\n","protected":false},"excerpt":{"rendered":"Hannover (dpa\/lni) &#8211; Vor rund 150.000 Zuschauern ist der traditionelle Sch\u00fctzenausmarsch durch Hannover gezogen. Sch\u00fctzenvereine und Musikgruppen marschierten&hellip;\n","protected":false},"author":2,"featured_media":1146368,"comment_status":"","ping_status":"","sticky":false,"template":"","format":"standard","meta":{"footnotes":"","_share_on_mastodon":"0"},"categories":[1836],"tags":[17274,3364,29,22935,20785,30,46,80,1411,76502,149],"class_list":["post-1146367","post","type-post","status-publish","format-standard","has-post-thumbnail","category-hannover","tag-brauchtum","tag-de","tag-deutschland","tag-fest-kultur","tag-feste","tag-germany","tag-hannover","tag-kultur","tag-niedersachsen","tag-schuetzenplatz-hannover","tag-sueddeutsche-zeitung"],"share_on_mastodon":{"url":"https:\/\/pubeurope.com\/@de\/116871817385875093","error":""},"_links":{"self":[{"href":"https:\/\/www.europesays.com\/de\/wp-json\/wp\/v2\/posts\/1146367","targetHints":{"allow":["GET"]}}],"collection":[{"href":"https:\/\/www.europesays.com\/de\/wp-json\/wp\/v2\/posts"}],"about":[{"href":"https:\/\/www.europesays.com\/de\/wp-json\/wp\/v2\/types\/post"}],"author":[{"embeddable":true,"href":"https:\/\/www.europesays.com\/de\/wp-json\/wp\/v2\/users\/2"}],"replies":[{"embeddable":true,"href":"https:\/\/www.europesays.com\/de\/wp-json\/wp\/v2\/comments?post=1146367"}],"version-history":[{"count":0,"href":"https:\/\/www.europesays.com\/de\/wp-json\/wp\/v2\/posts\/1146367\/revisions"}],"wp:featuredmedia":[{"embeddable":true,"href":"https:\/\/www.europesays.com\/de\/wp-json\/wp\/v2\/media\/1146368"}],"wp:attachment":[{"href":"https:\/\/www.europesays.com\/de\/wp-json\/wp\/v2\/media?parent=1146367"}],"wp:term":[{"taxonomy":"category","embeddable":true,"href":"https:\/\/www.europesays.com\/de\/wp-json\/wp\/v2\/categories?post=1146367"},{"taxonomy":"post_tag","embeddable":true,"href":"https:\/\/www.europesays.com\/de\/wp-json\/wp\/v2\/tags?post=1146367"}],"curies":[{"name":"wp","href":"https:\/\/api.w.org\/{rel}","templated":true}]}}