{"id":1146445,"date":"2026-07-06T08:00:20","date_gmt":"2026-07-06T08:00:20","guid":{"rendered":"https:\/\/www.europesays.com\/de\/1146445\/"},"modified":"2026-07-06T08:00:20","modified_gmt":"2026-07-06T08:00:20","slug":"was-wird-aus-der-schweriner-bmk-halle-stadt-prueft-konzepte","status":"publish","type":"post","link":"https:\/\/www.europesays.com\/de\/1146445\/","title":{"rendered":"Was wird aus der Schweriner BMK Halle? Stadt pr\u00fcft Konzepte"},"content":{"rendered":"<p>\n                Stand: 06.07.2026 09:56 Uhr<\/p>\n<p>                    <a href=\"https:\/\/www.europesays.com\/de\/wp-content\/uploads\/2026\/07\/mvfoto-6946.webp\" class=\"zoomimage\" title=\"Bild vergr\u00f6\u00dfern\"><\/p>\n<p>        <img decoding=\"async\" src=\"https:\/\/www.europesays.com\/de\/wp-content\/uploads\/2026\/07\/mvfoto-6946.webp\" alt=\"Eine alte Sporthalle.\" title=\"Die BMK Halle in der Weststadt muss saniert werden. | NDR, Andreas Lu\u00dfky\" class=\"responsive\" loading=\"lazy\"\/><\/p>\n<p>                    <\/a><\/p>\n<p>                    Die BMK Halle in der Weststadt muss saniert werden.<\/p>\n<p class=\"\">Die BMK Halle im Stadtteil Weststadt soll in zwei Jahren verpachtet werden. Die Stadtverwaltung hat f\u00fcnf Nutzungskonzepte erhalten, sagte eine Sprecherin. Die Ideen: die Sporthalle als Skaterhalle, Beachhalle, Boulderhalle, Tennis- oder Kampfsporthalle zu nutzen. Die Konzepte enthalten auch Ans\u00e4tze zur kulturellen Nutzung als Treffpunkt oder f\u00fcr Veranstaltungen. Die Stadt will sich jetzt f\u00fcr das aus ihrer Sicht beste Konzept entscheiden und daf\u00fcr Bewertungskriterien erarbeiten, so die Sprecherin weiter. Derzeit wird die Halle noch von Schulklassen und Vereinen genutzt. Die sollen ab 2028 in eine neue Sporthalle umziehen, die bis dahin fertig sein soll. Die neuen Nutzer der alten BMK Halle werden vor der Herausforderung stehen, sie auch zu sanieren. Das werde die Stadt nicht \u00fcbernehmen, erg\u00e4nzte die Sprecherin.<\/p>\n<p>        <img decoding=\"async\" src=\"https:\/\/www.europesays.com\/de\/wp-content\/uploads\/2026\/05\/google-392.webp\" alt=\"Ein Mann sitzt mit aufgesetzten Kopfh\u00f6rern vor einem Laptop, der die Website von Google zeigt\" title=\"Ein Mann sitzt mit aufgesetzten Kopfh\u00f6rern vor einem Laptop, der die Website von Google zeigt | Colourbox\" class=\"responsive\" loading=\"lazy\"\/><\/p>\n<p>Sie w\u00fcnschen sich Informationen aus einer seri\u00f6sen Quelle? Dann legen Sie NDR.de bei Google als bevorzugte Nachrichten-Quelle fest.<\/p>\n<p>        Schlagw\u00f6rter zu diesem Artikel<\/p>\n<p>            <a href=\"https:\/\/www.ndr.de\/nachrichten\/mecklenburg-vorpommern\/Schwerin,schwerin922.html\" rel=\"nofollow noopener\" target=\"_blank\">Schwerin<\/a><\/p>\n","protected":false},"excerpt":{"rendered":"Stand: 06.07.2026 09:56 Uhr Die BMK Halle in der Weststadt muss saniert werden. Die BMK Halle im Stadtteil&hellip;\n","protected":false},"author":2,"featured_media":1146446,"comment_status":"","ping_status":"","sticky":false,"template":"","format":"standard","meta":{"footnotes":"","_share_on_mastodon":"0"},"categories":[1860],"tags":[3364,29,548,663,3934,30,4062,17332,13,1351,14,15,17331,860,12,14844],"class_list":["post-1146445","post","type-post","status-publish","format-standard","has-post-thumbnail","category-halle-saale","tag-de","tag-deutschland","tag-eu","tag-europa","tag-europe","tag-germany","tag-halle","tag-halle-saale","tag-headlines","tag-mecklenburg-vorpommern","tag-nachrichten","tag-news","tag-saale","tag-sachsen-anhalt","tag-schlagzeilen","tag-schwerin"],"share_on_mastodon":{"url":"https:\/\/pubeurope.com\/@de\/116871984015550560","error":""},"_links":{"self":[{"href":"https:\/\/www.europesays.com\/de\/wp-json\/wp\/v2\/posts\/1146445","targetHints":{"allow":["GET"]}}],"collection":[{"href":"https:\/\/www.europesays.com\/de\/wp-json\/wp\/v2\/posts"}],"about":[{"href":"https:\/\/www.europesays.com\/de\/wp-json\/wp\/v2\/types\/post"}],"author":[{"embeddable":true,"href":"https:\/\/www.europesays.com\/de\/wp-json\/wp\/v2\/users\/2"}],"replies":[{"embeddable":true,"href":"https:\/\/www.europesays.com\/de\/wp-json\/wp\/v2\/comments?post=1146445"}],"version-history":[{"count":0,"href":"https:\/\/www.europesays.com\/de\/wp-json\/wp\/v2\/posts\/1146445\/revisions"}],"wp:featuredmedia":[{"embeddable":true,"href":"https:\/\/www.europesays.com\/de\/wp-json\/wp\/v2\/media\/1146446"}],"wp:attachment":[{"href":"https:\/\/www.europesays.com\/de\/wp-json\/wp\/v2\/media?parent=1146445"}],"wp:term":[{"taxonomy":"category","embeddable":true,"href":"https:\/\/www.europesays.com\/de\/wp-json\/wp\/v2\/categories?post=1146445"},{"taxonomy":"post_tag","embeddable":true,"href":"https:\/\/www.europesays.com\/de\/wp-json\/wp\/v2\/tags?post=1146445"}],"curies":[{"name":"wp","href":"https:\/\/api.w.org\/{rel}","templated":true}]}}