{"id":1146617,"date":"2026-07-06T09:38:23","date_gmt":"2026-07-06T09:38:23","guid":{"rendered":"https:\/\/www.europesays.com\/de\/1146617\/"},"modified":"2026-07-06T09:38:23","modified_gmt":"2026-07-06T09:38:23","slug":"prozessauftakt-in-wuppertal-remscheider-hatte-in-geheimraeumen-im-keller-hunderte-kriegswaffen-versteckt","status":"publish","type":"post","link":"https:\/\/www.europesays.com\/de\/1146617\/","title":{"rendered":"Prozessauftakt in Wuppertal: Remscheider hatte in Geheimr\u00e4umen im Keller hunderte Kriegswaffen versteckt"},"content":{"rendered":"<p>Prozessauftakt in WuppertalGeheimr\u00e4ume voller NS-Waffen: 60\u2011J\u00e4hriger vor Gericht06.07.2026, 10:19 Uhr<\/p>\n<p class=\"Typography_text-m__XI0da Typography_weight-normal__pqUbH\">Vor dem Landgericht Wuppertal m\u00fcssen sich ein mutma\u00dflicher Waffenh\u00e4ndler und zwei Komplizen verantworten. Ermittler entdecken im Oktober ein Waffenlager, in dem der Kfz-Mechaniker Maschinenpistolen, Munition und Handgranaten aus dem Zweiten Weltkrieg bunkert.<\/p>\n","protected":false},"excerpt":{"rendered":"Prozessauftakt in WuppertalGeheimr\u00e4ume voller NS-Waffen: 60\u2011J\u00e4hriger vor Gericht06.07.2026, 10:19 Uhr Vor dem Landgericht Wuppertal m\u00fcssen sich ein mutma\u00dflicher&hellip;\n","protected":false},"author":2,"featured_media":1146618,"comment_status":"","ping_status":"","sticky":false,"template":"","format":"standard","meta":{"footnotes":"","_share_on_mastodon":"0"},"categories":[1840],"tags":[3364,29,30,1584,1209,505,21537,4743,10178,4418,2657],"class_list":["post-1146617","post","type-post","status-publish","format-standard","has-post-thumbnail","category-wuppertal","tag-de","tag-deutschland","tag-germany","tag-kriminalitaet","tag-nordrhein-westfalen","tag-prozesse","tag-remscheid","tag-waffen","tag-waffenhandel","tag-wuppertal","tag-zweiter-weltkrieg"],"share_on_mastodon":{"url":"https:\/\/pubeurope.com\/@de\/116872368068748783","error":""},"_links":{"self":[{"href":"https:\/\/www.europesays.com\/de\/wp-json\/wp\/v2\/posts\/1146617","targetHints":{"allow":["GET"]}}],"collection":[{"href":"https:\/\/www.europesays.com\/de\/wp-json\/wp\/v2\/posts"}],"about":[{"href":"https:\/\/www.europesays.com\/de\/wp-json\/wp\/v2\/types\/post"}],"author":[{"embeddable":true,"href":"https:\/\/www.europesays.com\/de\/wp-json\/wp\/v2\/users\/2"}],"replies":[{"embeddable":true,"href":"https:\/\/www.europesays.com\/de\/wp-json\/wp\/v2\/comments?post=1146617"}],"version-history":[{"count":0,"href":"https:\/\/www.europesays.com\/de\/wp-json\/wp\/v2\/posts\/1146617\/revisions"}],"wp:featuredmedia":[{"embeddable":true,"href":"https:\/\/www.europesays.com\/de\/wp-json\/wp\/v2\/media\/1146618"}],"wp:attachment":[{"href":"https:\/\/www.europesays.com\/de\/wp-json\/wp\/v2\/media?parent=1146617"}],"wp:term":[{"taxonomy":"category","embeddable":true,"href":"https:\/\/www.europesays.com\/de\/wp-json\/wp\/v2\/categories?post=1146617"},{"taxonomy":"post_tag","embeddable":true,"href":"https:\/\/www.europesays.com\/de\/wp-json\/wp\/v2\/tags?post=1146617"}],"curies":[{"name":"wp","href":"https:\/\/api.w.org\/{rel}","templated":true}]}}