{"id":1146730,"date":"2026-07-06T10:41:16","date_gmt":"2026-07-06T10:41:16","guid":{"rendered":"https:\/\/www.europesays.com\/de\/1146730\/"},"modified":"2026-07-06T10:41:16","modified_gmt":"2026-07-06T10:41:16","slug":"ukraine-meldet-mehrere-tote-nach-russischen-angriffen","status":"publish","type":"post","link":"https:\/\/www.europesays.com\/de\/1146730\/","title":{"rendered":"Ukraine meldet mehrere Tote nach russischen Angriffen"},"content":{"rendered":"<p>            <img loading=\"lazy\" decoding=\"async\" class=\"ts-image\" src=\"https:\/\/www.europesays.com\/de\/wp-content\/uploads\/2026\/07\/ukraine-2720.jpg\" alt=\"Ein zerst\u00f6rtes Haus in Kiew nach einem russischen Angriff\" title=\"Ein zerst\u00f6rtes Haus in Kiew nach einem russischen Angriff | AFP\"\/><\/p>\n<p class=\"metatextline\">Stand: 06.07.2026 \u2022 12:30 Uhr<\/p>\n<p class=\"article-head__shorttext\">\n        <strong>Luftalarm im ganzen Land, Explosionen in Kiew: Russland hat die Ukraine in der Nacht erneut attackiert &#8211; und das kurz vor einem NATO-Gipfel in der T\u00fcrkei. Den Beh\u00f6rden zufolge gibt es mindestens zw\u00f6lf Tote.<\/strong>\n    <\/p>\n<p class=\"textabsatz m-ten m-offset-one l-eight l-offset-two columns twelve\">Am Vortag des NATO-Gipfels in der T\u00fcrkei hat Russland die n\u00e4chste schwere Angriffswelle auf ukrainische St\u00e4dte gestartet. Kurz nach Mitternacht l\u00f6ste die Flugabwehr in fast allen Regionen der Ukraine Luftalarm aus, aus Kiew wurden heftige Explosionen gemeldet.<\/p>\n<p class=\"textabsatz m-ten m-offset-one l-eight l-offset-two columns twelve\">Die ukrainische Luftwaffe erkl\u00e4rte, Moskau habe in der Nacht 351 Drohnen und 68 Raketen eingesetzt. 29 ballistische Raketen h\u00e4tten ihre Ziele getroffen. Im Zentrum der Angriffe habe die Hauptstadt Kiew gestanden.<\/p>\n<p class=\"textabsatz m-ten m-offset-one l-eight l-offset-two columns twelve\">Beh\u00f6rden und Medien berichteten \u00fcber zahlreiche Einschl\u00e4ge in der Hauptstadt und ihren Vororten. Mehrere Geb\u00e4ude wurden demnach besch\u00e4digt, mindestens zw\u00f6lf Menschen get\u00f6tet und 60 verletzt. Tausende seien vor den Angriffen in U-Bahn-Stationen geflohen, berichtete das Nachrichtenportal The Kyiv Independent.<\/p>\n<p class=\"textabsatz m-ten m-offset-one l-eight l-offset-two columns twelve\">In Kiew wurden den Berichten zufolge Wohngeb\u00e4ude in mehreren Stadtteilen getroffen. Ein Plattenbau st\u00fcrzte teilweise ein, in der Mitte des Wohnblocks klaffte ein riesiges Loch. Unter den Tr\u00fcmmern werden versch\u00fcttete Menschen bef\u00fcrchtet.<\/p>\n<p>    &#8222;Das entspricht ganz Putins Art&#8220;<\/p>\n<p class=\"textabsatz m-ten m-offset-one l-eight l-offset-two columns twelve\">Staatschef Wolodymyr Selenskyj hatte am Abend in einer Videobotschaft davor gewarnt, dass Russlands Pr\u00e4sident Wladimir Putin noch vor dem Beginn des NATO-Gipfels in der T\u00fcrkei eine weitere Welle Luftangriffe befehlen d\u00fcrfte. Dabei berief er sich auf Informationen des ukrainischen Geheimdienstes.<\/p>\n<p class=\"textabsatz m-ten m-offset-one l-eight l-offset-two columns twelve\">&#8222;Das entspricht ganz Putins Art &#8211; unmittelbar nach dem amerikanischen Unabh\u00e4ngigkeitstag (am 4. Juli) und vor dem NATO-Gipfel in Ankara (am 6. Juli)&#8220; wolle er &#8222;noch mehr Unheil anrichten und Menschen t\u00f6ten&#8220;, sagte Selenskyj. Offenbar setzten die Angreifer dann in der Nacht neben zahlreichen Drohnen auch Dutzende Marschflugk\u00f6rper und Raketen ein.<\/p>\n<p>    Blick auf den kommenden NATO-Gipfel<\/p>\n<p class=\"textabsatz m-ten m-offset-one l-eight l-offset-two columns twelve\">In seiner Videobotschaft appellierte Selenskyj an die Partner der Ukraine, den Abwehrkampf seines Landes entschlossener zu unterst\u00fctzen. &#8222;Jede Verz\u00f6gerung bei der Lieferung von Raketen f\u00fcr unsere Flugabwehr und f\u00fcr die &#8218;Patriot&#8216;-Systeme kostet Menschenleben und ermutigt Russland, den Krieg fortzusetzen&#8220;, sagte er.<\/p>\n<p class=\"textabsatz m-ten m-offset-one l-eight l-offset-two columns twelve\">Auch EU-Kommissionspr\u00e4sidentin Ursula von der Leyen rief zu weiterer Unterst\u00fctzung f\u00fcr die Ukraine auf. &#8222;Die Ukraine braucht dringend mehr Luftverteidigung&#8220;, erkl\u00e4rte sie im Onlinedienst X. Au\u00dferdem m\u00fcsse der Druck auf Moskau steigen, &#8222;bis Russland das Blutbad beendet.&#8220;<\/p>\n<p>    Auch ukrainische Angriffe in Russland gemeldet<\/p>\n<p class=\"textabsatz m-ten m-offset-one l-eight l-offset-two columns twelve\">Auch die Ukraine griff wieder Ziele in Russland an. Bei einem ukrainischen Drohnenangriff in der russischen Region Jaroslawl sollen zwei Menschen verletzt worden sein. Der Gouverneur der Region, Michail Jewrajew, teilte mit, mehr als 70 ukrainische Drohnen seien bei dem Angriff auf die gleichnamige Regionalhauptstadt abgeschossen worden.<\/p>\n<p class=\"textabsatz m-ten m-offset-one l-eight l-offset-two columns twelve\">Das unabh\u00e4ngige russische Onlinemedium Astra berichtete, der Angriff habe einer \u00d6lraffinerie in der Stadt gegolten und einen Brand ausgel\u00f6st. Jewrajew machte zun\u00e4chst keine Angaben zu m\u00f6glichen Sch\u00e4den an Energieanlagen.<\/p>\n","protected":false},"excerpt":{"rendered":"Stand: 06.07.2026 \u2022 12:30 Uhr Luftalarm im ganzen Land, Explosionen in Kiew: Russland hat die Ukraine in der&hellip;\n","protected":false},"author":2,"featured_media":1146731,"comment_status":"","ping_status":"","sticky":false,"template":"","format":"standard","meta":{"footnotes":"","_share_on_mastodon":"0"},"categories":[5],"tags":[19533,13,14,15,307,12,10,8,9,11,317],"class_list":["post-1146730","post","type-post","status-publish","format-standard","has-post-thumbnail","category-nachrichten","tag-angriffe","tag-headlines","tag-nachrichten","tag-news","tag-russland","tag-schlagzeilen","tag-top-news","tag-top-meldungen","tag-topmeldungen","tag-topnews","tag-ukraine"],"share_on_mastodon":{"url":"https:\/\/pubeurope.com\/@de\/116872617187190214","error":""},"_links":{"self":[{"href":"https:\/\/www.europesays.com\/de\/wp-json\/wp\/v2\/posts\/1146730","targetHints":{"allow":["GET"]}}],"collection":[{"href":"https:\/\/www.europesays.com\/de\/wp-json\/wp\/v2\/posts"}],"about":[{"href":"https:\/\/www.europesays.com\/de\/wp-json\/wp\/v2\/types\/post"}],"author":[{"embeddable":true,"href":"https:\/\/www.europesays.com\/de\/wp-json\/wp\/v2\/users\/2"}],"replies":[{"embeddable":true,"href":"https:\/\/www.europesays.com\/de\/wp-json\/wp\/v2\/comments?post=1146730"}],"version-history":[{"count":0,"href":"https:\/\/www.europesays.com\/de\/wp-json\/wp\/v2\/posts\/1146730\/revisions"}],"wp:featuredmedia":[{"embeddable":true,"href":"https:\/\/www.europesays.com\/de\/wp-json\/wp\/v2\/media\/1146731"}],"wp:attachment":[{"href":"https:\/\/www.europesays.com\/de\/wp-json\/wp\/v2\/media?parent=1146730"}],"wp:term":[{"taxonomy":"category","embeddable":true,"href":"https:\/\/www.europesays.com\/de\/wp-json\/wp\/v2\/categories?post=1146730"},{"taxonomy":"post_tag","embeddable":true,"href":"https:\/\/www.europesays.com\/de\/wp-json\/wp\/v2\/tags?post=1146730"}],"curies":[{"name":"wp","href":"https:\/\/api.w.org\/{rel}","templated":true}]}}