{"id":1146882,"date":"2026-07-06T12:10:16","date_gmt":"2026-07-06T12:10:16","guid":{"rendered":"https:\/\/www.europesays.com\/de\/1146882\/"},"modified":"2026-07-06T12:10:16","modified_gmt":"2026-07-06T12:10:16","slug":"moenchengladbach-explosion-beschaedigt-erinnerungsort-fuer-ermordete-juedin","status":"publish","type":"post","link":"https:\/\/www.europesays.com\/de\/1146882\/","title":{"rendered":"M\u00f6nchengladbach: Explosion besch\u00e4digt Erinnerungsort f\u00fcr ermordete J\u00fcdin"},"content":{"rendered":"<p class=\"text_ohne_einzug richtext text-em-55 !leading-serif mx-6 desktop:mx-0\">  Bei einer Explosion in Eicken ist ein Erinnerungsort f\u00fcr die im Zweiten Weltkrieg ermordete M\u00f6nchengladbacher J\u00fcdin Amalie Jung stark besch\u00e4digt worden. Wie die <a href=\"https:\/\/rp-online.de\/thema\/polizei\/\" rel=\"nofollow noopener\" target=\"_blank\">Polizei<\/a> mitteilt, ermittelt nun der Staatsschutz.<\/p>\n<p class=\"richtext text-em-55 !leading-serif mx-6 desktop:mx-0\">Demnach war es am Freitag, 3. Juli, gegen 23.30 Uhr an der Goethestra\u00dfe zu einer Explosion gekommen, bei der vier parkende Autos und ein Pflanzengef\u00e4\u00df besch\u00e4digt wurden. \u201eOffensichtlich wurde an dem Gef\u00e4\u00df eine Detonation ausgel\u00f6st, sodass dieses in mehrere Teile zersprang\u201c, hei\u00dft es. Absplitterungen sowie unterschiedlich gro\u00dfe Holzteile und Blumenerde lagen auf der Stra\u00dfe verteilt, beschreibt die Polizei die Szene.<\/p>\n<p>Projekt \u201eAmaliengarten\u201c besch\u00e4digt      <\/p>\n<p class=\"richtext text-em-55 !leading-serif mx-6 desktop:mx-0\">Der zerst\u00f6rte Blumenk\u00fcbel sei Teil des Projektes \u201eAmaliengarten\u201c, einer Erinnerung an die 1896 geborene J\u00fcdin Amalie Jung, die einige Jahre an der Goethestra\u00dfe gelebt hatte. 1941 wurde sie nach Litzmannstadt in Polen deportiert, 1942 wurde sie ermordet. In <a href=\"https:\/\/rp-online.de\/thema\/moenchengladbach\/\" rel=\"nofollow noopener\" target=\"_blank\">M\u00f6nchengladbach<\/a> war sie vermutlich als Schneiderin oder N\u00e4herin t\u00e4tig. Im <a href=\"https:\/\/rp-online.de\/nrw\/staedte\/moenchengladbach\/stolpersteine-in-moenchengladbach-die-geschichte-der-menschen_bid-104515477\" rel=\"nofollow noopener\" target=\"_blank\">Dezember 2023 wurde im Gedenken an sie ein Stolperstein verlegt<\/a>.<\/p>\n<p class=\"richtext text-em-55 !leading-serif mx-6 desktop:mx-0\">Die Polizei sucht Zeugen, die zur Tatzeit verd\u00e4chtige Beobachtungen gemacht haben oder Hinweise auf m\u00f6gliche T\u00e4ter geben k\u00f6nnen. Hinweise nimmt die Polizei unter der Telefonnummer 02161 290 entgegen.<\/p>\n","protected":false},"excerpt":{"rendered":"Bei einer Explosion in Eicken ist ein Erinnerungsort f\u00fcr die im Zweiten Weltkrieg ermordete M\u00f6nchengladbacher J\u00fcdin Amalie Jung&hellip;\n","protected":false},"author":2,"featured_media":1146883,"comment_status":"","ping_status":"","sticky":false,"template":"","format":"standard","meta":{"footnotes":"","_share_on_mastodon":"0"},"categories":[1849],"tags":[14309,240973,240974,30707,3364,29,20475,124346,14807,56436,548,663,3934,2805,30,13,233469,4455,14,15,1209,12,3447],"class_list":["post-1146882","post","type-post","status-publish","format-standard","has-post-thumbnail","category-moenchengladbach","tag-22c","tag-amalie","tag-amaliengarten","tag-beschaedigt","tag-de","tag-deutschland","tag-erinnerung","tag-erinnerungsort","tag-ermittelt","tag-ermordet","tag-eu","tag-europa","tag-europe","tag-explosion","tag-germany","tag-headlines","tag-juedin","tag-moenchengladbach","tag-nachrichten","tag-news","tag-nordrhein-westfalen","tag-schlagzeilen","tag-staatsschutz"],"share_on_mastodon":{"url":"https:\/\/pubeurope.com\/@de\/116872965487355646","error":""},"_links":{"self":[{"href":"https:\/\/www.europesays.com\/de\/wp-json\/wp\/v2\/posts\/1146882","targetHints":{"allow":["GET"]}}],"collection":[{"href":"https:\/\/www.europesays.com\/de\/wp-json\/wp\/v2\/posts"}],"about":[{"href":"https:\/\/www.europesays.com\/de\/wp-json\/wp\/v2\/types\/post"}],"author":[{"embeddable":true,"href":"https:\/\/www.europesays.com\/de\/wp-json\/wp\/v2\/users\/2"}],"replies":[{"embeddable":true,"href":"https:\/\/www.europesays.com\/de\/wp-json\/wp\/v2\/comments?post=1146882"}],"version-history":[{"count":0,"href":"https:\/\/www.europesays.com\/de\/wp-json\/wp\/v2\/posts\/1146882\/revisions"}],"wp:featuredmedia":[{"embeddable":true,"href":"https:\/\/www.europesays.com\/de\/wp-json\/wp\/v2\/media\/1146883"}],"wp:attachment":[{"href":"https:\/\/www.europesays.com\/de\/wp-json\/wp\/v2\/media?parent=1146882"}],"wp:term":[{"taxonomy":"category","embeddable":true,"href":"https:\/\/www.europesays.com\/de\/wp-json\/wp\/v2\/categories?post=1146882"},{"taxonomy":"post_tag","embeddable":true,"href":"https:\/\/www.europesays.com\/de\/wp-json\/wp\/v2\/tags?post=1146882"}],"curies":[{"name":"wp","href":"https:\/\/api.w.org\/{rel}","templated":true}]}}