{"id":1146976,"date":"2026-07-06T13:03:14","date_gmt":"2026-07-06T13:03:14","guid":{"rendered":"https:\/\/www.europesays.com\/de\/1146976\/"},"modified":"2026-07-06T13:03:14","modified_gmt":"2026-07-06T13:03:14","slug":"muenchen-sprayer-im-luise-kiesselbach-tunnel-festgenommen-muenchen","status":"publish","type":"post","link":"https:\/\/www.europesays.com\/de\/1146976\/","title":{"rendered":"M\u00fcnchen: Sprayer im Luise-Kiesselbach-Tunnel festgenommen &#8211; M\u00fcnchen"},"content":{"rendered":"<p data-manual=\"paragraph\" data-schema-org-speakable=\"true\" class=\"css-1eosz7k\">Dass der <a href=\"https:\/\/www.sueddeutsche.de\/thema\/Luise-Kiesselbach-Tunnel\" rel=\"nofollow noopener\" target=\"_blank\">Luise-Kiesselbach-Tunnel<\/a> wegen Sanierung momentan teilweise\u00a0gesperrt ist, hat drei Sprayer in der Nacht zum Samstag nicht davon abgehalten, sich dort vermeintlich k\u00fcnstlerisch zu bet\u00e4tigen.<\/p>\n<p data-manual=\"paragraph\" data-schema-org-speakable=\"true\" class=\"css-1eosz7k\">Wie die Polizei mitteilt, wurde sie von der Verkehrszentrale gegen 3 Uhr dar\u00fcber informiert, dass im Tunnel Verd\u00e4chtiges geschehe\u00a0\u2013 trotz der Sperrung sind die \u00dcberwachungskameras eingeschaltet. Mehrere Streifen fuhren hin und fanden an der Tunnelwand ein sieben Meter breites, zwei Meter hohes Graffito, das die drei Buchstaben \u201eARS\u201c zeigte.<\/p>\n<p data-manual=\"paragraph\" data-schema-org-speakable=\"true\" class=\"css-1eosz7k\">In der N\u00e4he des Tatorts wurden drei M\u00e4nner festgenommen, Deutsche, 21, 23 und 26 Jahre alt. Alle drei sind bereits einschl\u00e4gig polizeibekannt. Au\u00dferdem fand die Polizei in der N\u00e4he Spr\u00fchdosen mit Farbe. Die drei Verd\u00e4chtigen erwartet jetzt ein Verfahren wegen Sachbesch\u00e4digung.<\/p>\n","protected":false},"excerpt":{"rendered":"Dass der Luise-Kiesselbach-Tunnel wegen Sanierung momentan teilweise\u00a0gesperrt ist, hat drei Sprayer in der Nacht zum Samstag nicht davon&hellip;\n","protected":false},"author":2,"featured_media":1146977,"comment_status":"","ping_status":"","sticky":false,"template":"","format":"standard","meta":{"footnotes":"","_share_on_mastodon":"0"},"categories":[1827],"tags":[772,29,30,229670,58434,1268,3093,149,3232],"class_list":["post-1146976","post","type-post","status-publish","format-standard","has-post-thumbnail","category-muenchen","tag-bayern","tag-deutschland","tag-germany","tag-luise-kiesselbach-tunnel","tag-mittlerer-ring","tag-muenchen","tag-polizei-und-feuerwehr-in-muenchen","tag-sueddeutsche-zeitung","tag-verkehr-in-muenchen"],"share_on_mastodon":{"url":"https:\/\/pubeurope.com\/@de\/116873173865592934","error":""},"_links":{"self":[{"href":"https:\/\/www.europesays.com\/de\/wp-json\/wp\/v2\/posts\/1146976","targetHints":{"allow":["GET"]}}],"collection":[{"href":"https:\/\/www.europesays.com\/de\/wp-json\/wp\/v2\/posts"}],"about":[{"href":"https:\/\/www.europesays.com\/de\/wp-json\/wp\/v2\/types\/post"}],"author":[{"embeddable":true,"href":"https:\/\/www.europesays.com\/de\/wp-json\/wp\/v2\/users\/2"}],"replies":[{"embeddable":true,"href":"https:\/\/www.europesays.com\/de\/wp-json\/wp\/v2\/comments?post=1146976"}],"version-history":[{"count":0,"href":"https:\/\/www.europesays.com\/de\/wp-json\/wp\/v2\/posts\/1146976\/revisions"}],"wp:featuredmedia":[{"embeddable":true,"href":"https:\/\/www.europesays.com\/de\/wp-json\/wp\/v2\/media\/1146977"}],"wp:attachment":[{"href":"https:\/\/www.europesays.com\/de\/wp-json\/wp\/v2\/media?parent=1146976"}],"wp:term":[{"taxonomy":"category","embeddable":true,"href":"https:\/\/www.europesays.com\/de\/wp-json\/wp\/v2\/categories?post=1146976"},{"taxonomy":"post_tag","embeddable":true,"href":"https:\/\/www.europesays.com\/de\/wp-json\/wp\/v2\/tags?post=1146976"}],"curies":[{"name":"wp","href":"https:\/\/api.w.org\/{rel}","templated":true}]}}