{"id":1146994,"date":"2026-07-06T13:12:18","date_gmt":"2026-07-06T13:12:18","guid":{"rendered":"https:\/\/www.europesays.com\/de\/1146994\/"},"modified":"2026-07-06T13:12:18","modified_gmt":"2026-07-06T13:12:18","slug":"krebskranker-moderator-joerg-dahlmann-uebersteht-leber-operation","status":"publish","type":"post","link":"https:\/\/www.europesays.com\/de\/1146994\/","title":{"rendered":"Krebskranker Moderator: J\u00f6rg Dahlmann \u00fcbersteht Leber-Operation"},"content":{"rendered":"<p>Krebskranker ModeratorJ\u00f6rg Dahlmann \u00fcbersteht Leber-Operation<\/p>\n<p>06.07.2026, 14:39 Uhr <\/p>\n<p>Artikel anh\u00f6ren(03:06 min)<\/p>\n<p><img decoding=\"async\" class=\"Image_img__fQCi0 Image_Img_16_9__4BLfH widget-picture-inline_maximizable__t_E7h\" loading=\"eager\" fetchpriority=\"high\" src=\"https:\/\/www.europesays.com\/de\/wp-content\/uploads\/2026\/07\/Der-Fussballkomentator-Joerg-Dahlmann-sitzt-bei-der-Auftaktsendung-der-Sat-1-Fernsehshow-Promi-Big-B.webp\" alt=\"Der-Fussballkomentator-Joerg-Dahlmann-sitzt-bei-der-Auftaktsendung-der-Sat-1-Fernsehshow-Promi-Big-Brother-2022-im-Fernsehstudio-in-Koeln\"\/>Muss sich jetzt von der Operation erholen: J\u00f6rg Dahlmann. (Foto: picture alliance\/dpa)TeilenFolgen auf:<a href=\"https:\/\/www.whatsapp.com\/channel\/0029Va5cdVJD8SDp5YZgYF01\" title=\"Auf WhatsApp folgen\" target=\"_blank\" rel=\"nofollow noopener\"><img decoding=\"async\" src=\"https:\/\/www.n-tv.de\/socialIcons\/whatsapp.svg\" alt=\"whatsapp\" class=\"ArticleShare_icon__FsrC2\"\/><\/a><a href=\"https:\/\/www.google.com\/preferences\/source?q=n-tv.de\" title=\"ntv als bevorzugte Quelle auf Google hinzuf\u00fcgen\" target=\"_blank\" rel=\"nofollow noopener\"><img decoding=\"async\" src=\"https:\/\/www.n-tv.de\/socialIcons\/google.svg\" alt=\"whatsapp\" class=\"ArticleShare_icon__FsrC2\"\/><\/a><\/p>\n<p class=\"Typography_text-m__XI0da Typography_weight-bold__uT6mq storyline_lead_text_leadtext__q_wg8\">Bereits zum vierten Mal in seinem Leben erkrankt J\u00f6rg Dahlmann an Krebs. In einer Operation wird ihm nun ein Teil der Leber entfernt, der von einem Tumor befallen ist. Seine Lebensgef\u00e4hrtin teilt mit, es gehe ihm gut, er sei aber &#8222;noch sehr schwach&#8220;.<\/p>\n<p class=\"Typography_text-default__P3otY Typography_weight-normal__pqUbH storyline_paragraph_p__qSR5N\">Der an Krebs erkrankte Moderator J\u00f6rg Dahlmann hat eine Operation an seiner Leber \u00fcberstanden. Dahlmanns Partnerin Claudia P\u00f6hlmann gab in einer Instagram-Story ein Gesundheits-Update. Der Post wurde auch auf dem Instagram-Account des Sportmoderators geteilt. <\/p>\n<p class=\"Typography_text-default__P3otY Typography_weight-normal__pqUbH storyline_paragraph_p__qSR5N\">&#8222;J\u00f6rg geht es entsprechend gut, aber noch sehr schwach&#8220;, schreibt P\u00f6hlmann. &#8222;Jetzt muss der gesunde Teil der Leber wachsen&#8220;, f\u00e4hrt sie fort. &#8222;Bitte habt Verst\u00e4ndnis, dass er nicht eure Nachrichten beantworten kann&#8220;, erkl\u00e4rt die Personaltrainerin zudem.<\/p>\n<p class=\"Typography_text-default__P3otY Typography_weight-normal__pqUbH storyline_paragraph_p__qSR5N\">Zu dem Text ver\u00f6ffentlichte Claudia P\u00f6hlmann ein Bild aus dem Krankenhaus. J\u00f6rg Dahlmann l\u00e4chelt an ihrer Seite schwach in die Kamera. Mit seiner rechten Hand formt er das Victory-Zeichen.<\/p>\n<p>Leber geteilt<\/p>\n<p class=\"Typography_text-default__P3otY Typography_weight-normal__pqUbH storyline_paragraph_p__qSR5N\">Bei der Operation wurde die Leber des ehemaligen Sportkommentators in zwei Teile getrennt. Der rechte Leberlappen, der von einem Tumor und b\u00f6sartigen Zellen befallen ist, wurde von der Blutzufuhr abgeschnitten. So soll er absterben und in einer weiteren Operation entfernt werden.<\/p>\n<p class=\"Typography_text-default__P3otY Typography_weight-normal__pqUbH storyline_paragraph_p__qSR5N\">Die Hoffnung ist, dass der gesunde linke Teil der Leber nach diesem Eingriff w\u00e4chst. Er soll am Ende der Prozedur 80 Prozent des urspr\u00fcnglichen Volumens der Leber annehmen.<\/p>\n<p class=\"Typography_text-default__P3otY Typography_weight-normal__pqUbH storyline_paragraph_p__qSR5N\">Die Operation zur Teilung des Organs sollte eigentlich schon fr\u00fcher stattfinden. Sie musste aber verschoben werden, da zun\u00e4chst Tests n\u00f6tig waren, wie Dahlmann bereits vor zwei Tagen seinen Followerinnen und Followern erkl\u00e4rt hatte.<\/p>\n<p>Von Sport bis Reality-TV<\/p>\n<p class=\"Typography_text-default__P3otY Typography_weight-normal__pqUbH storyline_paragraph_p__qSR5N\">Der 67-J\u00e4hrige hatte Mitte Juni die Diagnose Leberkrebs \u00f6ffentlich gemacht. Es ist bereits seine vierte Krebserkrankung. 2005 litt Dahlmann an Darmkrebs. Weil der Tumor damals fr\u00fch entdeckt wurde, musste nur ein Teil des Darms entfernt werden. Sp\u00e4ter folgten eine Hautkrebserkrankung sowie 2016 die Diagnose Prostatakrebs &#8211; jedes Mal verbunden mit einer Operation.<\/p>\n<p class=\"Typography_text-default__P3otY Typography_weight-normal__pqUbH storyline_paragraph_p__qSR5N\">Dahlmann machte sich als Sportmoderator vor allem mit der Kommentierung von Fu\u00dfball-Spielen einen Namen. Unter anderem arbeitete er f\u00fcr das ZDF, den einstigen Pay-TV-Kanal Premiere und Sat.1. Zuletzt tingelte er jedoch auch durch Reality-TV-Formate wie &#8222;Promi Big Brother&#8220; (2022) und &#8222;Ich bin ein Star &#8211; Holt mich hier raus&#8220; (2025).<\/p>\n<p class=\"Typography_text-s__wu_cm Typography_weight-normal__pqUbH Typography_color-darkgrey__sZEnP article-detail-footer_source__KslPc\">Quelle: ntv.de, vpr\/spot<\/p>\n","protected":false},"excerpt":{"rendered":"Krebskranker ModeratorJ\u00f6rg Dahlmann \u00fcbersteht Leber-Operation 06.07.2026, 14:39 Uhr Artikel anh\u00f6ren(03:06 min) Muss sich jetzt von der Operation erholen:&hellip;\n","protected":false},"author":2,"featured_media":1146995,"comment_status":"","ping_status":"","sticky":false,"template":"","format":"standard","meta":{"footnotes":"","_share_on_mastodon":"0"},"categories":[1776],"tags":[1801,29,214,30,1080,1802,766,684,215],"class_list":["post-1146994","post","type-post","status-publish","format-standard","has-post-thumbnail","category-prominente","tag-celebrities","tag-deutschland","tag-entertainment","tag-germany","tag-krebs","tag-prominente","tag-reality-tv","tag-tv","tag-unterhaltung"],"share_on_mastodon":{"url":"https:\/\/pubeurope.com\/@de\/116873209428442768","error":""},"_links":{"self":[{"href":"https:\/\/www.europesays.com\/de\/wp-json\/wp\/v2\/posts\/1146994","targetHints":{"allow":["GET"]}}],"collection":[{"href":"https:\/\/www.europesays.com\/de\/wp-json\/wp\/v2\/posts"}],"about":[{"href":"https:\/\/www.europesays.com\/de\/wp-json\/wp\/v2\/types\/post"}],"author":[{"embeddable":true,"href":"https:\/\/www.europesays.com\/de\/wp-json\/wp\/v2\/users\/2"}],"replies":[{"embeddable":true,"href":"https:\/\/www.europesays.com\/de\/wp-json\/wp\/v2\/comments?post=1146994"}],"version-history":[{"count":0,"href":"https:\/\/www.europesays.com\/de\/wp-json\/wp\/v2\/posts\/1146994\/revisions"}],"wp:featuredmedia":[{"embeddable":true,"href":"https:\/\/www.europesays.com\/de\/wp-json\/wp\/v2\/media\/1146995"}],"wp:attachment":[{"href":"https:\/\/www.europesays.com\/de\/wp-json\/wp\/v2\/media?parent=1146994"}],"wp:term":[{"taxonomy":"category","embeddable":true,"href":"https:\/\/www.europesays.com\/de\/wp-json\/wp\/v2\/categories?post=1146994"},{"taxonomy":"post_tag","embeddable":true,"href":"https:\/\/www.europesays.com\/de\/wp-json\/wp\/v2\/tags?post=1146994"}],"curies":[{"name":"wp","href":"https:\/\/api.w.org\/{rel}","templated":true}]}}