{"id":1146996,"date":"2026-07-06T13:13:24","date_gmt":"2026-07-06T13:13:24","guid":{"rendered":"https:\/\/www.europesays.com\/de\/1146996\/"},"modified":"2026-07-06T13:13:24","modified_gmt":"2026-07-06T13:13:24","slug":"museum-ratingen-fuehrung-durch-die-jubilaeumsschau","status":"publish","type":"post","link":"https:\/\/www.europesays.com\/de\/1146996\/","title":{"rendered":"Museum Ratingen: F\u00fchrung durch die Jubil\u00e4umsschau\u00a0"},"content":{"rendered":"<p class=\"text_ohne_einzug richtext text-em-55 !leading-serif mx-6 desktop:mx-0\">(RP) Das Museum <a href=\"https:\/\/rp-online.de\/thema\/ratingen\/\" rel=\"nofollow noopener\" target=\"_blank\">Ratingen<\/a>, Grabenstra\u00dfe 21, l\u00e4dt f\u00fcr Sonntag, 12. Juli, um 11.30 Uhr zu einer \u00f6ffentlichen F\u00fchrung durch die Ausstellung \u201eLinie Fl\u00e4che Raum. 100 Jahre Museum Ratingen\u201c mit Natalia Gershevskaya ein.<\/p>\n<p class=\"richtext text-em-55 !leading-serif mx-6 desktop:mx-0\">In der Jubil\u00e4umsschau pr\u00e4sentiert das Museum Ratingen Highlights zeitgen\u00f6ssischer Kunst aus seiner Sammlung. Diese bilden einen Parcours aus Gem\u00e4lden, Zeichnungen, Skulpturen, Installationen, Fotografien und Videoarbeiten. Sie veranschaulichen die Entstehung der st\u00e4dtischen Kunstsammlung, die auf einer kooperativen und vielstimmigen Zusammenarbeit mit Kunstschaffenden sowie Sammlerinnen und Sammlern beruht. Mit gezielten Ank\u00e4ufen seit den 1980er-Jahren wurde die Sammlung systematisch weiterentwickelt. Die Freunde und F\u00f6rderer des Museums Ratingen und der Nachlass Prof. Peter Br\u00fcning (Ratingen) bedachten das Museum mit Schenkungen. Ebenfalls wurden Dauerleihgaben aus der Sammlung Gantef\u00fchrer sowie aus der Stiftung Kunst im Landesbesitz, <a href=\"https:\/\/rp-online.de\/thema\/nordrhein-westfalen\/\" rel=\"nofollow noopener\" target=\"_blank\">Nordrhein-Westfalen<\/a>, in die Sammlung integriert.<\/p>\n<p class=\"richtext text-em-55 !leading-serif mx-6 desktop:mx-0\">Werke des Ratinger K\u00fcnstlers Peter Br\u00fcning sowie von Bernard Schultze, Cy Twombly und Fritz Winter werden j\u00fcngeren Arbeiten gegen\u00fcbergestellt, sodass ein Bogen von 1945 bis heute gespannt wird. Zum einen setzt die Ausstellung einen Fokus auf geometrische und lyrische Abstraktion, zum anderen macht sie Darstellungen architektonischer und st\u00e4dtischer Strukturen zum Thema.<\/p>\n<p class=\"richtext text-em-55 !leading-serif mx-6 desktop:mx-0\">Mit Marcus Schwier und Anne Sch\u00fclke sind zwei Kunstschaffende beteiligt, deren Foto- und Videoarbeiten sich mit dem Stadtteil Ratingen West auseinandersetzen. Einige Exponate wurden zur Ausstellung hinzugeliehen, zum Beispiel von Jan Holthoff, der in Ratingen lebt. Alke Reeh, Evangelos Papadopoulos und Paul Schwer haben r\u00e4umliche Arbeiten f\u00fcr die Ausstellung entwickelt, die auf die Architektur des Museumsgeb\u00e4udes eingehen.<\/p>\n<p class=\"richtext text-em-55 !leading-serif mx-6 desktop:mx-0\">Natalia Gershevskaya arbeitet seit 2004 als freie Kuratorin in internationalen Ausstellungsprojekten und ist Kunstvermittlerin im <a href=\"https:\/\/rp-online.de\/thema\/kunstpalast\/\" rel=\"nofollow noopener\" target=\"_blank\">Kunstpalast<\/a> D\u00fcsseldorf und in der Kunstsammlung Nordrhein-Westfalen.<\/p>\n<p class=\"richtext text-em-55 !leading-serif mx-6 desktop:mx-0\">Der Besuch des Museums Ratingen ist sonntags kostenfrei. Treffpunkt ist im Museumsfoyer, die Teilnahmegeb\u00fchr betr\u00e4gt drei Euro. Die Jubil\u00e4umsschau \u201eLinie Fl\u00e4che Raum. 100 Jahre Museum Ratingen\u201c ist noch bis zum 16. August zu sehen.<\/p>\n","protected":false},"excerpt":{"rendered":"(RP) Das Museum Ratingen, Grabenstra\u00dfe 21, l\u00e4dt f\u00fcr Sonntag, 12. Juli, um 11.30 Uhr zu einer \u00f6ffentlichen F\u00fchrung&hellip;\n","protected":false},"author":2,"featured_media":1146997,"comment_status":"","ping_status":"","sticky":false,"template":"","format":"standard","meta":{"footnotes":"","_share_on_mastodon":"0"},"categories":[1775],"tags":[13586,1793,2076,240984,29,214,13652,30,240981,15326,1794,20883,26507,2264,240983,191479,240982,10078,1678,215],"class_list":["post-1146996","post","type-post","status-publish","format-standard","has-post-thumbnail","category-kunst-und-design","tag-sammlung","tag-art-and-design","tag-ausstellung","tag-ausstellungsprojekten","tag-deutschland","tag-entertainment","tag-flaeche","tag-germany","tag-gershevskaya","tag-jubilaeumsschau","tag-kunst-und-design","tag-kunstsammlung","tag-linie","tag-museum","tag-museumsfoyer","tag-museumsgebaeudes","tag-natalia","tag-ratingen","tag-raum","tag-unterhaltung"],"share_on_mastodon":{"url":"","error":""},"_links":{"self":[{"href":"https:\/\/www.europesays.com\/de\/wp-json\/wp\/v2\/posts\/1146996","targetHints":{"allow":["GET"]}}],"collection":[{"href":"https:\/\/www.europesays.com\/de\/wp-json\/wp\/v2\/posts"}],"about":[{"href":"https:\/\/www.europesays.com\/de\/wp-json\/wp\/v2\/types\/post"}],"author":[{"embeddable":true,"href":"https:\/\/www.europesays.com\/de\/wp-json\/wp\/v2\/users\/2"}],"replies":[{"embeddable":true,"href":"https:\/\/www.europesays.com\/de\/wp-json\/wp\/v2\/comments?post=1146996"}],"version-history":[{"count":0,"href":"https:\/\/www.europesays.com\/de\/wp-json\/wp\/v2\/posts\/1146996\/revisions"}],"wp:featuredmedia":[{"embeddable":true,"href":"https:\/\/www.europesays.com\/de\/wp-json\/wp\/v2\/media\/1146997"}],"wp:attachment":[{"href":"https:\/\/www.europesays.com\/de\/wp-json\/wp\/v2\/media?parent=1146996"}],"wp:term":[{"taxonomy":"category","embeddable":true,"href":"https:\/\/www.europesays.com\/de\/wp-json\/wp\/v2\/categories?post=1146996"},{"taxonomy":"post_tag","embeddable":true,"href":"https:\/\/www.europesays.com\/de\/wp-json\/wp\/v2\/tags?post=1146996"}],"curies":[{"name":"wp","href":"https:\/\/api.w.org\/{rel}","templated":true}]}}