{"id":1147050,"date":"2026-07-06T13:45:20","date_gmt":"2026-07-06T13:45:20","guid":{"rendered":"https:\/\/www.europesays.com\/de\/1147050\/"},"modified":"2026-07-06T13:45:20","modified_gmt":"2026-07-06T13:45:20","slug":"remscheid-waffenfund-prozess-wuppertal-1-stunde-fuer-300-schusswaffen","status":"publish","type":"post","link":"https:\/\/www.europesays.com\/de\/1147050\/","title":{"rendered":"Remscheid Waffenfund Prozess Wuppertal: 1 Stunde f\u00fcr 300 Schusswaffen"},"content":{"rendered":"<p class=\"richtext text-em-55 !leading-serif mx-6 desktop:mx-0\">Rund eine Stunde braucht Oberstaatsanwalt Daniel M\u00fcller, um die Liste der in einem Remscheider Keller beschlagnahmten Waffen und Munition vorzulesen. Vor dem Wuppertaler Landgericht hat am Montag der Prozess um einen der gr\u00f6\u00dften und spektakul\u00e4rsten Waffenfunde in der Geschichte der Bundesrepublik Deutschland begonnen. Angeklagt sind drei M\u00e4nner, dem 60-j\u00e4hrigen Hauptangeklagten droht laut dem Vorsitzenden Richter Alexander Schr\u00e4der eine Freiheitsstrafe von mindestens sieben und h\u00f6chstens acht Jahren \u2013 falls der Mann sich vollumf\u00e4nglich gest\u00e4ndig zeigen sollte. Die beiden Mitangeklagten, 35 und 38 Jahre alt, erwarten demnach im Falle einer Verurteilung Strafen zwischen zwei und vier Jahren.<\/p>\n<p class=\"richtext text-em-55 !leading-serif mx-6 desktop:mx-0\">Das m\u00f6gliche Strafma\u00df k\u00fcndigte Schr\u00e4der nach einem nicht\u00f6ffentlichen Rechtsgespr\u00e4ch mit der Staatsanwaltschaft und den Rechtsanw\u00e4lten an. Letztere hatten Erkl\u00e4rungen ihrer Mandanten f\u00fcr den weiteren Verlauf des Verfahrens in Aussicht gestellt und das Rechtsgespr\u00e4ch angeregt. Der Anwalt des 35-J\u00e4hrigen hatte zuvor erkl\u00e4rt, dass sein Mandant die ihm zur Last gelegten Vorw\u00fcrfe vollumf\u00e4nglich einr\u00e4ume, aber erst sp\u00e4ter Details dazu nennen wolle. Dem 35-J\u00e4hrigen wird zur Last gelegt, gemeinsam mit dem 38-J\u00e4hrigen Waffen nebst Munition weiterverkauft haben. Die Waffen sollen alle mutma\u00dflich aus dem Besitz des 60-j\u00e4hrigen Remscheiders stammen. Angeklagt sind die drei M\u00e4nner wegen Verst\u00f6\u00dfen gegen das Kriegswaffenkontrollgesetz und das Waffengesetz.<\/p>\n<p class=\"richtext text-em-55 !leading-serif mx-6 desktop:mx-0\">Das im Oktober vergangenen Jahres in dem Remscheider Geb\u00e4udekomplex gefundene Waffenarsenal \u00fcberraschte sogar erfahrene Polizisten. Insgesamt stellten die etwa 200 Einsatzkr\u00e4fte rund 300 scharfe Schusswaffen sicher \u2013 davon 125 Maschinengewehre, 67 Maschinenpistolen, 51 Pistolen, 32 Langwaffen, darunter Pr\u00e4zisionsgewehre, elf Revolver und 13 Panzerabwehrwaffen, 38 Handgranaten sowie fast 100.000 Schuss Munition. Oberstaatsanwalt M\u00fcller listete am ersten Prozesstag namhafte Hersteller auf wie Walther, Mauser, Luger, Beretta, Browning, Sig Sauer, Ceska, <a href=\"https:\/\/rp-online.de\/thema\/rheinmetall\/\" rel=\"nofollow noopener\" target=\"_blank\">Rheinmetall<\/a>, Colt, Kalaschnikow, Heckler &amp; Koch sowie Smith &amp; Wesson. Auch Schie\u00dfstifte, Butterflymesser, Stahlruten, Elektroschock-Taschenlampen und Schlagringe soll der 60-J\u00e4hrige im Angebot gehabt haben. Etliche Waffen wurden als unvollst\u00e4ndig oder unbrauchbar beschrieben.<\/p>\n<p class=\"richtext text-em-55 !leading-serif mx-6 desktop:mx-0\">Im Keller des Geb\u00e4udes stie\u00dfen die Beamten auf die n\u00e4chste \u00dcberraschung: Hinter einem Tresor und hinter einer Vitrine befanden sich zwei Geheimt\u00fcren, die nur mit einem versteckten Mechanismus ge\u00f6ffnet werden konnten. Dort fanden die Einsatzkr\u00e4fte eine Sammlung von Militaria aus der Zeit des Zweiten Weltkriegs; unter anderem Uniformen, Fotografien und Propagandamaterial wurden wie in einer Art Museum gelagert. Dort fanden sich auch zahlreiche Dekorationswaffen oder unsch\u00e4dlich gemachte, sogenannte entmilitarisierte Waffen. Ein weiterer Geheimraum mit 29 Maschinengewehren und drei Panzerb\u00fcchsen wurde hinter einer weiteren Vitrine im Keller entdeckt, nachdem der Hauptbeschuldigte dessen Existenz verraten hatte.<\/p>\n<p class=\"richtext text-em-55 !leading-serif mx-6 desktop:mx-0\">Auf die Spur gekommen war die Polizei den M\u00e4nnern durch verdeckte Ermittler, die einen angeblichen Waffenkauf einf\u00e4delten. Der Zugriff erfolgte schlie\u00dflich auf der Autobahn 1 bei Remscheid: Spezialkr\u00e4fte stoppten den Wagen des 60-J\u00e4hrigen. Als K\u00e4ufer der Waffen vermuten die Ermittler Kunden aus dem Bereich der Organisierten Kriminalit\u00e4t. Der Hauptangeklagte hatte gegen\u00fcber den Ermittlern behauptet, ein Gro\u00dfteil der Waffen sei Teil seiner Privatsammlung, die er nicht verkaufen wollte. Er habe lediglich einzelne Exemplare weiterverkauft. Laut Anklage soll der Hauptangeklagte dem 38 Jahre alten Mitangeklagten insgesamt sechs Maschinenpistolen und einen Revolver samt Munition verkauft haben.<\/p>\n<p class=\"richtext text-em-55 !leading-serif mx-6 desktop:mx-0\">Oberstaatsanwalt Wolf-Tilman Baumert sagte unmittelbar vor Beginn des Prozesses, die Ermittler h\u00e4tten einen Zeugen in <a href=\"https:\/\/rp-online.de\/thema\/polen\/\" rel=\"nofollow noopener\" target=\"_blank\">Polen<\/a> gefunden, der den umfangreichen Handel auch mit Kriegswaffen best\u00e4tigt habe. Diese seien an den Hauptangeklagten verkauft worden. Die Zeugenaussage deute auch auf ein noch gr\u00f6\u00dferes Ausma\u00df hin. Nun bleibe abzuwarten, ob der 60-J\u00e4hrige sich weiterhin als harmloser Militaria-H\u00e4ndler und Waffensammler darstelle. Der 60-J\u00e4hrige ist ein gelernter Kfz-Mechaniker mit Kenntnissen als B\u00fcchsenmacher. In einem Raum hatten die Ermittler auch eine Art Werkbank und Werkzeug entdeckt, mit dem alte, entmilitarisierte Waffen eventuell wieder schussf\u00e4hig gemacht worden sein k\u00f6nnten.<\/p>\n<p class=\"richtext text-em-55 !leading-serif mx-6 desktop:mx-0\">Das Wuppertaler Landgericht hat f\u00fcr den Fall bis zum 23. September zehn Verhandlungstage angesetzt. Der Prozess wird am 15. Juli fortgesetzt.<\/p>\n","protected":false},"excerpt":{"rendered":"Rund eine Stunde braucht Oberstaatsanwalt Daniel M\u00fcller, um die Liste der in einem Remscheider Keller beschlagnahmten Waffen und&hellip;\n","protected":false},"author":2,"featured_media":1147051,"comment_status":"","ping_status":"","sticky":false,"template":"","format":"standard","meta":{"footnotes":"","_share_on_mastodon":"0"},"categories":[1840],"tags":[10831,7130,20610,3364,240998,29,22314,30,30679,3744,240996,43856,10177,4933,241000,26828,1209,131589,240999,1269,3238,38738,111473,25971,9115,1997,4743,122951,7483,240995,37219,93353,201030,240997,4418],"class_list":["post-1147050","post","type-post","status-publish","format-standard","has-post-thumbnail","category-wuppertal","tag-angeklagt","tag-angeklagten","tag-anwalt","tag-de","tag-dekorationswaffen","tag-deutschland","tag-ermittler","tag-germany","tag-hauptangeklagte","tag-keller","tag-kellerraeumen","tag-kriegswaffen","tag-kriegswaffenkontrollgesetz","tag-landgericht","tag-langwaffen","tag-munition","tag-nordrhein-westfalen","tag-oberstaatsanwalt","tag-panzerabwehrwaffen","tag-prozess","tag-prozessauftakt","tag-prozesstag","tag-schraeder","tag-schuss","tag-schusswaffen","tag-staatsanwaltschaft","tag-waffen","tag-waffenarsenal","tag-waffenfund","tag-waffenfunde","tag-waffengesetz","tag-waffenkauf","tag-waffenlager","tag-waffensammler","tag-wuppertal"],"share_on_mastodon":{"url":"","error":"Validation failed: Text character limit of 500 exceeded"},"_links":{"self":[{"href":"https:\/\/www.europesays.com\/de\/wp-json\/wp\/v2\/posts\/1147050","targetHints":{"allow":["GET"]}}],"collection":[{"href":"https:\/\/www.europesays.com\/de\/wp-json\/wp\/v2\/posts"}],"about":[{"href":"https:\/\/www.europesays.com\/de\/wp-json\/wp\/v2\/types\/post"}],"author":[{"embeddable":true,"href":"https:\/\/www.europesays.com\/de\/wp-json\/wp\/v2\/users\/2"}],"replies":[{"embeddable":true,"href":"https:\/\/www.europesays.com\/de\/wp-json\/wp\/v2\/comments?post=1147050"}],"version-history":[{"count":0,"href":"https:\/\/www.europesays.com\/de\/wp-json\/wp\/v2\/posts\/1147050\/revisions"}],"wp:featuredmedia":[{"embeddable":true,"href":"https:\/\/www.europesays.com\/de\/wp-json\/wp\/v2\/media\/1147051"}],"wp:attachment":[{"href":"https:\/\/www.europesays.com\/de\/wp-json\/wp\/v2\/media?parent=1147050"}],"wp:term":[{"taxonomy":"category","embeddable":true,"href":"https:\/\/www.europesays.com\/de\/wp-json\/wp\/v2\/categories?post=1147050"},{"taxonomy":"post_tag","embeddable":true,"href":"https:\/\/www.europesays.com\/de\/wp-json\/wp\/v2\/tags?post=1147050"}],"curies":[{"name":"wp","href":"https:\/\/api.w.org\/{rel}","templated":true}]}}