{"id":1147114,"date":"2026-07-06T14:21:28","date_gmt":"2026-07-06T14:21:28","guid":{"rendered":"https:\/\/www.europesays.com\/de\/1147114\/"},"modified":"2026-07-06T14:21:28","modified_gmt":"2026-07-06T14:21:28","slug":"aerger-um-busse-208-und-218-in-waiblingen-ploetzlich-fahren-sie-ganz-anders-nachrichten-aus-waiblingen","status":"publish","type":"post","link":"https:\/\/www.europesays.com\/de\/1147114\/","title":{"rendered":"\u00c4rger um Busse 208 und 218 in Waiblingen: Pl\u00f6tzlich fahren sie ganz anders &#8211; Nachrichten aus Waiblingen"},"content":{"rendered":"<p><strong>Waiblingen.<\/strong> Verwirrung bei Bus-Fahrg\u00e4sten in Waiblingen: Statt Linie 218 f\u00e4hrt seit Montag, 6. Juli, teils die 208. F\u00fcr \u00c4rger sorgt dabei nicht nur, dass nur noch eine Abfahrt pro Stunde auf dem Fahrplan steht. Sondern auch, dass es vorab keine Informationen gab \u2013 teils werden am Montag auch noch die 218er-Busse in Apps angezeigt, etwa bei der Deutschen Bahn. Was ist das los? Wir haben bei der Betreiberfirma OVR aus Waiblingen nachgehakt.<\/p>\n<p>Betroffen ist unter anderem<\/p>\n","protected":false},"excerpt":{"rendered":"Waiblingen. Verwirrung bei Bus-Fahrg\u00e4sten in Waiblingen: Statt Linie 218 f\u00e4hrt seit Montag, 6. Juli, teils die 208. F\u00fcr&hellip;\n","protected":false},"author":2,"featured_media":1147115,"comment_status":"","ping_status":"","sticky":false,"template":"","format":"standard","meta":{"footnotes":"","_share_on_mastodon":"0"},"categories":[1830],"tags":[240172,240173,1634,10415,3364,29,14303,30,223457,192667,93458,214993,123754,1441,4073,191400,6843,9887,214994,241009],"class_list":["post-1147114","post","type-post","status-publish","format-standard","has-post-thumbnail","category-stuttgart","tag-240172","tag-240173","tag-baden-wuerttemberg","tag-bus","tag-de","tag-deutschland","tag-fahrplan","tag-germany","tag-ludwigsburger-strasse","tag-ovr","tag-schellingstrasse","tag-schmidener-strasse","tag-schwabstrasse","tag-stuttgart","tag-umleitung","tag-un_was-gibt-es-neues","tag-vvs","tag-waiblingen","tag-wasserstube","tag-wasserstubenweg"],"share_on_mastodon":{"url":"https:\/\/pubeurope.com\/@de\/116873480519521603","error":""},"_links":{"self":[{"href":"https:\/\/www.europesays.com\/de\/wp-json\/wp\/v2\/posts\/1147114","targetHints":{"allow":["GET"]}}],"collection":[{"href":"https:\/\/www.europesays.com\/de\/wp-json\/wp\/v2\/posts"}],"about":[{"href":"https:\/\/www.europesays.com\/de\/wp-json\/wp\/v2\/types\/post"}],"author":[{"embeddable":true,"href":"https:\/\/www.europesays.com\/de\/wp-json\/wp\/v2\/users\/2"}],"replies":[{"embeddable":true,"href":"https:\/\/www.europesays.com\/de\/wp-json\/wp\/v2\/comments?post=1147114"}],"version-history":[{"count":0,"href":"https:\/\/www.europesays.com\/de\/wp-json\/wp\/v2\/posts\/1147114\/revisions"}],"wp:featuredmedia":[{"embeddable":true,"href":"https:\/\/www.europesays.com\/de\/wp-json\/wp\/v2\/media\/1147115"}],"wp:attachment":[{"href":"https:\/\/www.europesays.com\/de\/wp-json\/wp\/v2\/media?parent=1147114"}],"wp:term":[{"taxonomy":"category","embeddable":true,"href":"https:\/\/www.europesays.com\/de\/wp-json\/wp\/v2\/categories?post=1147114"},{"taxonomy":"post_tag","embeddable":true,"href":"https:\/\/www.europesays.com\/de\/wp-json\/wp\/v2\/tags?post=1147114"}],"curies":[{"name":"wp","href":"https:\/\/api.w.org\/{rel}","templated":true}]}}