{"id":1147134,"date":"2026-07-06T14:33:21","date_gmt":"2026-07-06T14:33:21","guid":{"rendered":"https:\/\/www.europesays.com\/de\/1147134\/"},"modified":"2026-07-06T14:33:21","modified_gmt":"2026-07-06T14:33:21","slug":"experten-berlin-muss-katastrophenschutz-deutlich-staerken-nachrichten-aktuell","status":"publish","type":"post","link":"https:\/\/www.europesays.com\/de\/1147134\/","title":{"rendered":"Experten: Berlin muss Katastrophenschutz deutlich st\u00e4rken | Nachrichten Aktuell"},"content":{"rendered":"<p id=\"absatz1\" class=\"em_text\">Berlin ist nach Einsch\u00e4tzung einer unabh\u00e4ngigen Expertenkommission nach wie vor nicht ausreichend auf Krisen und Katastrophen vorbereitet. Der mehrt\u00e4gige Stromausfall Anfang des Jahres im S\u00fcdwesten der Hauptstadt habe eine Reihe von Schwachstellen offengelegt, hei\u00dft es in dem Bericht, den die Kommission rund sechs Monate nach dem Blackout im Roten Rathaus vorgestellt hat.<\/p>\n<p id=\"absatz2\" class=\"em_text\">Sie reichen von unzureichender Kommunikation mit der Bev\u00f6lkerung \u00fcber M\u00e4ngel bei der Notstromversorgung bis zum Zusammenbruch des Mobilfunknetzes in den betroffenen Stadtteilen. \u00abDer Terroranschlag auf das Stromnetz im Januar 2026 war ein Weckruf f\u00fcr Berlin und andere St\u00e4dte\u00bb, so die Kommission.<\/p>\n<p><a class=\"link-img\" href=\"https:\/\/www.mt.de\/_em_daten\/_cache\/image\/1xSkZrbm5qenlidjRuZ05UTUhWYjVSaXFBTk9TR2diZC9PeWZBM1g1b3VUR1VOV2F0WmJMUGNoQStTMjNsU0UrY2FXTUxhQmtpaVZrT0xXMWdVd01yWkxRcVZsVG5UeDhKd0FBUzJvYUplTUhLVnM3U1M1eFpUSWJvd2pvWUY5SHA\/260706-1439-urn-newsml-dpa-com-20090101-260706-935-1461526.webp\" data-fancybox=\"images\" data-caption=\"Berlins Regierender B\u00fcrgermeister Kai Wegner (r, CDU) und Innensenatorin Iris Spranger (SPD) halten mehr Investitionen in den Katastrophenschutz f\u00fcr n\u00f6tig. - \u00a9 Soeren Stache\/dpa\" rel=\"nofollow noopener\" target=\"_blank\"><br \/>\n<img decoding=\"async\"  src=\"https:\/\/www.europesays.com\/de\/wp-content\/uploads\/2026\/07\/260706-1439-urn-newsml-dpa-com-20090101-260706-935-1461526.webp\" loading=\"lazy\" width=\"1000\" alt=\"Berlins Regierender B\u00fcrgermeister Kai Wegner (r, CDU) und Innensenatorin Iris Spranger (SPD) halten mehr Investitionen in den Katastrophenschutz f\u00fcr n\u00f6tig. - \u00a9 Soeren Stache\/dpa\"\/><\/p>\n<p><\/a><\/p>\n<p>Berlins Regierender B\u00fcrgermeister Kai Wegner (r, CDU) und Innensenatorin Iris Spranger (SPD) halten mehr Investitionen in den Katastrophenschutz f\u00fcr n\u00f6tig. &#8211; \u00a9 Soeren Stache\/dpa<\/p>\n<p id=\"absatz5\" class=\"em_text\">Bei dem gr\u00f6\u00dften Stromausfall in Berlin seit dem Zweiten Weltkrieg waren insgesamt rund 100.000 Menschen betroffen, viele mussten mitten im Winter komplett ohne Strom, Heizung und funktionierendes Handy auskommen. Grund f\u00fcr den Blackout vom 3. bis 7. Januar war ein mutma\u00dflich linksextremistischer Brandanschlag auf eine Kabelbr\u00fccke im Berliner Bezirk Steglitz-Zehlendorf.<\/p>\n<p>Bedrohung durch Cyberangriffe, Sabotage oder Extremtemperaturen<\/p>\n<p><a class=\"link-img\" href=\"https:\/\/www.mt.de\/_em_daten\/_cache\/image\/1xSkZrbm5qenlidjRuZ05UTUhWYjVSaXFBTk9TR2diZC9PeWZBM1g1b3VUR1VOV2F0WmJMUGNoQStTMjNsU0UrY2FXTUxhQmtpaVZrT0xXMWdVd01yWk9TZU9ocEVha3ZVMTkvMTlSTzNjTzlSU0NlK0NZaTFsOTROTklwSjlEVnA\/260706-1439-urn-newsml-dpa-com-20090101-260706-935-1461523.webp\" data-fancybox=\"images\" data-caption=\"Kommissionsmitglied Albrecht Broemme fordert auch von der Bev\u00f6lkerung eine bessere Vorbereitung auf Krisenf\u00e4lle. - \u00a9 Soeren Stache\/dpa\" rel=\"nofollow noopener\" target=\"_blank\"><br \/>\n<img decoding=\"async\"  src=\"https:\/\/www.europesays.com\/de\/wp-content\/uploads\/2026\/07\/260706-1439-urn-newsml-dpa-com-20090101-260706-935-1461523.webp\" loading=\"lazy\" width=\"1000\" alt=\"Kommissionsmitglied Albrecht Broemme fordert auch von der Bev\u00f6lkerung eine bessere Vorbereitung auf Krisenf\u00e4lle. - \u00a9 Soeren Stache\/dpa\"\/><\/p>\n<p><\/a><\/p>\n<p>Kommissionsmitglied Albrecht Broemme fordert auch von der Bev\u00f6lkerung eine bessere Vorbereitung auf Krisenf\u00e4lle. &#8211; \u00a9 Soeren Stache\/dpa<\/p>\n<p id=\"absatz7\" class=\"em_text\">\u00abDieser Stromausfall f\u00fchrte Berlin hart an die Belastungsgrenze\u00bb, sagte Kommissionsmitglied und Ex-Brigadegeneral Uwe Nerger. K\u00fcnftig werde es vermehrt von Menschen gesteuerte Katastrophen &#8211; wie durch Anschl\u00e4ge &#8211; geben, warnte er. Das Risiko nehme in mehrfacher Hinsicht zu.<\/p>\n<p><a class=\"link-img\" href=\"https:\/\/www.mt.de\/_em_daten\/_cache\/image\/1xSkZrbm5qenlidjRuZ05UTUhWYjVSaXFBTk9TR2diZC9PeWZBM1g1b3VUR1VOV2F0WmJMUGNoQStTMjNsU0UrY2FXTUxhQmtpaVZrT0xXMWdVd01yWklzTEEvMmprNy9aanZpd2RQcGlFLzh0aExRbzJVNXRuRHp4RFJBY1ZRWVA\/260706-1439-urn-newsml-dpa-com-20090101-260706-935-1461529.webp\" data-fancybox=\"images\" data-caption=\"Kommissionsmitglied Sigrid Nikutta appelliert an die Politik, beim Katastrophenschutz keine Zeit zu verlieren. - \u00a9 Soeren Stache\/dpa\" rel=\"nofollow noopener\" target=\"_blank\"><br \/>\n<img decoding=\"async\"  src=\"https:\/\/www.europesays.com\/de\/wp-content\/uploads\/2026\/07\/260706-1439-urn-newsml-dpa-com-20090101-260706-935-1461529.webp\" loading=\"lazy\" width=\"1000\" alt=\"Kommissionsmitglied Sigrid Nikutta appelliert an die Politik, beim Katastrophenschutz keine Zeit zu verlieren. - \u00a9 Soeren Stache\/dpa\"\/><\/p>\n<p><\/a><\/p>\n<p>Kommissionsmitglied Sigrid Nikutta appelliert an die Politik, beim Katastrophenschutz keine Zeit zu verlieren. &#8211; \u00a9 Soeren Stache\/dpa<\/p>\n<p id=\"absatz9\" class=\"em_text\">Der Vorstandsvorsitzende der Charit\u00e9, Heyo Kroemer, wies darauf hin, dass zu den Bedrohungen f\u00fcr Berlin auch Cyberangriffe und Sabotage geh\u00f6rten &#8211; oder ein Klimagro\u00dfschadensfall durch extreme Hitze oder K\u00e4lte.<\/p>\n<p id=\"absatz10\" class=\"em_text\">Als Konsequenz regt die mit vier Experten besetzte Kommission an, ein Lage- und Krisenzentrum aufzubauen, das alle Krisenst\u00e4be im Land und mit der Bundesebene verbinden soll. Au\u00dferdem empfiehlt sie, einen sogenannten Chief Resilience Officer (CRO) bei der Senatskanzlei auf Staatssekret\u00e4rsebene zu etablieren.<\/p>\n<p>Experten dr\u00e4ngen auf mehr \u00dcbungen f\u00fcr den Krisenfall<\/p>\n<p id=\"absatz11\" class=\"em_text\">Zur Vorbereitung auf Krisenf\u00e4lle mahnte Kommissionsmitglied Albrecht Broemme au\u00dferdem deutlich mehr regelm\u00e4\u00dfige \u00dcbungen an. Dabei m\u00fcsse die Bev\u00f6lkerung einbezogen werden, sagte der ehemalige Berliner Landesbrandmeister. \u00abEs reicht nicht, dass Feuerwehr und Polizei funktionieren.\u00bb<\/p>\n<p id=\"absatz12\" class=\"em_text\">Als Ziel gab die Kommission aus, alle in einem Berliner Krisenfall betroffenen Akteure m\u00fcssten bis sp\u00e4testens 2029 in der Lage zu sein, den Betrieb ihrer Kernfunktionen \u00fcber zehn Tage zu gew\u00e4hrleisten.<\/p>\n<p id=\"absatz13\" class=\"em_text\">Nach \u00dcberzeugung der Experten dr\u00e4ngt die Zeit: \u00abEs w\u00e4re gut, wenn wir morgen anfangen mit der Umsetzung\u00bb, sagte die fr\u00fchere Bahn-Managerin und ehemalige Vorstandsvorsitzende der Berliner Verkehrsbetriebe, Sigrid Nikutta.<\/p>\n<p id=\"absatz14\" class=\"em_text\">Berlins Regierender B\u00fcrgermeister Kai Wegner (CDU) r\u00e4umte ein, Berlin m\u00fcsse sich noch professioneller aufstellen. \u00abDas kostet Geld. Wir werden in den n\u00e4chsten Jahren im Haushalt umsteuern m\u00fcssen\u00bb, sagte er.<\/p>\n<p>Berlin fordert mehr Geld vom Bund<\/p>\n<p id=\"absatz15\" class=\"em_text\">Als Bundeshauptstadt habe Berlin eine besondere Bedrohungslage &#8211; nicht zuletzt als Sitz von Bundestag, Bundesrat und Kanzleramt. Wegner wies darauf hin, dass ein vergleichbarer Stromausfall auch Bundesbeh\u00f6rden treffen k\u00f6nne.<\/p>\n<p id=\"absatz16\" class=\"em_text\">Der Bund m\u00fcsse finanziell mit Blick auf den notwendigen Schutz entsprechender Infrastruktur k\u00fcnftig noch mehr Verantwortung \u00fcbernehmen, forderte der CDU-Politiker.<\/p>\n<p id=\"absatz17\" class=\"em_text\">Innensenatorin Iris Spranger (SPD) \u00e4u\u00dferte sich skeptisch zu dem Vorschlag, eine Stelle f\u00fcr einen Chief Resilience Officer zu schaffen. \u00abDa bin ich etwas anderer Meinung als die Expertenkommission.\u00bb Einen zus\u00e4tzlichen Beauftragten brauche es aus ihrer Sicht nicht &#8211; ein Staatssekret\u00e4r mit entsprechenden Aufgaben in der Innenverwaltung w\u00e4re f\u00fcr sie die bessere L\u00f6sung.<\/p>\n<p id=\"absatz18\" class=\"em_text\">Ein zentrales Lage- und Krisenzentrum ist aus ihrer Sicht aber ein vern\u00fcnftiger Vorschlag. Und auch Spranger betonte, es sei notwendig, deutlich mehr Geld in den Katastrophenschutz zu investieren.<\/p>\n<p id=\"absatz19\" class=\"em_text\">Die Kommission wurde Ende Januar von Wegner eingesetzt. Ihr Bericht mit dem sperrigen Titel \u00abResilienz in Berlin: \u00dcber die Funktionsf\u00e4higkeit der kritischen Infrastruktur\u00bb analysiert auf rund 50 Seiten die Erfahrungen mit dem Stromausfall im Januar und schl\u00e4gt Dutzende von Einzelma\u00dfnahmen vor.<\/p>\n<p id=\"absatz20\" class=\"em_text\">Sie reichen von besserem Schutz von sensiblen Daten zum Berliner Stromnetz, \u00fcber eine engere Zusammenarbeit der Berliner Kliniken mit Blick auf Krisenf\u00e4lle und Katastrophenschutzleuchtt\u00fcrmen genannten Anlaufstellen in ganz Berlin, bis zu einem in Krisenf\u00e4llen mindestens 72 Stunden funktionierendes Mobilfunknetz. <\/p>\n","protected":false},"excerpt":{"rendered":"Berlin ist nach Einsch\u00e4tzung einer unabh\u00e4ngigen Expertenkommission nach wie vor nicht ausreichend auf Krisen und Katastrophen vorbereitet. Der&hellip;\n","protected":false},"author":2,"featured_media":1147135,"comment_status":"","ping_status":"","sticky":false,"template":"","format":"standard","meta":{"footnotes":"","_share_on_mastodon":"0"},"categories":[1825],"tags":[1941,1939,296,1937,31,7408,29,185022,30,2384,7335,5668,1940,1938,523,5667,16414,10037,241015,2657],"class_list":["post-1147134","post","type-post","status-publish","format-standard","has-post-thumbnail","category-berlin","tag-aktuelle-nachrichten-aus-berlin","tag-aktuelle-news-aus-berlin","tag-berlin","tag-berlin-news","tag-cdu","tag-charite","tag-deutschland","tag-expertenkommission","tag-germany","tag-kai-wegner","tag-katastrophe","tag-katastrophenschutz","tag-nachrichten-aus-berlin","tag-news-aus-berlin","tag-steglitz-zehlendorf","tag-stromausfall","tag-suedwesten","tag-terroranschlag","tag-uwe-nerger","tag-zweiter-weltkrieg"],"share_on_mastodon":{"url":"https:\/\/pubeurope.com\/@de\/116873528228095884","error":""},"_links":{"self":[{"href":"https:\/\/www.europesays.com\/de\/wp-json\/wp\/v2\/posts\/1147134","targetHints":{"allow":["GET"]}}],"collection":[{"href":"https:\/\/www.europesays.com\/de\/wp-json\/wp\/v2\/posts"}],"about":[{"href":"https:\/\/www.europesays.com\/de\/wp-json\/wp\/v2\/types\/post"}],"author":[{"embeddable":true,"href":"https:\/\/www.europesays.com\/de\/wp-json\/wp\/v2\/users\/2"}],"replies":[{"embeddable":true,"href":"https:\/\/www.europesays.com\/de\/wp-json\/wp\/v2\/comments?post=1147134"}],"version-history":[{"count":0,"href":"https:\/\/www.europesays.com\/de\/wp-json\/wp\/v2\/posts\/1147134\/revisions"}],"wp:featuredmedia":[{"embeddable":true,"href":"https:\/\/www.europesays.com\/de\/wp-json\/wp\/v2\/media\/1147135"}],"wp:attachment":[{"href":"https:\/\/www.europesays.com\/de\/wp-json\/wp\/v2\/media?parent=1147134"}],"wp:term":[{"taxonomy":"category","embeddable":true,"href":"https:\/\/www.europesays.com\/de\/wp-json\/wp\/v2\/categories?post=1147134"},{"taxonomy":"post_tag","embeddable":true,"href":"https:\/\/www.europesays.com\/de\/wp-json\/wp\/v2\/tags?post=1147134"}],"curies":[{"name":"wp","href":"https:\/\/api.w.org\/{rel}","templated":true}]}}