{"id":1147296,"date":"2026-07-06T16:05:15","date_gmt":"2026-07-06T16:05:15","guid":{"rendered":"https:\/\/www.europesays.com\/de\/1147296\/"},"modified":"2026-07-06T16:05:15","modified_gmt":"2026-07-06T16:05:15","slug":"die-landarztpraxis-team-sonnenhof-so-geht-es-heute-am-6-7-26-weiter","status":"publish","type":"post","link":"https:\/\/www.europesays.com\/de\/1147296\/","title":{"rendered":"Die Landarztpraxis \u2013 Team Sonnenhof: So geht es heute am 6.7.26 weiter\u00a0"},"content":{"rendered":"<p class=\"mb-6 text-xs-varying md:text-m lg:text-l font-serif group-[.font-sans]:font-sans \">\n    Mit \u201eDie Landarztpraxis \u2013 Team Sonnenhof\u201c bekommt die beliebte Serie \u201eDie Landarztpraxis\u201c 2026 einen Ableger mit einer eigenen Geschichte und anderen Protagonisten. Aber auch bekannte Figuren aus der Originalserie werden in die neue Serie eingebunden. Sie spielt in Weilhausen, einem Nachbarort von Wiesenkirchen, dem Schauplatz von \u201eDie Landarztpraxis\u201c. Staffel 4 von <a href=\"https:\/\/www.augsburger-allgemeine.de\/panorama\/tv\/die-landarztpraxis-staffel-4-start-und-sendetermine-wann-geht-es-weiter-26-6-2026-110181778\" target=\"_self\" class=\"underline \" rel=\"nofollow noopener\">&#8222;Die Landarztpraxis\u201c<\/a>\u00a0lief bis zum 26. Juni 2026 mit den (vorerst?) letzten Folgen. Sie wurde dann vom neuen Spin-off abgel\u00f6st, in dem auch Schlager-Star <a href=\"https:\/\/www.augsburger-allgemeine.de\/panorama\/tv\/beatrice-egli-hat-einen-neuen-job-als-schauspielerin-in-die-landarztpraxis-team-sonnenhof-1-29-6-26-114477512\" target=\"_self\" class=\"underline \" rel=\"nofollow noopener\">Beatrice Egli<\/a> vor der Kamera steht.\n  <\/p>\n<p class=\"mb-6 text-xs-varying md:text-m lg:text-l font-serif group-[.font-sans]:font-sans \">\n    Worum geht es? Nach dem Tod ihrer Eltern setzt sich Lilli Lamminger ein ehrgeiziges Ziel: Sie m\u00f6chte den traditionsreichen Familiengasthof \u201eSonnenhof\u201c in Weilhausen wiederer\u00f6ffnen und damit das Lebenswerk ihrer Familie bewahren. Ein zentraler Bestandteil ihres Konzepts ist die Ansiedlung einer Arztpraxis. Mit Dr. Ella Wagner, die nach ihrer R\u00fcckkehr aus Australien beruflich neu beginnen und eine eigene Praxis er\u00f6ffnen m\u00f6chte, scheint sich daf\u00fcr eine ideale L\u00f6sung anzubieten.\n  <\/p>\n<p class=\"mb-6 text-xs-varying md:text-m lg:text-l font-serif group-[.font-sans]:font-sans \">\n    Doch Lillis Pl\u00e4ne sto\u00dfen nicht bei allen Familienmitgliedern auf Zustimmung. Ihr Bruder Konstantin Lamminger, der als Arzt in <a href=\"https:\/\/www.augsburger-allgemeine.de\/orte\/aa-muenchen\" target=\"_self\" class=\"underline \" rel=\"nofollow noopener\">M\u00fcnchen<\/a> t\u00e4tig ist, hat eigene Vorstellungen von der Zukunft des Anwesens. Auch die weiteren Geschwister m\u00fcssen von dem Vorhaben \u00fcberzeugt werden: Becky Lamminger, die als Bergretterin arbeitet, ihr Zwillingsbruder Freddy Lamminger sowie die \u00e4lteste Schwester Julia Lamminger, zu der seit Jahren kein Kontakt mehr besteht. Julia bef\u00fcrwortet einen schnellen Verkauf des Hofes und steht einer Wiederbelebung des Familienbetriebs kritisch gegen\u00fcber.\n  <\/p>\n<p class=\"mb-6 text-xs-varying md:text-m lg:text-l font-serif group-[.font-sans]:font-sans \">\n    Vor einer geplanten Zusammenkunft der Geschwister auf dem Sonnenhof sucht Lilli bei einer Bergwanderung Abstand vom famili\u00e4ren Konflikt. Dabei begegnet sie Sebastian, mit dem sie sich auf Anhieb verbunden f\u00fchlt. Die Begegnung besch\u00e4ftigt beide nachhaltig. Wenig sp\u00e4ter stellt sich jedoch heraus, dass Sebastian bereits Teil ihres famili\u00e4ren Umfelds ist: Er ist der Ehemann von Julia Lamminger. Damit erh\u00e4lt die ohnehin angespannte Situation innerhalb der Familie eine zus\u00e4tzliche pers\u00f6nliche Brisanz.\n  <\/p>\n<p>            \u201eDie Landarztpraxis \u2013 Team Sonnenhof\u201c, Folge 6 der 1. Staffel am 6. Juli 2026: \u201eMit den besten Absichten\u201c<\/p>\n<p class=\"mb-6 text-xs-varying md:text-m lg:text-l font-serif group-[.font-sans]:font-sans \">\n    Lilli steht vor einer schwierigen Entscheidung. Sie ist unsicher, ob sie ihren Geschwistern die letzte Nachricht ihres verstorbenen Vaters enth\u00fcllen soll. Besonders die anhaltenden Spannungen mit ihrer Schwester Julia lassen sie z\u00f6gern. Lilli bef\u00fcrchtet, dass die Botschaft die ohnehin belasteten famili\u00e4ren Beziehungen weiter versch\u00e4rfen und neue Konflikte ausl\u00f6sen k\u00f6nnte.\n  <\/p>\n<p class=\"mb-6 text-xs-varying md:text-m lg:text-l font-serif group-[.font-sans]:font-sans \">\n    Als die Geschwister jedoch bei ihrem Treffen zu dem Schluss kommen, ihrem Vater w\u00e4re es gleichg\u00fcltig gewesen, ob sie noch zusammenfinden oder nicht, entscheidet sich Lilli zum Handeln. Um Missverst\u00e4ndnisse auszur\u00e4umen und den tats\u00e4chlichen letzten Wunsch ihres Vaters offenzulegen, spielt sie die Nachricht ab. Dadurch erfahren alle Geschwister erstmals, was ihr Vater ihnen mit auf den Weg geben wollte. Die Botschaft verleiht dem Familientreffen eine neue Perspektive und zwingt die Geschwister, ihre bisherigen Annahmen zu hinterfragen.\n  <\/p>\n<p>            \u201eDie Landarztpraxis \u2013 Team Sonnenhof\u201c, Staffel 1: Darum geht es in den Folgen 7 bis 10<\/p>\n<p class=\"mb-6 text-xs-varying md:text-m lg:text-l font-serif group-[.font-sans]:font-sans \">\n    Nach der Folge am Montag geht es nat\u00fcrlich noch die ganze Woche weiter. Worum drehen sich die \u00fcbrigen Episoden?\n  <\/p>\n<p class=\"mb-6 text-xs-varying md:text-m lg:text-l font-serif group-[.font-sans]:font-sans \">\n    <strong class=\"font-bold\">Folge 7 \u201eNachwehen\u201c: 7. Juli 2026, 19 Uhr, Sat.1<\/strong>\n  <\/p>\n<p class=\"mb-6 text-xs-varying md:text-m lg:text-l font-serif group-[.font-sans]:font-sans \">\n    Lilli ist erleichtert, als ihre Geschwister verst\u00e4ndnisvoll auf die Offenbarung reagieren, dass ihr Vater sie kurz vor seinem Tod noch kontaktiert hat. W\u00e4hrend die meisten die Entscheidung ihres Vaters akzeptieren, f\u00e4llt Julia die Situation deutlich schwerer. Sie empfindet es als schmerzhaft, dass er sich mit seiner letzten wichtigen Botschaft nicht an sie, sondern an Lilli gewandt hat.\n  <\/p>\n<p class=\"mb-6 text-xs-varying md:text-m lg:text-l font-serif group-[.font-sans]:font-sans \">\n    Trotz der erneuten Belastung f\u00fcr ihr Verh\u00e4ltnis h\u00e4lt Lilli an ihrem Wunsch nach Vers\u00f6hnung fest. Sie m\u00f6chte die jahrelange Distanz zu ihrer Schwester \u00fcberwinden und den Kontakt wiederherstellen. Julia ist jedoch nicht bereit, den Konflikt hinter sich zu lassen, und begegnet Lillis Ann\u00e4herungsversuchen weiterhin mit gro\u00dfer Zur\u00fcckhaltung. Dennoch gibt Lilli die Hoffnung nicht auf, dass die Familie eines Tages wieder zusammenfinden kann.\n  <\/p>\n<p class=\"mb-6 text-xs-varying md:text-m lg:text-l font-serif group-[.font-sans]:font-sans \">\n    <strong class=\"font-bold\">Folge 8 \u201eGegenl\u00e4ufigkeit\u201c: 8. Juli 2026, 19 Uhr, Sat.1<\/strong>\n  <\/p>\n<p class=\"mb-6 text-xs-varying md:text-m lg:text-l font-serif group-[.font-sans]:font-sans \">\n    Als Becky erkennt, dass Sebastian derselbe Mann ist, dem Lilli zuvor zuf\u00e4llig in der Angelh\u00fctte begegnet ist, sieht sich Lilli gezwungen, die Wahrheit preiszugeben. Offen spricht sie \u00fcber ihre Gef\u00fchle und r\u00e4umt ein, dass sie sich von Sebastian angezogen f\u00fchlt. Gleichzeitig macht sie deutlich, dass sie alles daransetzt, dieser Entwicklung keine Bedeutung zu geben.\n  <\/p>\n<p class=\"mb-6 text-xs-varying md:text-m lg:text-l font-serif group-[.font-sans]:font-sans \">\n    F\u00fcr Lilli steht fest, dass sie die ohnehin schwierige Ann\u00e4herung an Julia nicht gef\u00e4hrden will. Nach den j\u00fcngsten famili\u00e4ren Konflikten m\u00f6chte sie nichts tun, was die angestrebte Vers\u00f6hnung erneut belasten k\u00f6nnte. Deshalb versucht sie, ihre Gef\u00fchle zur\u00fcckzustellen und Abstand zu wahren.\n  <\/p>\n<p class=\"mb-6 text-xs-varying md:text-m lg:text-l font-serif group-[.font-sans]:font-sans \">\n    Was Lilli nicht wei\u00df: Auch Sebastian k\u00e4mpft mit seinen Emotionen. Die Begegnung hat ihn ebenso wenig losgelassen, und er befindet sich in einem \u00e4hnlichen inneren Konflikt zwischen Verantwortung und pers\u00f6nlicher Anziehung.\n  <\/p>\n<p class=\"mb-6 text-xs-varying md:text-m lg:text-l font-serif group-[.font-sans]:font-sans \">\n    <strong class=\"font-bold\">Folge 9 \u201eStandhaftigkeit\u201c: 9. Juli 2026, 19 Uhr, Sat.1<\/strong>\n  <\/p>\n<p class=\"mb-6 text-xs-varying md:text-m lg:text-l font-serif group-[.font-sans]:font-sans \">\n    Lilli ger\u00e4t zunehmend ins Zweifeln, ob sie den Sonnenhof tats\u00e4chlich in die Zukunft f\u00fchren kann. Nachdem eine defekte Brandschutzanlage die vor\u00fcbergehende Schlie\u00dfung des Gasthofs erforderlich macht, steht das gesamte Projekt pl\u00f6tzlich auf der Kippe. Die Situation versch\u00e4rft sich zus\u00e4tzlich, als Julia die neuen Probleme zum Anlass nimmt, erneut f\u00fcr einen Verkauf des Anwesens zu werben.\n  <\/p>\n<p class=\"mb-6 text-xs-varying md:text-m lg:text-l font-serif group-[.font-sans]:font-sans \">\n    Trotz der R\u00fcckschl\u00e4ge erh\u00e4lt Lilli R\u00fcckhalt von ihren Geschwistern, die weiterhin an ihre Pl\u00e4ne glauben. Auch Marc best\u00e4rkt sie darin, nicht aufzugeben und f\u00fcr ihren Traum zu k\u00e4mpfen. Schritt f\u00fcr Schritt gewinnt Lilli neues Vertrauen in ihre Entscheidung. Gleichzeitig ist ihr bewusst, dass sich der Sonnenhof keine weiteren schwerwiegenden Probleme leisten kann.\n  <\/p>\n<p class=\"mb-6 text-xs-varying md:text-m lg:text-l font-serif group-[.font-sans]:font-sans \">\n    W\u00e4hrend sich die Lage scheinbar etwas stabilisiert, st\u00f6\u00dft Sebastian bei der Durchsicht der Finanzunterlagen auf eine besorgniserregende Entdeckung. Die neuen Erkenntnisse werfen Fragen \u00fcber die wirtschaftliche Situation des Sonnenhofs auf und drohen, die Zukunft des Familienbetriebs erneut in Gefahr zu bringen.\n  <\/p>\n<p class=\"mb-6 text-xs-varying md:text-m lg:text-l font-serif group-[.font-sans]:font-sans \">\n    <strong class=\"font-bold\">Folge 10 \u201eGeheimniswahrerin\u201c: 10. Juli 2026, 19 Uhr, Sat.1<\/strong>\n  <\/p>\n<p class=\"mb-6 text-xs-varying md:text-m lg:text-l font-serif group-[.font-sans]:font-sans \">\n    Lilli wird bei ihren Bem\u00fchungen, den Sonnenhof wirtschaftlich zu stabilisieren, mit einer ern\u00fcchternden Realit\u00e4t konfrontiert. Sebastian legt ihr offen, wie hoch die tats\u00e4chliche Verschuldung des Familienbetriebs ist. Die Erkenntnis trifft sie schwer, denn die finanziellen Probleme sind deutlich gravierender, als sie angenommen hatte.\n  <\/p>\n<p class=\"mb-6 text-xs-varying md:text-m lg:text-l font-serif group-[.font-sans]:font-sans \">\n    Angesichts der drohenden Folgen ger\u00e4t Lilli in eine tiefe Krise. F\u00fcr sie ist der Sonnenhof l\u00e4ngst mehr als nur ein Gasthof. Der Ort hat sich zu einem neuen Lebensmittelpunkt entwickelt und den Geschwistern die M\u00f6glichkeit gegeben, einander wieder n\u00e4herzukommen. Umso gr\u00f6\u00dfer ist ihre Angst, dieses neu gewonnene Zuhause zu verlieren.\n  <\/p>\n<p class=\"mb-6 text-xs-varying md:text-m lg:text-l font-serif group-[.font-sans]:font-sans \">\n    Sebastian steht Lilli in dieser schwierigen Situation bei und unterst\u00fctzt sie emotional. Gleichzeitig bietet er an, selbst finanziell in den Sonnenhof zu investieren, um das Projekt zu retten. Obwohl ihr die Entscheidung nicht leichtf\u00e4llt, nimmt Lilli das Angebot schlie\u00dflich an. Die Unterst\u00fctzung ist jedoch an eine Bedingung gekn\u00fcpft: Vorerst sollen die Geschwister nichts von der Vereinbarung erfahren. Lilli stimmt zu und setzt damit auf eine L\u00f6sung, die dem Sonnenhof eine Zukunft sichern k\u00f6nnte, zugleich aber neues Konfliktpotenzial innerhalb der Familie birgt.\n  <\/p>\n","protected":false},"excerpt":{"rendered":"Mit \u201eDie Landarztpraxis \u2013 Team Sonnenhof\u201c bekommt die beliebte Serie \u201eDie Landarztpraxis\u201c 2026 einen Ableger mit einer eigenen&hellip;\n","protected":false},"author":2,"featured_media":1147297,"comment_status":"","ping_status":"","sticky":false,"template":"","format":"standard","meta":{"footnotes":"","_share_on_mastodon":"0"},"categories":[1773],"tags":[1912,11245,29,237351,214,30,3523,4045,237353,237350,1268,13002,970,471,1780,215],"class_list":["post-1147296","post","type-post","status-publish","format-standard","has-post-thumbnail","category-serien","tag-australien","tag-beatrice-egli","tag-deutschland","tag-ella-wagner","tag-entertainment","tag-germany","tag-kamera","tag-konflikt","tag-lamminger","tag-landarztpraxis","tag-muenchen","tag-sat-1","tag-schlager","tag-serien","tag-series","tag-unterhaltung"],"share_on_mastodon":{"url":"","error":""},"_links":{"self":[{"href":"https:\/\/www.europesays.com\/de\/wp-json\/wp\/v2\/posts\/1147296","targetHints":{"allow":["GET"]}}],"collection":[{"href":"https:\/\/www.europesays.com\/de\/wp-json\/wp\/v2\/posts"}],"about":[{"href":"https:\/\/www.europesays.com\/de\/wp-json\/wp\/v2\/types\/post"}],"author":[{"embeddable":true,"href":"https:\/\/www.europesays.com\/de\/wp-json\/wp\/v2\/users\/2"}],"replies":[{"embeddable":true,"href":"https:\/\/www.europesays.com\/de\/wp-json\/wp\/v2\/comments?post=1147296"}],"version-history":[{"count":0,"href":"https:\/\/www.europesays.com\/de\/wp-json\/wp\/v2\/posts\/1147296\/revisions"}],"wp:featuredmedia":[{"embeddable":true,"href":"https:\/\/www.europesays.com\/de\/wp-json\/wp\/v2\/media\/1147297"}],"wp:attachment":[{"href":"https:\/\/www.europesays.com\/de\/wp-json\/wp\/v2\/media?parent=1147296"}],"wp:term":[{"taxonomy":"category","embeddable":true,"href":"https:\/\/www.europesays.com\/de\/wp-json\/wp\/v2\/categories?post=1147296"},{"taxonomy":"post_tag","embeddable":true,"href":"https:\/\/www.europesays.com\/de\/wp-json\/wp\/v2\/tags?post=1147296"}],"curies":[{"name":"wp","href":"https:\/\/api.w.org\/{rel}","templated":true}]}}