{"id":1147381,"date":"2026-07-06T16:51:28","date_gmt":"2026-07-06T16:51:28","guid":{"rendered":"https:\/\/www.europesays.com\/de\/1147381\/"},"modified":"2026-07-06T16:51:28","modified_gmt":"2026-07-06T16:51:28","slug":"duisburg-schon-35-300-tickets-beim-sommerkino-verkauft","status":"publish","type":"post","link":"https:\/\/www.europesays.com\/de\/1147381\/","title":{"rendered":"Duisburg: Schon 35.300 Tickets beim Sommerkino verkauft"},"content":{"rendered":"<p class=\"text_ohne_einzug richtext text-em-55 !leading-serif mx-6 desktop:mx-0\">  35.300 Tickets sind bereits verkauft \u2013 und zum Finale der Spielzeit gibt es mit \u201eExtrawurst\u201c nochmal etwas zu lachen. Nun sind alle drei \u00dcberraschungstermine im diesj\u00e4hrigen Open-Air-Programm im Vorverkauf. Das teilten die Veranstalter am Montag mit.<\/p>\n<p class=\"richtext text-em-55 !leading-serif mx-6 desktop:mx-0\">Am Sonntag, 23. August wirft das Duisburger Stadtwerke Sommerkino zum Finale ein weiteres Mal den Grill im Tennisclub an und bringt auf der gro\u00dfen Leinwand die Kom\u00f6die \u201eExtrawurst\u201c mit <a href=\"https:\/\/rp-online.de\/thema\/hape-kerkeling\/\" rel=\"nofollow noopener\" target=\"_blank\">Hape Kerkeling<\/a> und <a href=\"https:\/\/rp-online.de\/thema\/christoph-maria-herbst\/\" rel=\"nofollow noopener\" target=\"_blank\">Christoph Maria Herbst<\/a>. Damit sind alle drei \u00dcberraschungsfilmtermine der diesj\u00e4hrigen Saison festgelegt und im Ticketverkauf.<\/p>\n<p class=\"text_ohne_einzug richtext text-em-55 !leading-serif mx-6 desktop:mx-0\">Wegen der gro\u00dfen Nachfrage bei diesen Titeln gibt es zus\u00e4tzliche Vorstellungen:<\/p>\n<p class=\"richtext text-em-55 !leading-serif mx-6 desktop:mx-0\">Tickets f\u00fcr diese drei Vorstellungen sind bereits erh\u00e4ltlich unter www.stadtwerke-sommerkino.de im Netz.<\/p>\n<p class=\"richtext text-em-55 !leading-serif mx-6 desktop:mx-0\">F\u00fcr viele weitere Filme des Programms gibt es noch freie Pl\u00e4tze, und auch bei bereits gut besuchten Filmen werden immer wieder nicht abgerufene Kontingentkarten in den Verkauf gegeben. Es lohnt sich also, regelm\u00e4\u00dfig auf der Internetseite vorbeizuschauen und einen Kinoabend mit Freunden zu planen.<\/p>\n<p class=\"richtext text-em-55 !leading-serif mx-6 desktop:mx-0\">Das Stadtwerke-Sommerkino findet vom 10. Juli bis 23. August in der Gie\u00dfhalle im <a href=\"https:\/\/rp-online.de\/thema\/landschaftspark-duisburg-nord\/\" rel=\"nofollow noopener\" target=\"_blank\">Landschaftspark Duisburg-Nord<\/a> unter freiem Himmel statt. Sollte es einmal regnen, verf\u00fcgt die Location \u00fcber ein fahrbares Dach, das die G\u00e4ste auch auf der Trib\u00fcne im Trockenen sitzen l\u00e4sst.<\/p>\n","protected":false},"excerpt":{"rendered":"35.300 Tickets sind bereits verkauft \u2013 und zum Finale der Spielzeit gibt es mit \u201eExtrawurst\u201c nochmal etwas zu&hellip;\n","protected":false},"author":2,"featured_media":1147382,"comment_status":"","ping_status":"","sticky":false,"template":"","format":"standard","meta":{"footnotes":"","_share_on_mastodon":"0"},"categories":[1838],"tags":[241041,5564,42694,3364,29,3715,237428,11548,30,17223,1209,56068,6397,1406,843,25919],"class_list":["post-1147381","post","type-post","status-publish","format-standard","has-post-thumbnail","category-duisburg","tag-35-300","tag-air","tag-ausverkauft","tag-de","tag-deutschland","tag-duisburg","tag-extrawurst","tag-filme","tag-germany","tag-landschaftspark","tag-nordrhein-westfalen","tag-sommerkino","tag-stadtwerke","tag-tickets","tag-verkauf","tag-verkauft"],"share_on_mastodon":{"url":"https:\/\/pubeurope.com\/@de\/116874070422471692","error":""},"_links":{"self":[{"href":"https:\/\/www.europesays.com\/de\/wp-json\/wp\/v2\/posts\/1147381","targetHints":{"allow":["GET"]}}],"collection":[{"href":"https:\/\/www.europesays.com\/de\/wp-json\/wp\/v2\/posts"}],"about":[{"href":"https:\/\/www.europesays.com\/de\/wp-json\/wp\/v2\/types\/post"}],"author":[{"embeddable":true,"href":"https:\/\/www.europesays.com\/de\/wp-json\/wp\/v2\/users\/2"}],"replies":[{"embeddable":true,"href":"https:\/\/www.europesays.com\/de\/wp-json\/wp\/v2\/comments?post=1147381"}],"version-history":[{"count":0,"href":"https:\/\/www.europesays.com\/de\/wp-json\/wp\/v2\/posts\/1147381\/revisions"}],"wp:featuredmedia":[{"embeddable":true,"href":"https:\/\/www.europesays.com\/de\/wp-json\/wp\/v2\/media\/1147382"}],"wp:attachment":[{"href":"https:\/\/www.europesays.com\/de\/wp-json\/wp\/v2\/media?parent=1147381"}],"wp:term":[{"taxonomy":"category","embeddable":true,"href":"https:\/\/www.europesays.com\/de\/wp-json\/wp\/v2\/categories?post=1147381"},{"taxonomy":"post_tag","embeddable":true,"href":"https:\/\/www.europesays.com\/de\/wp-json\/wp\/v2\/tags?post=1147381"}],"curies":[{"name":"wp","href":"https:\/\/api.w.org\/{rel}","templated":true}]}}