{"id":1147402,"date":"2026-07-06T17:04:17","date_gmt":"2026-07-06T17:04:17","guid":{"rendered":"https:\/\/www.europesays.com\/de\/1147402\/"},"modified":"2026-07-06T17:04:17","modified_gmt":"2026-07-06T17:04:17","slug":"montag-der-6-juli-2026-mayors-for-peace-fast-vollstaendig-rollende-strassenbahnen-und-feuer-in-suedeuropa-%c2%b7-leipziger-zeitung","status":"publish","type":"post","link":"https:\/\/www.europesays.com\/de\/1147402\/","title":{"rendered":"Montag, der 6. Juli 2026: \u201eMayors for Peace\u201c, fast vollst\u00e4ndig rollende Stra\u00dfenbahnen und Feuer in S\u00fcdeuropa \u00b7 Leipziger Zeitung"},"content":{"rendered":"<p>Seit dem heutigen Montag flattert vor dem Neuen Rathaus die Flagge des St\u00e4dtenetzwerks \u201eMayors for Peace\u201c, welches sich stark macht gegen den Einsatz von Atomwaffen. Die Stadt Leipzig ist seit 2005 Mitglied in dem B\u00fcndnis. Au\u00dferdem: Auf Leipzigs Gleisen rollen bis auf zwei Linien wieder alle Stra\u00dfenbahnen im gewohnten Takt und in Frankreich mussten 10.000 Menschen wegen eines gro\u00dffl\u00e4chigen Brandes evakuiert werden. Die LZ berichtet, was am Montag, dem 6. Juli 2026, in Leipzig, Sachsen und dar\u00fcber hinaus wichtig war.<\/p>\n<p>\u201eMayors for Peace\u201c gegen Einsatz von Atomwaffen<\/p>\n<p><a href=\"https:\/\/www.leipzig.de\/newsarchiv\/news\/mayors-for-peace-flagge-weht-ab-6-juli-2026-vor-dem-neuen-rathaus\" target=\"_blank\" rel=\"noopener nofollow\">Bereits am heutigen 6. Juli wurde um 15 Uhr vor dem Neuen Rathaus die Flagge der \u201eMayors for Peace: F\u00fcr eine friedliche Welt ohne Atomwaffen\u201c gehisst. <\/a>Um 17 Uhr fand ein Friedensgebet in der Nikolaikirche statt. Kulturb\u00fcrgermeisterin Skadi Jennicke (Die Linke) verlas dort ein Gru\u00dfwort.<\/p>\n<p>Leipzig ist seit 2005 Teil des internationalen St\u00e4dtenetzwerks, welches 1982 auf Initiative Initiative der St\u00e4dte Hiroshima und Nagasaki gegr\u00fcndet wurde. Mittlerweile geh\u00f6ren gut 8.600 St\u00e4dte und Gemeinden aus 166 L\u00e4ndern zu dem B\u00fcndnis, welches sich gegen den Einsatz von Atomwaffen einsetzt.<\/p>\n<p>Traditionell erinnert der Gedenktag an den 8. Juli 1996, als im niederl\u00e4ndischen Den Haag ein ein Rechtsgutachten ausgestellt wurde, welches sich daf\u00fcr aussprach, dass die Androhung und der Einsatz von Atomwaffen generell mit den Regeln des humanit\u00e4ren Kriegsv\u00f6lkerrechts unvereinbar sind. Das Gutachten ist nicht bindend, sondern als Appell und gemeinsame \u00dcbereinkunft zu verstehen.<\/p>\n<p>Die Flagge \u2013 eine wei\u00dfe Taube auf gr\u00fcnem Grund \u2013 wird noch bis zum 9. Juli vor dem Neuen Rathaus wehen.<\/p>\n<p>LVB-Update<\/p>\n<p>Seit heutigem Beginn der neuen Woche sind fast alle Stra\u00dfenbahn-Linien der Leipziger Verkehrsbetriebe (LVB) wieder wie gewohnt unterwegs. Einzig die Linien 8 und 12 sind noch nicht wieder im Einsatz. Laut LVB soll es Mitte der Woche aber soweit sein.<\/p>\n<p>Um sich bei allen freiwilligen Helfer*innen zu bedanken, welche in den letzten Tagen die Mitarbeitenden des Betriebs dabei unterst\u00fctzt hatten, die Gleise frei zu kratzen von der geschmolzenen Fugengussmasse, <a href=\"https:\/\/www.l-iz.de\/der-tag\/2026\/07\/das-wochenende-4-5-juli-2026-lvb-mit-dankes-aktion-zehntausende-bei-klassik-airleben-gleich-fuenf-hcl-weltmeisterinnen-663217\" target=\"_blank\" rel=\"noopener nofollow\">haben die Verkehrsbetriebe noch bis zum 12. Juli eine Dankes-Aktion gestartet.<\/a> Dabei k\u00f6nnen Fahrg\u00e4ste mit ihrem Ticket eine zweite Person gratis mitnehmen.<\/p>\n<p>Klingbeil stellt Haushaltsentwurf vor<\/p>\n<p><a href=\"https:\/\/www.tagesschau.de\/inland\/innenpolitik\/haushaltsentwurf-ausschuss-klingbeil-100.html\" target=\"_blank\" rel=\"noopener nofollow\">Bundesfinanzminister Lars Klingbeil (SPD) hat heute seinen Entwurf f\u00fcr den Haushalt 2027 vorgestellt. <\/a>Insgesamt 203,7 Milliarden Euro neue Schulden sollen im n\u00e4chsten Jahr gemacht werden. 118,7 Milliarden Euro davon belaufen sich auf den Kernhaushalt, 54,9 Milliarden f\u00fcr das Sonderverm\u00f6gen Infrastruktur und 30 Milliarden Euro sind aus dem Sonderverm\u00f6gen Bundeswehr vorgesehen.<\/p>\n<p>Die Ausgaben f\u00fcr Zinsen f\u00fcr die Schulden liegen im n\u00e4chsten Jahr bei 41,9 Milliarden Euro. In 2030 werde die Summe durch h\u00f6here Zinslast auf 80,7 Milliarden Euro ansteigen.<\/p>\n<p>Der Etat f\u00fcr Arbeit und Soziales bleibe laut Klingbeil mit 201,5 Milliarden Euro der gr\u00f6\u00dfte Anteil im Bundeshaushalt. Auch sein Parteikollege Boris Pistorius, Bundesverteidigungsminister, erh\u00e4lt f\u00fcr sein Ministerium 109,7 Milliarden Euro \u2013 der Etat sei \u00fcberproportional hoch.<\/p>\n<p>K\u00fcrzen will Klingbeil unter anderem beim Klima- und Transformationsfonds. Dieser sei \u201esehr chaotisch gewesen\u201c. Jedes Kabinett soll au\u00dferdem zwei Prozent des veranschlagten Etats k\u00fcrzen.<\/p>\n<p>Stadtrat, die DNA des Ostens und ein Messerangriff<\/p>\n<p><strong>Wor\u00fcber die LZ heute berichtet hat:<\/strong><\/p>\n<p class=\"western\"><a href=\"https:\/\/www.l-iz.de\/leben\/faelle-unfaelle\/2026\/07\/messerangriff-auf-ex-liebhaber-in-szenebar-landgericht-spricht-angeklagten-frei-663262\" target=\"_blank\" rel=\"noopener nofollow\">Messerangriffe auf Ex-Liebhaber in Szenebar: Landgericht spricht Angeklagten frei<\/a><\/p>\n<p class=\"western\"><a href=\"https:\/\/www.l-iz.de\/politik\/leipzig\/2026\/07\/der-stadtrat-tagte-wie-einige-stadtraete-von-einer-stillen-tagungsvilla-in-machern-traeumen-663158\" target=\"_blank\" rel=\"noopener nofollow\">Der Stadtrat tagte: Wie einige Stadtr\u00e4te von einer stillen Tagungsvilla in Machern tr\u00e4umen<\/a><\/p>\n<p class=\"western\"><a href=\"https:\/\/www.l-iz.de\/bildung\/buecher\/2026\/07\/die-dna-des-ostens-die-ganze-vielfalt-ostdeutscher-mentalitaeten-in-15-interviews-663086\" target=\"_blank\" rel=\"noopener nofollow\">Die DNA des Ostens: Die ganze Vielfalt ostdeutscher Mentalit\u00e4ten in 15 Interviews<\/a><\/p>\n<p class=\"western\"><a href=\"https:\/\/www.l-iz.de\/politik\/brennpunkt\/2026\/07\/der-stadtrat-tagte-ein-letzter-appell-aus-leipzig-fuer-die-tunnelloesung-im-agra-park-663168\" target=\"_blank\" rel=\"noopener nofollow\">Der Stadtrat tagte: Ein letzter Appell aus Leipzig f\u00fcr die Tunnell\u00f6sung im Agra-Park<\/a><\/p>\n<p><a href=\"https:\/\/www.l-iz.de\/politik\/leipzig\/2026\/07\/der-stadtrat-tagte-vor-2032-wird-das-leibniz-gymnasium-am-nordplatz-nicht-saniert-663170\" target=\"_blank\" rel=\"noopener nofollow\">Der Stadtrat tagte: Vor 2032 wird das Leibniz-Gymnasium am Nordplatz nicht saniert<\/a><\/p>\n<p>Prozess wegen Waffenverkauf und Gro\u00dfbr\u00e4nde in S\u00fcdeuropa<\/p>\n<p><strong>Was heute au\u00dferdem wichtig war:<\/strong> V<a href=\"https:\/\/www.tagesschau.de\/inland\/regional\/nordrheinwestfalen\/prozess-remscheider-waffenkammern-100.html\" target=\"_blank\" rel=\"noopener nofollow\">or dem Wuppertaler Landgericht hat am heutigen Montag der Prozess begonnen gegen drei M\u00e4nner im Alter von 35, 38 und 60 Jahren.<\/a> Ihnen wird vorgeworfen, ein umfangreiches Arsenal an Waffen \u2013 unter anderem Maschinengewehre, Handgranaten und Panzerabwehrwaffen \u2013 in einem geheimen Lager in Remscheidt gehortet und weiterverkauft zu haben.<\/p>\n<p><a href=\"https:\/\/www.tagesschau.de\/ausland\/europa\/waldbraende-suedeuropa-122.html\" target=\"_blank\" rel=\"noopener nofollow\">Etwa 10.000 Menschen mussten in Frankreich ihre H\u00e4user verlassen. <\/a>Wegen eines gro\u00dffl\u00e4chigen Waldbrandes im S\u00fcdwesten des Landes mussten sie evakuiert werden. Auch in Griechenland, Portugal und Spanien k\u00e4mpfen tausende Einsatzkr\u00e4fte der Feuerwehr gegen Br\u00e4nde.<\/p>\n<p><strong>Was morgen passieren wird:<\/strong> Am morgigen Dienstag sowie am Mittwoch findet in der T\u00fcrkei der NATO-Gipfel statt. Im Vorfeld des Treffens von Staats- und Regierungschefs aus aller Welt kursiert bereits die Sorge, <a href=\"https:\/\/www.tagesschau.de\/ausland\/asien\/tuerkei-nato-114.html\" target=\"_blank\" rel=\"noopener nofollow\">US-Pr\u00e4sident Donald Trump k\u00f6nnte die Unterst\u00fctzung der USA zur\u00fcckfahren wollen.<\/a><\/p>\n","protected":false},"excerpt":{"rendered":"Seit dem heutigen Montag flattert vor dem Neuen Rathaus die Flagge des St\u00e4dtenetzwerks \u201eMayors for Peace\u201c, welches sich&hellip;\n","protected":false},"author":2,"featured_media":1147403,"comment_status":"","ping_status":"","sticky":false,"template":"","format":"standard","meta":{"footnotes":"","_share_on_mastodon":"0"},"categories":[1832],"tags":[662,3364,2409,29,987,30,71,9912,1159,859],"class_list":["post-1147402","post","type-post","status-publish","format-standard","has-post-thumbnail","category-leipzig","tag-atomwaffen","tag-de","tag-der-tag","tag-deutschland","tag-feuer","tag-germany","tag-leipzig","tag-lvb","tag-nato","tag-sachsen"],"share_on_mastodon":{"url":"https:\/\/pubeurope.com\/@de\/116874121525433376","error":""},"_links":{"self":[{"href":"https:\/\/www.europesays.com\/de\/wp-json\/wp\/v2\/posts\/1147402","targetHints":{"allow":["GET"]}}],"collection":[{"href":"https:\/\/www.europesays.com\/de\/wp-json\/wp\/v2\/posts"}],"about":[{"href":"https:\/\/www.europesays.com\/de\/wp-json\/wp\/v2\/types\/post"}],"author":[{"embeddable":true,"href":"https:\/\/www.europesays.com\/de\/wp-json\/wp\/v2\/users\/2"}],"replies":[{"embeddable":true,"href":"https:\/\/www.europesays.com\/de\/wp-json\/wp\/v2\/comments?post=1147402"}],"version-history":[{"count":0,"href":"https:\/\/www.europesays.com\/de\/wp-json\/wp\/v2\/posts\/1147402\/revisions"}],"wp:featuredmedia":[{"embeddable":true,"href":"https:\/\/www.europesays.com\/de\/wp-json\/wp\/v2\/media\/1147403"}],"wp:attachment":[{"href":"https:\/\/www.europesays.com\/de\/wp-json\/wp\/v2\/media?parent=1147402"}],"wp:term":[{"taxonomy":"category","embeddable":true,"href":"https:\/\/www.europesays.com\/de\/wp-json\/wp\/v2\/categories?post=1147402"},{"taxonomy":"post_tag","embeddable":true,"href":"https:\/\/www.europesays.com\/de\/wp-json\/wp\/v2\/tags?post=1147402"}],"curies":[{"name":"wp","href":"https:\/\/api.w.org\/{rel}","templated":true}]}}