{"id":1147464,"date":"2026-07-06T17:42:33","date_gmt":"2026-07-06T17:42:33","guid":{"rendered":"https:\/\/www.europesays.com\/de\/1147464\/"},"modified":"2026-07-06T17:42:33","modified_gmt":"2026-07-06T17:42:33","slug":"sonntags-einkaufen-in-sh-das-fordert-der-handelsverband-nord","status":"publish","type":"post","link":"https:\/\/www.europesays.com\/de\/1147464\/","title":{"rendered":"Sonntags einkaufen in SH: Das fordert der Handelsverband Nord"},"content":{"rendered":"<p>\n                Stand: 06.07.2026 19:34 Uhr<\/p>\n<p class=\"preface\">Der Handelsverband Nord spricht sich daf\u00fcr aus, dass Gesch\u00e4fte in ganz Schleswig-Holstein auch sonntags \u00f6ffnen d\u00fcrfen. Unterst\u00fctzung kommt von Wirtschaftsexperten. Kritik dagegen gibt es von Gewerkschafts- und Kirchenvertretern.<\/p>\n<p class=\"\">Sonntags durch die Gesch\u00e4fte in der Fu\u00dfg\u00e4ngerzone bummeln oder auch f\u00fcrs Abendessen noch mal schnell in den Supermarkt springen &#8211; das sollte nach Vorstellung des Handelsverbandes Nord k\u00fcnftig in ganz Schleswig-Holstein m\u00f6glich sein. Bisher geht das begrenzt nur in den Orten, in denen <a href=\"https:\/\/www.ndr.de\/nachrichten\/schleswig-holstein\/an-sonntag-und-feiertagen-einkaufen-hier-gilt-die-baederregelung-in-sh,baederregelung260.html\" title=\"Sonntags einkaufen: Hier gilt jetzt wieder die B\u00e4derregelung\" rel=\"nofollow noopener\" target=\"_blank\">die B\u00e4derregelung<\/a> gilt.<\/p>\n<p>    Forderung kn\u00fcpft an Bundesverband an<\/p>\n<p class=\"\">Mit seiner Forderung schlie\u00dft sich der Handelsverband Nord einem Anliegen des eigenen Bundesverbandes an. Hintergrund war, dass die Bundesregierung angek\u00fcndigt hatte, <a href=\"https:\/\/www.tagesschau.de\/inland\/regional\/nordrheinwestfalen\/wdr-baeckereien-sollen-ab-2027-sonntags-laenger-oeffnen-100.html\" title=\"B\u00e4ckereien sollen ab 2027 sonntags l\u00e4nger \u00f6ffnen\" rel=\"nofollow noopener\" target=\"_blank\">die \u00d6ffnungszeiten f\u00fcr B\u00e4ckereien und Konditoreien an Sonntagen zu verl\u00e4ngern<\/a>.<\/p>\n<p>Die B\u00e4derregelung in Schleswig-Holstein erlaubt Gesch\u00e4ften in 95 touristisch gepr\u00e4gten Orten, an Sonn- und Feiertagen f\u00fcr sechs Stunden zu \u00f6ffnen. Sie gilt laut Land f\u00fcr etwa acht Monate. Verkauft werden d\u00fcrfen Waren des t\u00e4glichen Ge- und Verbrauchs. M\u00f6belh\u00e4user, Autoh\u00e4user, Baum\u00e4rkte und Fachm\u00e4rkte f\u00fcr Elektroger\u00e4te d\u00fcrfen ausdr\u00fccklich nicht \u00f6ffnen.<\/p>\n<p class=\"\">Die Gesellschaft habe sich ver\u00e4ndert, so der Gesch\u00e4ftsf\u00fchrer des Handelsverbandes Nord Dierk B\u00f6ckenholt auf Anfrage von NDR Schleswig-Holstein. &#8222;Verbraucher kaufen ohnehin sonntags ein&#8220;, erg\u00e4nzt er mit Blick auf den Onlinehandel. Dabei spricht sich der Handelsverband vor allem daf\u00fcr aus, dass die Gesch\u00e4fte selbst entscheiden k\u00f6nnen, ob sie sonntags \u00f6ffnen m\u00f6chten oder nicht. Es sei schon lange Zeit, dass man diese Entscheidung ins Ermessen der Kaufleute lege, so B\u00f6ckenholt.<\/p>\n<p>    Handelsverband hofft auf sichere Rechtsgrundlage<\/p>\n<p class=\"\">Aus seiner Sicht sollte die Rechtsgrundlage deshalb \u00fcberpr\u00fcft werden. Sonn- und Feiertage sind bisher im Grundgesetz als &#8222;Tage der Arbeitsruhe&#8220; und der &#8222;seelischen Erhebung&#8220; gesch\u00fctzt. &#8222;In erster Linie geht es darum, dass wir eine gesetzliche Regelung bekommen, die den Gesch\u00e4ften eine einfache, unb\u00fcrokratische und vor allen Dingen rechtssichere \u00d6ffnungsm\u00f6glichkeit gibt&#8220;, so B\u00f6ckenholt.<\/p>\n<p>                    <a href=\"https:\/\/www.europesays.com\/de\/wp-content\/uploads\/2026\/07\/einkaufen-158.webp\" class=\"zoomimage\" title=\"Bild vergr\u00f6\u00dfern\"><\/p>\n<p>        <img decoding=\"async\" src=\"https:\/\/www.europesays.com\/de\/wp-content\/uploads\/2026\/07\/einkaufen-158.webp\" alt=\"Ein Mann blickt in die Kamera, es ist Dierk B\u00f6ckenholt Gesch\u00e4ftsf\u00fchrer Handelsverband Nord\" title=\"F\u00fcr Handelsverbandschef Dierk B\u00f6ckholt ist klar, dass Gesch\u00e4fte selbst dar\u00fcber entscheiden k\u00f6nnen sollten, ob sie sonntags \u00f6ffnen oder nicht. | NDR, Bastian P\u00f6hls\" class=\"responsive\" loading=\"lazy\"\/><\/p>\n<p>                    <\/a><\/p>\n<p>                    F\u00fcr Handelsverbandschef Dierk B\u00f6ckholt ist klar, dass Gesch\u00e4fte selbst dar\u00fcber entscheiden k\u00f6nnen sollten, ob sie sonntags \u00f6ffnen oder nicht.<\/p>\n<p class=\"\">Au\u00dferdem w\u00fcrde die M\u00f6glichkeit zu \u00f6ffnen noch nicht bedeuten, dass sich auch alle Unternehmen beteiligen, ist B\u00f6ckenholt \u00fcberzeugt. &#8222;Ge\u00f6ffnet wird in der Regel dort, wo es ausreichend Frequenz gibt&#8220;, erkl\u00e4rt er.<\/p>\n<p>    Auch ohne Wachstumseffekte: IfW bewertet Idee positiv<\/p>\n<p class=\"\">Auch Konjunkturexperte Prof. Stefan Kooths vom Kieler Institut f\u00fcr Weltwirtschaft bef\u00fcrwortet die M\u00f6glichkeit f\u00fcr Gesch\u00e4fte, sonntags zu \u00f6ffnen. Auch wenn er dadurch &#8222;keine sp\u00fcrbaren Wachstumseffekte&#8220; erwartet. Aber: &#8222;Es w\u00e4re ein Zeichen, dass der Staat dem Wirtschaftsablauf weniger regulatorische Steine in den Weg legt&#8220;, so Kooths.<\/p>\n<p class=\"\">Deutliche Ablehnung der Vorschl\u00e4ge kommt von der Gewerkschaft ver.di. &#8222;Wir wollen, dass Menschen was mit der Familie machen k\u00f6nnen, wir wollen, dass sie zum Sport gehen k\u00f6nnen&#8220;, z\u00e4hlt Gewerkschaftssprecher Frank Schischefsky auf. Er bef\u00fcrchtet zudem, dass wenn der Sonntag zum Regelarbeitstag werden sollte, Zuschl\u00e4ge entfallen k\u00f6nnten. Wenn jeder am Sonntag arbeiten k\u00f6nne, verliere man das gemeinsame Frei am Sonntag&#8220;, so der Gewerkschaftler.<\/p>\n<blockquote><p>\n        Da soll sich jeder die Frage stellen, ob der das wirklich will, nur damit er ab und zu mal sonntags vielleicht noch ein Schwarzbrot kaufen kann.<\/p>\n<p>                Frank Schischefsky, ver.di Landesbezirk Nord <\/p>\n<\/blockquote>\n<p>    Gewerkschaft sieht B\u00e4derregelung in Gefahr<\/p>\n<p>                    <a href=\"https:\/\/www.europesays.com\/de\/wp-content\/uploads\/2026\/07\/einkaufen-156.webp\" class=\"zoomimage\" title=\"Bild vergr\u00f6\u00dfern\"><\/p>\n<p>        <img decoding=\"async\" src=\"https:\/\/www.europesays.com\/de\/wp-content\/uploads\/2026\/07\/einkaufen-156.webp\" alt=\"Ein Mann blickt frontal in die Kamera, es ist Frank Schischefsky, Gewerkschaftssprecher ver.di Nord\" title=\"Ver.di-Sprecher Frank Schischefsky kritisiert den Vorsto\u00df zu Sonntags\u00f6ffnungen scharf. | NDR, Bastian P\u00f6hls\" class=\"responsive\" loading=\"lazy\"\/><\/p>\n<p>                    <\/a><\/p>\n<p>                    Ver.di-Sprecher Frank Schischefsky kritisiert den Vorsto\u00df zu Sonntags\u00f6ffnungen scharf.<\/p>\n<p class=\"\">Schischefsky sieht au\u00dferdem den geschlossenen Kompromiss zur B\u00e4derregelung in Gefahr. Damit bezieht er sich auf ein Urteil im Nachbarland Mecklenburg-Vorpommern. Dort hatte das Oberverwaltungsgericht die B\u00e4derregelung im M\u00e4rz gekippt und war damit den Argumenten der Gewerkschaft gefolgt. &#8222;Die B\u00e4derregelung in Schleswig-Holstein war bisher ein Konsens&#8220;, so Schischefsky. &#8222;Aber den kann man jetzt auch aufl\u00f6sen, wenn es hier Bestrebungen gibt, rund um die Uhr aufmachen zu wollen.&#8220;<\/p>\n<p>        <img decoding=\"async\" src=\"https:\/\/www.europesays.com\/de\/wp-content\/uploads\/2026\/04\/baederregelung-102.webp.webp\" alt=\"B\u00e4derregelung Schild f\u00fcr Sonntag ge\u00f6ffnet!\" title=\"B\u00e4derregelung Schild f\u00fcr Sonntag ge\u00f6ffnet! | SULUPRESS.DE | Torsten Sukrow\" class=\"responsive\" loading=\"lazy\"\/><\/p>\n<p>Nach dem OVG-Urteil zur B\u00e4derregelung pr\u00fcft die Landesregierung MV ihre Rechtsmittel. Wirtschaft und Gewerkschaften sind alarmiert.<\/p>\n<p>        <img decoding=\"async\" src=\"https:\/\/www.europesays.com\/de\/wp-content\/uploads\/2026\/07\/zinnowitz-104.webp\" alt=\"Die Einkaufsstra\u00dfe in Zinnowitz auf Usedom.\" title=\"Die Einkaufsstra\u00dfe in Zinnowitz auf Usedom. | picture alliance \/ Schoening\" class=\"responsive\" loading=\"lazy\"\/><\/p>\n<p>Die Dienstleistungsgewerkschaft ver.di hatte geklagt, weil an zu vielen Sonntagen in zu vielen Orten Gesch\u00e4fte \u00f6ffnen d\u00fcrfen.<\/p>\n<p>    Nordkirche: B\u00e4derregelung soll Ausnahme bleiben<\/p>\n<p class=\"\">Auch f\u00fcr die Nordkirche ist der Sonntag als gemeinsamer Ruhetag besonders sch\u00fctzenswert &#8211; sie sieht sonnt\u00e4gliche \u00d6ffnungen ebenfalls kritisch. &#8222;Der freie Sonntag erm\u00f6glicht gemeinsames Innehalten, Zeit f\u00fcr Familie, f\u00fcr Gemeinschaft und f\u00fcr den Gottesdienst&#8220;, so Pastor Wilko Teifke von der Nordkirche.<\/p>\n<p class=\"\">Die B\u00e4derregelung bezeichnete er als Kompromiss mit dem man die besonderen Bedingungen Schleswig-Holsteins als Tourismusland anerkenne. &#8222;Entscheidend bleibt jedoch, dass der Charakter des Sonntags gewahrt wird und Ausnahmen Ausnahmen bleiben&#8220;, so Teifke weiter.<\/p>\n<p>    Handelsverband sieht kein Problem mit B\u00e4derregelung<\/p>\n<p class=\"\">Den Konflikt mit der B\u00e4derregelung sieht der Handelsverband Nord nicht. Im Gegenteil. &#8222;Im Endeffekt w\u00e4re dann etwas auch rechtssicher und dauerhaft m\u00f6glich, was ohnehin stattfindet&#8220;, so Handelsverbands-Chef B\u00f6ckenholt.<\/p>\n<p>    Citti Park reagiert zur\u00fcckhaltend auf Vorsto\u00df<\/p>\n<p class=\"\">Ob es sich lohnen w\u00fcrde, sonntags zu \u00f6ffnen, konnte Sascha Warnken Centermanager des Citti Parks <a href=\"https:\/\/www.ndr.de\/nachrichten\/schleswig-holstein\/Kiel-Aktuelle-Nachrichten-News-und-Videos,kiel7262.html\" title=\"Kiel - Aktuelle Nachrichten und Videos\" rel=\"nofollow noopener\" target=\"_blank\">Kiel<\/a> noch nicht sagen. &#8222;Wir brauchen verl\u00e4ssliche \u00d6ffnungszeiten f\u00fcr unsere Kunden und m\u00fcssen ja auch ber\u00fccksichtigen, dass wir an Sonntagen h\u00f6here Personalkosten haben&#8220;, so Warnken. Ob es Sinn mache oder nicht, m\u00fcsse man einmal durchrechnen.<\/p>\n<p>        <img decoding=\"async\" src=\"https:\/\/www.europesays.com\/de\/wp-content\/uploads\/2026\/04\/baederregelung-102.webp.webp\" alt=\"B\u00e4derregelung Schild f\u00fcr Sonntag ge\u00f6ffnet!\" title=\"B\u00e4derregelung Schild f\u00fcr Sonntag ge\u00f6ffnet! | SULUPRESS.DE | Torsten Sukrow\" class=\"responsive\" loading=\"lazy\"\/><\/p>\n<p>In fast 100 Orten in Schleswig-Holstein d\u00fcrfen Gesch\u00e4fte des t\u00e4glichen Bedarfs seit dem 15. M\u00e4rz auch an Ruhetagen wieder \u00f6ffnen. Ein \u00dcberblick.<\/p>\n<p>        <img decoding=\"async\" src=\"https:\/\/www.europesays.com\/de\/wp-content\/uploads\/2026\/05\/sonntag-142.webp\" alt=\"Ein gelbes Schild mit der Aufschrift &quot;Sonntags ge\u00f6ffnet&quot;.\" title=\"Ein gelbes Schild mit der Aufschrift &quot;Sonntags ge\u00f6ffnet&quot;. | picture alliance \/ SULUPRESS.DE | Torsten Sukrow \/ SULUPRESS.DE\" class=\"responsive\" loading=\"lazy\"\/><\/p>\n<p>Kleinstsuperm\u00e4rkte d\u00fcrfen nun auch sonn- und feiertags \u00f6ffnen. Dies gilt aber nur f\u00fcr Orte mit maximal 2.500 Einwohnern.<\/p>\n<p>        <img decoding=\"async\" src=\"https:\/\/www.europesays.com\/de\/wp-content\/uploads\/2026\/07\/hofladen-104.webp\" alt=\"Ein Mann scannt ein Produkt an der SB Kasse. \" title=\"Ein Mann scannt ein Produkt an der SB Kasse.  | picture alliance\/dpa | Philipp Schulze\" class=\"responsive\" loading=\"lazy\"\/><\/p>\n<p>Die Landesregierung will, dass automatisierte Kleinstsuperm\u00e4rkte in SH in kleinen Orten k\u00fcnftig auch sonntags \u00f6ffnen d\u00fcrfen.<\/p>\n","protected":false},"excerpt":{"rendered":"Stand: 06.07.2026 19:34 Uhr Der Handelsverband Nord spricht sich daf\u00fcr aus, dass Gesch\u00e4fte in ganz Schleswig-Holstein auch sonntags&hellip;\n","protected":false},"author":2,"featured_media":1147465,"comment_status":"","ping_status":"","sticky":false,"template":"","format":"standard","meta":{"footnotes":"","_share_on_mastodon":"0"},"categories":[1852],"tags":[241047,3364,29,4289,1072,548,663,3934,30,13,4949,13409,14,15,12,1971,7855],"class_list":["post-1147464","post","type-post","status-publish","format-standard","has-post-thumbnail","category-kiel","tag-baederregelung","tag-de","tag-deutschland","tag-einkaufen","tag-einzelhandel","tag-eu","tag-europa","tag-europe","tag-germany","tag-headlines","tag-kiel","tag-ladenoeffnungszeiten","tag-nachrichten","tag-news","tag-schlagzeilen","tag-schleswig-holstein","tag-sonntag"],"share_on_mastodon":{"url":"https:\/\/pubeurope.com\/@de\/116874271521058703","error":""},"_links":{"self":[{"href":"https:\/\/www.europesays.com\/de\/wp-json\/wp\/v2\/posts\/1147464","targetHints":{"allow":["GET"]}}],"collection":[{"href":"https:\/\/www.europesays.com\/de\/wp-json\/wp\/v2\/posts"}],"about":[{"href":"https:\/\/www.europesays.com\/de\/wp-json\/wp\/v2\/types\/post"}],"author":[{"embeddable":true,"href":"https:\/\/www.europesays.com\/de\/wp-json\/wp\/v2\/users\/2"}],"replies":[{"embeddable":true,"href":"https:\/\/www.europesays.com\/de\/wp-json\/wp\/v2\/comments?post=1147464"}],"version-history":[{"count":0,"href":"https:\/\/www.europesays.com\/de\/wp-json\/wp\/v2\/posts\/1147464\/revisions"}],"wp:featuredmedia":[{"embeddable":true,"href":"https:\/\/www.europesays.com\/de\/wp-json\/wp\/v2\/media\/1147465"}],"wp:attachment":[{"href":"https:\/\/www.europesays.com\/de\/wp-json\/wp\/v2\/media?parent=1147464"}],"wp:term":[{"taxonomy":"category","embeddable":true,"href":"https:\/\/www.europesays.com\/de\/wp-json\/wp\/v2\/categories?post=1147464"},{"taxonomy":"post_tag","embeddable":true,"href":"https:\/\/www.europesays.com\/de\/wp-json\/wp\/v2\/tags?post=1147464"}],"curies":[{"name":"wp","href":"https:\/\/api.w.org\/{rel}","templated":true}]}}