{"id":114761,"date":"2025-05-16T09:16:08","date_gmt":"2025-05-16T09:16:08","guid":{"rendered":"https:\/\/www.europesays.com\/de\/114761\/"},"modified":"2025-05-16T09:16:08","modified_gmt":"2025-05-16T09:16:08","slug":"karlsruhe-streit-auf-b3-eskaliert-mit-schlagstock-angriff-regional","status":"publish","type":"post","link":"https:\/\/www.europesays.com\/de\/114761\/","title":{"rendered":"Karlsruhe: Streit auf B3 eskaliert mit Schlagstock-Angriff | Regional"},"content":{"rendered":"<p>Ettlingen \u2013 <b>Ein Streit zwischen zwei Autofahrern eskalierte an der Seehofkreuzung und endete mit k\u00f6rperlicher Gewalt.<\/b> Die Auseinandersetzung begann gegen 18 Uhr am Kreisverkehr Huttenkreuzstra\u00dfe. Dort gerieten die M\u00e4nner wegen eines Verkehrsvorfalls in Streit.<\/p>\n<p>Auch interessant<\/p>\n<p>Anzeige<\/p>\n<p>Auch interessant<\/p>\n<p>Anzeige<\/p>\n<p>Der Konflikt spitzte sich an der Seehofkreuzung zu, als beide Fahrer ausstiegen. Der unbekannte Fahrer eines schwarzen BMW beleidigte den 39-j\u00e4hrigen Mann mehrfach. Pl\u00f6tzlich schlug der Angreifer mit einem Teleskopschlagstock auf die linke Schulter seines Kontrahenten ein. Der Gesch\u00e4digte erlitt eine Schwellung und alarmierte die Polizei.<\/p>\n<p>Der T\u00e4ter fl\u00fcchtete anschlie\u00dfend in Richtung Wattkopftunnel. Der Unbekannte wird als 18 bis 23 Jahre alt, mit kurzen, hellen Haaren und schlanker Statur bei etwa 170 cm Gr\u00f6\u00dfe beschrieben.<\/p>\n<p>Zeugen, die Hinweise zum Vorfall, dem T\u00e4ter oder dessen Fahrzeug geben k\u00f6nnen, werden gebeten, sich beim Polizeirevier Ettlingen unter 07243 32000 zu melden.<\/p>\n<p>Dieser Text basiert auf einer offiziellen Beh\u00f6rden-Information und wurde mit Hilfe von KI erstellt.<\/p>\n","protected":false},"excerpt":{"rendered":"Ettlingen \u2013 Ein Streit zwischen zwei Autofahrern eskalierte an der Seehofkreuzung und endete mit k\u00f6rperlicher Gewalt. Die Auseinandersetzung&hellip;\n","protected":false},"author":2,"featured_media":85959,"comment_status":"","ping_status":"","sticky":false,"template":"","format":"standard","meta":{"footnotes":""},"categories":[1844],"tags":[1634,3364,29,30,1000,8903,2509,121,45,1995],"class_list":{"0":"post-114761","1":"post","2":"type-post","3":"status-publish","4":"format-standard","5":"has-post-thumbnail","7":"category-karlsruhe","8":"tag-baden-wuerttemberg","9":"tag-de","10":"tag-deutschland","11":"tag-germany","12":"tag-gewalt","13":"tag-karlsruhe","14":"tag-ki-ots","15":"tag-polizei","16":"tag-texttospeech","17":"tag-verbrechen"},"share_on_mastodon":{"url":"https:\/\/pubeurope.com\/@de\/114516759990269334","error":""},"_links":{"self":[{"href":"https:\/\/www.europesays.com\/de\/wp-json\/wp\/v2\/posts\/114761","targetHints":{"allow":["GET"]}}],"collection":[{"href":"https:\/\/www.europesays.com\/de\/wp-json\/wp\/v2\/posts"}],"about":[{"href":"https:\/\/www.europesays.com\/de\/wp-json\/wp\/v2\/types\/post"}],"author":[{"embeddable":true,"href":"https:\/\/www.europesays.com\/de\/wp-json\/wp\/v2\/users\/2"}],"replies":[{"embeddable":true,"href":"https:\/\/www.europesays.com\/de\/wp-json\/wp\/v2\/comments?post=114761"}],"version-history":[{"count":0,"href":"https:\/\/www.europesays.com\/de\/wp-json\/wp\/v2\/posts\/114761\/revisions"}],"wp:featuredmedia":[{"embeddable":true,"href":"https:\/\/www.europesays.com\/de\/wp-json\/wp\/v2\/media\/85959"}],"wp:attachment":[{"href":"https:\/\/www.europesays.com\/de\/wp-json\/wp\/v2\/media?parent=114761"}],"wp:term":[{"taxonomy":"category","embeddable":true,"href":"https:\/\/www.europesays.com\/de\/wp-json\/wp\/v2\/categories?post=114761"},{"taxonomy":"post_tag","embeddable":true,"href":"https:\/\/www.europesays.com\/de\/wp-json\/wp\/v2\/tags?post=114761"}],"curies":[{"name":"wp","href":"https:\/\/api.w.org\/{rel}","templated":true}]}}