{"id":1147820,"date":"2026-07-06T21:20:37","date_gmt":"2026-07-06T21:20:37","guid":{"rendered":"https:\/\/www.europesays.com\/de\/1147820\/"},"modified":"2026-07-06T21:20:37","modified_gmt":"2026-07-06T21:20:37","slug":"unfall-in-duisburg-schuelerin-angefahren","status":"publish","type":"post","link":"https:\/\/www.europesays.com\/de\/1147820\/","title":{"rendered":"Unfall in Duisburg: Sch\u00fclerin angefahren"},"content":{"rendered":"<p class=\"text_ohne_einzug richtext text-em-55 !leading-serif mx-6 desktop:mx-0\">Nach einem Fall von Unfallflucht in <a href=\"https:\/\/rp-online.de\/thema\/duisburg\/\" rel=\"nofollow noopener\" target=\"_blank\">Duisburg<\/a> sucht die <a href=\"https:\/\/rp-online.de\/thema\/polizei\/\" rel=\"nofollow noopener\" target=\"_blank\">Polizei<\/a> jetzt nach Zeugen. Eine 15 Jahre alte Sch\u00fclerin ist bereits am Freitagmorgen (3. Juli) auf der Lessingstra\u00dfe von einem Auto angefahren worden. Der Fahrer fuhr anschlie\u00dfend allerdings weiter, ohne anzuhalten.<\/p>\n<p class=\"richtext text-em-55 !leading-serif mx-6 desktop:mx-0\">Nach Angaben der Polizei wollte die Jugendliche gegen 7.45 Uhr gemeinsam mit einer 14-j\u00e4hrigen Freundin in der N\u00e4he der Lise-Meitner-Gesamtschule die Stra\u00dfe \u00fcberqueren. Ein dunkler Wagen habe erst angehalten, als die beiden Sch\u00fclerinnen auf die Fahrbahn liefen. Noch bevor sie die andere Stra\u00dfenseite erreicht hatten, sei das Auto dann wieder angefahren und habe die 15-J\u00e4hrige an der linken K\u00f6rperseite gestreift.<\/p>\n<p class=\"richtext text-em-55 !leading-serif mx-6 desktop:mx-0\">Der Wagen fuhr anschlie\u00dfend in Richtung Lindenallee davon. Die Sch\u00fclerin wurde leicht verletzt, lehnte eine medizinische Behandlung aber ab. Das Duisburger Verkehrskommissariat hat die Ermittlungen aufgenommen und bittet Zeugen, die Angaben zu dem dunklen Fahrzeug oder dessen Fahrer machen k\u00f6nnen, sich unter der Rufnummer 0203 2800 bei der Polizei zu melden.<\/p>\n","protected":false},"excerpt":{"rendered":"Nach einem Fall von Unfallflucht in Duisburg sucht die Polizei jetzt nach Zeugen. Eine 15 Jahre alte Sch\u00fclerin&hellip;\n","protected":false},"author":2,"featured_media":1147821,"comment_status":"","ping_status":"","sticky":false,"template":"","format":"standard","meta":{"footnotes":"","_share_on_mastodon":"0"},"categories":[1838],"tags":[18271,513,3364,29,3715,4731,35955,30,38094,1209,45059,11184,524,437,18270,4996],"class_list":["post-1147820","post","type-post","status-publish","format-standard","has-post-thumbnail","category-duisburg","tag-angefahren","tag-auto","tag-de","tag-deutschland","tag-duisburg","tag-fahrer","tag-fuhr","tag-germany","tag-lessingstrasse","tag-nordrhein-westfalen","tag-schuelerin","tag-schuelerinnen","tag-strasse","tag-sucht","tag-unfallflucht","tag-zeugen"],"share_on_mastodon":{"url":"https:\/\/pubeurope.com\/@de\/116875128012736807","error":""},"_links":{"self":[{"href":"https:\/\/www.europesays.com\/de\/wp-json\/wp\/v2\/posts\/1147820","targetHints":{"allow":["GET"]}}],"collection":[{"href":"https:\/\/www.europesays.com\/de\/wp-json\/wp\/v2\/posts"}],"about":[{"href":"https:\/\/www.europesays.com\/de\/wp-json\/wp\/v2\/types\/post"}],"author":[{"embeddable":true,"href":"https:\/\/www.europesays.com\/de\/wp-json\/wp\/v2\/users\/2"}],"replies":[{"embeddable":true,"href":"https:\/\/www.europesays.com\/de\/wp-json\/wp\/v2\/comments?post=1147820"}],"version-history":[{"count":0,"href":"https:\/\/www.europesays.com\/de\/wp-json\/wp\/v2\/posts\/1147820\/revisions"}],"wp:featuredmedia":[{"embeddable":true,"href":"https:\/\/www.europesays.com\/de\/wp-json\/wp\/v2\/media\/1147821"}],"wp:attachment":[{"href":"https:\/\/www.europesays.com\/de\/wp-json\/wp\/v2\/media?parent=1147820"}],"wp:term":[{"taxonomy":"category","embeddable":true,"href":"https:\/\/www.europesays.com\/de\/wp-json\/wp\/v2\/categories?post=1147820"},{"taxonomy":"post_tag","embeddable":true,"href":"https:\/\/www.europesays.com\/de\/wp-json\/wp\/v2\/tags?post=1147820"}],"curies":[{"name":"wp","href":"https:\/\/api.w.org\/{rel}","templated":true}]}}