{"id":1148020,"date":"2026-07-06T23:14:23","date_gmt":"2026-07-06T23:14:23","guid":{"rendered":"https:\/\/www.europesays.com\/de\/1148020\/"},"modified":"2026-07-06T23:14:23","modified_gmt":"2026-07-06T23:14:23","slug":"sommerferien-berlin-und-brandenburg-flughafen-ber-gibt-tipps-fuer-reisende","status":"publish","type":"post","link":"https:\/\/www.europesays.com\/de\/1148020\/","title":{"rendered":"Sommerferien Berlin und Brandenburg: Flughafen BER gibt Tipps f\u00fcr Reisende"},"content":{"rendered":"<p>Sommerferien beginnen <\/p>\n<p>So sparen Flugg\u00e4ste Zeit am BER<\/p>\n<p>06.07.2026 &#8211; 18:30 UhrLesedauer: 2 Min.<\/p>\n<p><a href=\"#focus-0\" class=\"transition-colors block text-current relative\" data-sctrack=\"FocusGalleryImage.Reference\"><img fetchpriority=\"high\" data-testid=\"Opener.Image\"   loading=\"eager\" src=\"https:\/\/www.europesays.com\/de\/wp-content\/uploads\/2026\/07\/passagiere-am-flughafen-ber-archivbild-am-airport-wird-es-in-den-kommenden-wochen-voll.jpg\" alt=\"Passagiere am Flughafen BER (Archivbild): Am Airport wird es in den kommenden Wochen voll.\" title=\"Passagiere am Flughafen BER (Archivbild): Am Airport wird es in den kommenden Wochen voll.\" width=\"8256\" height=\"4643\" class=\"bg-[url:var(--lqipURL)] bg-cover bg-center flex h-full w-full max-w-full\" style=\"--lqipURL:url('https:\/\/images.t-online.de\/2026\/07\/c0lIiaRhOhA5\/0x861:8256x4643\/fit-in\/150x0\/filters:blur(25)\/passagiere-am-flughafen-ber-archivbild-am-airport-wird-es-in-den-kommenden-wochen-voll.jpg')\" decoding=\"async\"\/><img loading=\"lazy\" src=\"https:\/\/berlin.t-online.de\/s\/paper\/_next\/static\/media\/zoom-in.f7dae02f.svg\" alt=\"Vergr\u00f6\u00dfern des Bildes\" title=\"Vergr\u00f6\u00dfern des Bildes\" class=\"block h-[calc(var(--height)_\/_16_*_1rem)] w-[calc(var(--width)_\/_16_*_1rem)] max-w-none absolute right-8 bottom-8 rounded-4 bg-snow p-8\" style=\"--width:32;--height:32\" decoding=\"async\"\/><\/a><\/p>\n<p>Passagiere am Flughafen BER (Archivbild): Am Airport wird es in den kommenden Wochen voll. (Quelle: IMAGO\/Funke Foto Services)<\/p>\n<p><img loading=\"lazy\" src=\"https:\/\/berlin.t-online.de\/s\/paper\/_next\/static\/media\/audio-volume.6689034c.svg\" alt=\"\" title=\"\" class=\"block h-[calc(var(--height)_\/_16_*_1rem)] w-[calc(var(--width)_\/_16_*_1rem)] max-w-none group-hover:brightness-0 group-hover:invert\" style=\"--width:16;--height:16\" decoding=\"async\"\/>Vorlesen<\/p>\n<p>Aktuelle Zeit:0:00Gesamtdauer:0:00<\/p>\n<p>1x<\/p>\n<p class=\"text-center\">Jetzt neu bei t-online:<\/p>\n<p class=\"text-center\">Schriftgr\u00f6\u00dfe anpassen!<\/p>\n<p><img loading=\"lazy\" src=\"https:\/\/berlin.t-online.de\/s\/paper\/_next\/static\/media\/font-sizes.32942e33.svg\" alt=\"\" title=\"\" class=\"block h-[calc(var(--height)_\/_16_*_1rem)] w-[calc(var(--width)_\/_16_*_1rem)] max-w-none group-hover:hidden group-aria-expanded:hidden\" style=\"--width:16;--height:16\" decoding=\"async\"\/><img loading=\"lazy\" src=\"https:\/\/berlin.t-online.de\/s\/paper\/_next\/static\/media\/font-sizes-dark-mode.e382645c.svg\" alt=\"\" title=\"\" class=\"block h-[calc(var(--height)_\/_16_*_1rem)] w-[calc(var(--width)_\/_16_*_1rem)] max-w-none hidden group-hover:block group-aria-expanded:block\" style=\"--width:16;--height:16\" decoding=\"async\"\/><img loading=\"lazy\" src=\"https:\/\/berlin.t-online.de\/s\/paper\/_next\/static\/media\/sharing-menu-icon.1eb71368.svg\" alt=\"\" title=\"\" class=\"block h-[calc(var(--height)_\/_16_*_1rem)] w-[calc(var(--width)_\/_16_*_1rem)] max-w-none group-hover:brightness-0 group-hover:invert\" style=\"--width:16;--height:16\" decoding=\"async\"\/>Artikel teilen<\/p>\n<p class=\"font-bold text-18 leading-17 user-text-lg:text-22 user-text-xl:text-24\">In den kommenden Wochen wird es voll am Flughafen BER. Die Verantwortlichen des Airports geben Tipps, wie man dennoch schnell zum Flieger kommt.<\/p>\n<p class=\"text-18 leading-17 user-text-lg:text-22 user-text-xl:text-24\">Der Flughafen Berlin-Brandenburg (BER) rechnet in den kommenden Wochen mit rund 3,7 Millionen Passagieren. Grund daf\u00fcr sind die Sommerferien in den beiden Bundesl\u00e4ndern, die vom 9. Juli bis zum 22. August andauern. <a href=\"https:\/\/berlin.t-online.de\/region\/berlin\/id_101320378\/sommerferien-berlin-diese-tage-machen-den-ber-besonders-voll.html\" class=\"transition-colors cursor-pointer no-underline md:hover:text-magenta md:focus:text-magenta border-b border-solid border-current text-salemsfur md:hover:border-magenta\" data-tracking=\"{&quot;action&quot;:&quot;click&quot;,&quot;category&quot;:&quot;intextLink&quot;,&quot;label&quot;:&quot;\/region\/berlin\/id_101320378\/sommerferien-berlin-diese-tage-machen-den-ber-besonders-voll.html&quot;}\" data-sctrack=\"BodyAnchor\" rel=\"nofollow noopener\" target=\"_blank\">Der Flughafen geht davon aus, dass es voll wird: Insbesondere zum Start der Ferien von Donnerstag (9. Juli) bis Sonntag (12. Juli) rechnet der BER mit rund 400.000 Passagieren.<\/a><\/p>\n<p class=\"text-18 leading-17 user-text-lg:text-22 user-text-xl:text-24\">Deswegen gibt der Flughafen Hinweise f\u00fcr Reisende, um trotz der vielen Menschen reibungslos zum Flugzeug zu gelangen. Die Berliner Regionalredaktion von t-online listet einige davon auf.<\/p>\n<p>Vor Antritt der Reise informieren und online einchecken<\/p>\n<p class=\"text-18 leading-17 user-text-lg:text-22 user-text-xl:text-24\">Wichtig ist es laut BER, sich vor dem Start der Reise online \u00fcber die Abl\u00e4ufe am Flughafen zu informieren. Passagiere sollten sich bereits vor der Ankunft am Flughafen online einchecken und sich mit etwaigen Hinweisen ihrer Airline auseinandersetzen.<\/p>\n<p>Gep\u00e4ck am Flughafen BER selbst aufgeben<\/p>\n<p class=\"text-18 leading-17 user-text-lg:text-22 user-text-xl:text-24\">Reisende werden gebeten, die mehr als 120 Self-Service-Automaten zu nutzen. Flugg\u00e4ste k\u00f6nnen dort ihr Gep\u00e4cklabel ausdrucken und die Koffer eigenst\u00e4ndig aufgeben. Insgesamt bieten diesen Service laut BER 21 Airlines an, wodurch Reisende Wartezeiten an den Schaltern sparen k\u00f6nnen. Wenn Menschen nur mit Handgep\u00e4ck reisen, k\u00f6nnen sie direkt zur Sicherheitskontrolle gehen.<\/p>\n<p>Schnell durch die Sicherheitskontrolle am BER<\/p>\n<p class=\"text-18 leading-17 user-text-lg:text-22 user-text-xl:text-24\">Reisende k\u00f6nnen etwaige Wartezeiten f\u00fcr die Sicherheitskontrollen in den Fluginformationen der BER-App sowie auf der Webseite und auf den Monitoren direkt vor Ort einsehen. Der Flughafen weist darauf hin, dass alle Abflug-Gates \u00fcber jede Sicherheitskontrolle im Terminal 1 und Terminal 2 erreicht werden k\u00f6nnen. Jeweilige Boarding-Gates schlie\u00dfen laut Flughafen in der Regel 30 Minuten vor dem Abflug.<\/p>\n<p class=\"text-18 leading-17 user-text-lg:text-22 user-text-xl:text-24\">Die Kontrollbereiche 1 und 5 im Terminal 1 sowie der Kontrollbereich im Terminal 2 sind laut Angaben des Flughafens mit CT-Scannern ausgestattet. Dort m\u00fcssen Reisende demnach elektronische Ger\u00e4te und Fl\u00fcssigkeiten nicht mehr aus dem Handgep\u00e4ck nehmen.<\/p>\n<p class=\"text-18 leading-17 user-text-lg:text-22 user-text-xl:text-24\">In den zentralen Bereichen 2 und 4 des Terminals 1 wird den Angaben zufolge noch eine \u00e4ltere Technik genutzt. Hier d\u00fcrfen Reisende Fl\u00fcssigkeiten nur in Beh\u00e4ltnissen mit einem Volumen bis zu jeweils 100 ml im Handgep\u00e4ck mitnehmen \u2013 und m\u00fcssen diese genau wie elektronische Ger\u00e4te bei der Sicherheitskontrolle auspacken.<\/p>\n<p class=\"text-18 leading-17 user-text-lg:text-22 user-text-xl:text-24\"><a href=\"https:\/\/berlin.t-online.de\/region\/berlin\/id_101269354\/ber-runway-flughafen-schafft-gratis-zeitslots-fuer-sicherheitskontrolle-ab.html\" class=\"transition-colors cursor-pointer no-underline md:hover:text-magenta md:focus:text-magenta border-b border-solid border-current text-salemsfur md:hover:border-magenta\" data-tracking=\"{&quot;action&quot;:&quot;click&quot;,&quot;category&quot;:&quot;intextLink&quot;,&quot;label&quot;:&quot;\/region\/berlin\/id_101269354\/ber-runway-flughafen-schafft-gratis-zeitslots-fuer-sicherheitskontrolle-ab.html&quot;}\" data-sctrack=\"BodyAnchor\" rel=\"nofollow noopener\" target=\"_blank\">Die Zeitslot-Buchung f\u00fcr Flugg\u00e4ste hatte der Flughafen vor Kurzem abgeschafft.<\/a> Seit dem 26. Mai 2026 gibt es den kostenlosen Service nicht mehr.<\/p>\n<p>Verbotene Gegenst\u00e4nde im Aufgabegep\u00e4ck<\/p>\n<p class=\"text-18 leading-17 user-text-lg:text-22 user-text-xl:text-24\">Der Flughafen weist zudem darauf hin, dass Menschen keine Powerbanks und E-Zigaretten im Aufgabegep\u00e4ck verstauen d\u00fcrfen. Im Handgep\u00e4ck ist dies hingegen okay \u2013 unter Beachtung der jeweiligen Mengenvorgaben und Transportvorschriften. Auch Feuerzeuge sind im Aufgabegep\u00e4ck verboten, im Handgep\u00e4ck ist pro Person ein solcher Gegenstand erlaubt.<\/p>\n","protected":false},"excerpt":{"rendered":"Sommerferien beginnen So sparen Flugg\u00e4ste Zeit am BER 06.07.2026 &#8211; 18:30 UhrLesedauer: 2 Min. Passagiere am Flughafen BER&hellip;\n","protected":false},"author":2,"featured_media":1148021,"comment_status":"","ping_status":"","sticky":false,"template":"","format":"standard","meta":{"footnotes":"","_share_on_mastodon":"0"},"categories":[1816],"tags":[3091,1960,1958,1959,1957,13410,1956,1890,29,2109,30,11290],"class_list":["post-1148020","post","type-post","status-publish","format-standard","has-post-thumbnail","category-brandenburg","tag-airline","tag-aktuelle-nachrichten-aus-berlin-und-brandenburg","tag-aktuelle-nachrichten-aus-brandenburg","tag-aktuelle-news-aus-berlin-und-brandenburg","tag-aktuelle-news-aus-brandenburg","tag-ber","tag-berlin-und-brandenburg","tag-brandenburg","tag-deutschland","tag-flughafen","tag-germany","tag-sommerferien"],"share_on_mastodon":{"url":"https:\/\/pubeurope.com\/@de\/116875577046876075","error":""},"_links":{"self":[{"href":"https:\/\/www.europesays.com\/de\/wp-json\/wp\/v2\/posts\/1148020","targetHints":{"allow":["GET"]}}],"collection":[{"href":"https:\/\/www.europesays.com\/de\/wp-json\/wp\/v2\/posts"}],"about":[{"href":"https:\/\/www.europesays.com\/de\/wp-json\/wp\/v2\/types\/post"}],"author":[{"embeddable":true,"href":"https:\/\/www.europesays.com\/de\/wp-json\/wp\/v2\/users\/2"}],"replies":[{"embeddable":true,"href":"https:\/\/www.europesays.com\/de\/wp-json\/wp\/v2\/comments?post=1148020"}],"version-history":[{"count":0,"href":"https:\/\/www.europesays.com\/de\/wp-json\/wp\/v2\/posts\/1148020\/revisions"}],"wp:featuredmedia":[{"embeddable":true,"href":"https:\/\/www.europesays.com\/de\/wp-json\/wp\/v2\/media\/1148021"}],"wp:attachment":[{"href":"https:\/\/www.europesays.com\/de\/wp-json\/wp\/v2\/media?parent=1148020"}],"wp:term":[{"taxonomy":"category","embeddable":true,"href":"https:\/\/www.europesays.com\/de\/wp-json\/wp\/v2\/categories?post=1148020"},{"taxonomy":"post_tag","embeddable":true,"href":"https:\/\/www.europesays.com\/de\/wp-json\/wp\/v2\/tags?post=1148020"}],"curies":[{"name":"wp","href":"https:\/\/api.w.org\/{rel}","templated":true}]}}