{"id":1148049,"date":"2026-07-06T23:32:16","date_gmt":"2026-07-06T23:32:16","guid":{"rendered":"https:\/\/www.europesays.com\/de\/1148049\/"},"modified":"2026-07-06T23:32:16","modified_gmt":"2026-07-06T23:32:16","slug":"ursache-unbekannt-kubas-netz-zusammengebrochen-zehn-millionen-menschen-ohne-strom","status":"publish","type":"post","link":"https:\/\/www.europesays.com\/de\/1148049\/","title":{"rendered":"Ursache unbekannt: Kubas Netz zusammengebrochen\u00a0\u2013 zehn Millionen Menschen ohne Strom"},"content":{"rendered":"<p class=\"is-first-paragraph\" data-external=\"Article.FirstParagraph\">Das nationale Stromnetz auf Kuba ist nach Angaben des Netzbetreibers UNE am Montagmittag zusammengebrochen. Rund zehn Millionen Menschen auf der Karibikinsel waren dadurch ohne Strom. Die Ursache des landesweiten Stromausfalls sei unbekannt und werde untersucht, teilte der Netzbetreiber mit.<\/p>\n<p>\u201eDie lebenswichtigen Dienste bleiben trotz dieser komplexen Lage gesch\u00fctzt, die durch die Energieblockade, der wir ausgesetzt sind, zus\u00e4tzlich versch\u00e4rft wird\u201c, erkl\u00e4rte Energieminister Vicente de la O Levy. Unterdessen warf Kubas Pr\u00e4sident Miguel D\u00edaz-Canel den USA vor, sie wollten \u201esoziale Unruhen sch\u00fcren, indem sie Kubas Treibstoffversorgung abw\u00fcrgen\u201c. \u201eDie Arbeit der Elektriker inmitten einer v\u00f6lkerm\u00f6rderischen Energieblockade ist heldenhaft\u201c, schrieb er auf X.<\/p>\n<p>Kuba leidet seit Monaten unter stundenlangen und in j\u00fcngster Zeit auch tagelangen Stromausf\u00e4llen. Zum Teil gehen \u200csie auf ein marodes Stromnetz zur\u00fcck. Teilweise liegt der Grund in der von den USA verh\u00e4ngten Blockade von Erd\u00f6llieferungen nach Kuba. <\/p>\n<p>Die Insel ist damit von der Treibstoffversorgung abgeschnitten, die Lage ihrer ohnehin schwer angeschlagenen Wirtschaft und \u200cdie Situation der Menschen haben sich noch verschlechtert.<\/p>\n<p>Die USA haben ihre seit Anfang der 1960er-Jahre bestehenden Sanktionen gegen Kuba im Januar dieses Jahres versch\u00e4rft. Per Dekret von US-Pr\u00e4sident Donald Trump werden damit Staaten, \u200cdie direkt oder indirekt \u00d6l \u200can Kuba liefern, bei Exporten in die USA dort mit Z\u00f6llen belegt.<\/p>\n","protected":false},"excerpt":{"rendered":"Das nationale Stromnetz auf Kuba ist nach Angaben des Netzbetreibers UNE am Montagmittag zusammengebrochen. Rund zehn Millionen Menschen&hellip;\n","protected":false},"author":2,"featured_media":1148050,"comment_status":"","ping_status":"","sticky":false,"template":"","format":"standard","meta":{"footnotes":"","_share_on_mastodon":"0"},"categories":[3],"tags":[114,64211,13,4047,14,15,110,12,64244,45,10,8,9,11,113,103,104],"class_list":["post-1148049","post","type-post","status-publish","format-standard","has-post-thumbnail","category-welt","tag-donald-geb-1946","tag-erdoel","tag-headlines","tag-kuba","tag-nachrichten","tag-news","tag-newsteam","tag-schlagzeilen","tag-stromnetze-ks","tag-texttospeech","tag-top-news","tag-top-meldungen","tag-topmeldungen","tag-topnews","tag-trump","tag-welt","tag-world"],"share_on_mastodon":{"url":"https:\/\/pubeurope.com\/@de\/116875647006048212","error":""},"_links":{"self":[{"href":"https:\/\/www.europesays.com\/de\/wp-json\/wp\/v2\/posts\/1148049","targetHints":{"allow":["GET"]}}],"collection":[{"href":"https:\/\/www.europesays.com\/de\/wp-json\/wp\/v2\/posts"}],"about":[{"href":"https:\/\/www.europesays.com\/de\/wp-json\/wp\/v2\/types\/post"}],"author":[{"embeddable":true,"href":"https:\/\/www.europesays.com\/de\/wp-json\/wp\/v2\/users\/2"}],"replies":[{"embeddable":true,"href":"https:\/\/www.europesays.com\/de\/wp-json\/wp\/v2\/comments?post=1148049"}],"version-history":[{"count":0,"href":"https:\/\/www.europesays.com\/de\/wp-json\/wp\/v2\/posts\/1148049\/revisions"}],"wp:featuredmedia":[{"embeddable":true,"href":"https:\/\/www.europesays.com\/de\/wp-json\/wp\/v2\/media\/1148050"}],"wp:attachment":[{"href":"https:\/\/www.europesays.com\/de\/wp-json\/wp\/v2\/media?parent=1148049"}],"wp:term":[{"taxonomy":"category","embeddable":true,"href":"https:\/\/www.europesays.com\/de\/wp-json\/wp\/v2\/categories?post=1148049"},{"taxonomy":"post_tag","embeddable":true,"href":"https:\/\/www.europesays.com\/de\/wp-json\/wp\/v2\/tags?post=1148049"}],"curies":[{"name":"wp","href":"https:\/\/api.w.org\/{rel}","templated":true}]}}