{"id":1148122,"date":"2026-07-07T00:21:32","date_gmt":"2026-07-07T00:21:32","guid":{"rendered":"https:\/\/www.europesays.com\/de\/1148122\/"},"modified":"2026-07-07T00:21:32","modified_gmt":"2026-07-07T00:21:32","slug":"gedenkstaette-bautzner-strasse-heiko-neumann-neuer-vorstandsvorsitzender","status":"publish","type":"post","link":"https:\/\/www.europesays.com\/de\/1148122\/","title":{"rendered":"Gedenkst\u00e4tte Bautzner Stra\u00dfe: Heiko Neumann neuer Vorstandsvorsitzender"},"content":{"rendered":"<p>Die Gedenkst\u00e4tte Bautzner Stra\u00dfe hat einen neuen Vorstandsvorsitzenden: Bei der Mitgliederversammlung des Tr\u00e4gervereins Erkenntnis durch Erinnerung e.V. wurde am 29. Juni Heiko Neumann einstimmig gew\u00e4hlt. Er tritt die Nachfolge von Henry Krause an, der dem Verein weiterhin als Stellvertreter erhalten bleibt.<br \/>\n<img fetchpriority=\"high\" decoding=\"async\" src=\"https:\/\/www.europesays.com\/de\/wp-content\/uploads\/2026\/07\/2026-07-06-HeikoNeumann.jpg\" alt=\"Neuer Vorsitzender des Gedenkst\u00e4tten-Tr\u00e4gervereins: Dr. Heiko Neumann - Foto: Archiv\/Anton Launer\" width=\"2400\" height=\"1350\" class=\"size-full wp-image-239463\"  \/>Neuer Vorsitzender des Gedenkst\u00e4tten-Tr\u00e4gervereins: Dr. Heiko Neumann \u2013 Foto: Archiv\/Anton Launer\n<\/p>\n<p>Der Tr\u00e4gerverein der Gedenkst\u00e4tte Bautzner Stra\u00dfe Dresden begleitet und unterst\u00fctzt seit 1997 die Arbeit des Gedenkst\u00e4ttenteams unter Leiterin Uljana Sieber. Ziel ist es, die Arbeitsweisen und Verflechtungen der sowjetischen Geheimdienste sowie des DDR-Ministeriums f\u00fcr Staatssicherheit am historischen Ort aufzuarbeiten und zu vermitteln. Kernst\u00fcck der Gedenkst\u00e4tte sind die beiden ehemaligen Untersuchungsgef\u00e4ngnisse sowie eine 2024 umfassend modernisierte Dauerausstellung.\n<\/p>\n<p>Der neunk\u00f6pfige, ehrenamtlich t\u00e4tige Vorstand bringt Fachleute aus unterschiedlichsten beruflichen und gesellschaftlichen Kontexten zusammen. F\u00fcr den langj\u00e4hrigen Vorsitzenden Henry Krause gab es bei der Versammlung einen herzlichen Dank \u2013 nicht zuletzt f\u00fcr die von ihm initiierte Veranstaltungsreihe zur Menschenrechtslage weltweit, die er gemeinsam mit der S\u00e4chsischen Landeszentrale f\u00fcr politische Bildung ins Leben gerufen hatte. In diesem Jahr stehen dazu noch zwei weitere Termine zu Iran und Venezuela an.\n<\/p>\n<p>Br\u00fccke zwischen Aufarbeitung und Gegenwart<\/p>\n<p>Neumann, 41-j\u00e4hriger Geschichtslehrer und Lehrbeauftragter an der TU Dresden, ist dem Haus seit 2011 in verschiedenen Rollen verbunden \u2013 als Forscher, Vermittler und bereits fr\u00fcher als Vorstandsmitglied. Ihm liegt daran, das b\u00fcrgerschaftliche Engagement, das im Wagnis der Revolution von 1989\/90 seinen Ursprung hat, behutsam an die n\u00e4chste Generation weiterzugeben. Dabei betont er die Bedeutung derjenigen im Verein, die selbst vom MfS verfolgt, inhaftiert oder unterdr\u00fcckt wurden: Die Erinnerung an das Leid, das Diktaturen Menschen zuf\u00fcgen, bleibe zentraler Auftrag von Gedenkst\u00e4tte und Verein.<\/p>\n<p>Gleichzeitig sollen die Perspektiven j\u00fcngerer Mitglieder im Vorstand st\u00e4rkeres Gewicht bekommen. Der Verein wolle nicht nur historische Diktaturmechanismen verst\u00e4ndlich machen, sondern auch dazu beitragen, Menschen zu bef\u00e4higen, sich neuen autorit\u00e4ren Verlockungen entgegenzustellen \u2013 gerade an einem Ort, der einst f\u00fcr einen ideologisch verengten Denkraum stand, gehe es darum, f\u00fcr Meinungs- und Entfaltungsfreiheit zu werben. Fundierte Forschung, zeitgem\u00e4\u00dfe Vermittlungsangebote und hochwertige Veranstaltungen k\u00f6nnten einer wachsenden Verkl\u00e4rung des DDR-Alltags entgegenwirken, so Neumann.<br \/>\n<img loading=\"lazy\" decoding=\"async\" src=\"https:\/\/www.europesays.com\/de\/wp-content\/uploads\/2026\/07\/2025-09-09-StasiZentrale.jpg\" alt=\"Die ehemalige Stasizentrale ist heute eine Gedenkst\u00e4tte - Foto: Archiv\/Anton Launer\" width=\"2400\" height=\"1350\" class=\"size-full wp-image-230880\"  \/>Die ehemalige Stasizentrale ist heute eine Gedenkst\u00e4tte \u2013 Foto: Archiv\/Anton Launer\n<\/p>\n<p>Sieben Tage ge\u00f6ffnet<\/p>\n<p>Die Gedenkst\u00e4tte ist an sieben Tagen der Woche zug\u00e4nglich. Wer die historischen R\u00e4ume und die Ausstellung besucht, kann sich mit individuellen Schicksalen auseinandersetzen und bekommt einen Eindruck von den lokalen wie internationalen Kooperationen des Hauses zur Erforschung und Vermittlung europ\u00e4ischer Diktaturerfahrungen.\n<\/p>\n<p>Wer den neuen Vorsitzenden pers\u00f6nlich kennenlernen m\u00f6chte, hat dazu am 29. August um 10 Uhr Gelegenheit: Gemeinsam mit dem Bundesarchiv \/ Stasi-Unterlagen-Archiv Standort Dresden f\u00fchrt Neumann durch die <a href=\"https:\/\/stasihaft-dresden.de\/die-topographie-der-sicherheit\" target=\"_blank\" rel=\"noopener nofollow\">Topographie der Sicherheit<\/a>, einen Rundgang durch das ehemalige Areal der Staatssicherheit am Dresdner Elbhang.\n<\/p>\n<p>Der neue Vorstand im \u00dcberblick<\/p>\n<ul>\n<li>Vorsitzender: Dr. Heiko Neumann<\/li>\n<li>1. Stellvertreter: Oliver Frh. von Gregory<\/li>\n<li>Stellvertreter: Ulrike G\u00e4rtner, Henry Krause<\/li>\n<li>Schatzmeister: Arnold Wiersbinski<\/li>\n<li>Beisitzer: Dr. Joachim Hannemann, Franz-Joseph Hille, Dr. Peter Keup, Katrin Rudolph<\/li>\n<li>Gedenkst\u00e4ttenleiterin: Uljana Sieber<\/li>\n<li>Ehrenvorsitzender: Dr. Herbert Wagner<\/li>\n<\/ul>\n<p>Weitere Informationen zur Gedenkst\u00e4tte: <a href=\"https:\/\/www.bautzner-strasse-dresden.de\/\" target=\"_blank\" rel=\"noopener nofollow\">Bautzner Stra\u00dfe Dresden<\/a><\/p>\n","protected":false},"excerpt":{"rendered":"Die Gedenkst\u00e4tte Bautzner Stra\u00dfe hat einen neuen Vorstandsvorsitzenden: Bei der Mitgliederversammlung des Tr\u00e4gervereins Erkenntnis durch Erinnerung e.V. wurde&hellip;\n","protected":false},"author":2,"featured_media":1148123,"comment_status":"","ping_status":"","sticky":false,"template":"","format":"standard","meta":{"footnotes":"","_share_on_mastodon":"0"},"categories":[1835],"tags":[44737,3364,29,2386,2416,30,72733,859,91083],"class_list":["post-1148122","post","type-post","status-publish","format-standard","has-post-thumbnail","category-dresden","tag-bautzner-strasse","tag-de","tag-deutschland","tag-dresden","tag-gedenkstaette","tag-germany","tag-neumann","tag-sachsen","tag-stasi"],"share_on_mastodon":{"url":"https:\/\/pubeurope.com\/@de\/116875840049664955","error":""},"_links":{"self":[{"href":"https:\/\/www.europesays.com\/de\/wp-json\/wp\/v2\/posts\/1148122","targetHints":{"allow":["GET"]}}],"collection":[{"href":"https:\/\/www.europesays.com\/de\/wp-json\/wp\/v2\/posts"}],"about":[{"href":"https:\/\/www.europesays.com\/de\/wp-json\/wp\/v2\/types\/post"}],"author":[{"embeddable":true,"href":"https:\/\/www.europesays.com\/de\/wp-json\/wp\/v2\/users\/2"}],"replies":[{"embeddable":true,"href":"https:\/\/www.europesays.com\/de\/wp-json\/wp\/v2\/comments?post=1148122"}],"version-history":[{"count":0,"href":"https:\/\/www.europesays.com\/de\/wp-json\/wp\/v2\/posts\/1148122\/revisions"}],"wp:featuredmedia":[{"embeddable":true,"href":"https:\/\/www.europesays.com\/de\/wp-json\/wp\/v2\/media\/1148123"}],"wp:attachment":[{"href":"https:\/\/www.europesays.com\/de\/wp-json\/wp\/v2\/media?parent=1148122"}],"wp:term":[{"taxonomy":"category","embeddable":true,"href":"https:\/\/www.europesays.com\/de\/wp-json\/wp\/v2\/categories?post=1148122"},{"taxonomy":"post_tag","embeddable":true,"href":"https:\/\/www.europesays.com\/de\/wp-json\/wp\/v2\/tags?post=1148122"}],"curies":[{"name":"wp","href":"https:\/\/api.w.org\/{rel}","templated":true}]}}