{"id":1148134,"date":"2026-07-07T00:28:16","date_gmt":"2026-07-07T00:28:16","guid":{"rendered":"https:\/\/www.europesays.com\/de\/1148134\/"},"modified":"2026-07-07T00:28:16","modified_gmt":"2026-07-07T00:28:16","slug":"versuchte-toetung-mann-51-sticht-auf-ehefrau-in-dortmund-ein","status":"publish","type":"post","link":"https:\/\/www.europesays.com\/de\/1148134\/","title":{"rendered":"Versuchte T\u00f6tung: Mann (51) sticht auf Ehefrau in Dortmund ein"},"content":{"rendered":"<p>\t\tMann soll versucht haben, seine Ehefrau in Dortmund zu t\u00f6ten<br \/>\n\t\t\t\t\t51-J\u00e4hrige in Lebensgefahr<\/p>\n<p>\t\t\t\t<a class=\"article-author__name\" href=\"https:\/\/www.ruhrnachrichten.de\/author\/esther-burmann\/\" rel=\"author nofollow noopener\" target=\"_blank\">Esther Burmann<\/a><br \/>\n\t\tVolont\u00e4rin<\/p>\n<p>    <a href=\"https:\/\/www.ruhrnachrichten.de\/wp-content\/uploads\/2026\/07\/06\/23\/630_0900_6482569_-1648x822.jpg\" rel=\"nofollow noopener\" target=\"_blank\"><\/p>\n<p>            <img loading=\"lazy\" decoding=\"async\" src=\"https:\/\/www.europesays.com\/de\/wp-content\/uploads\/2026\/07\/630_0900_6482568_-640x426.jpg\" width=\"640\" height=\"426\"  alt=\"Zwei Polizisten, von denen man nur die H\u00e4nde in Handschuhen sieht. Eine Hand h\u00e4lt ein Messer. Zu einem Messerangriff in Dortmund\"\/><\/p>\n<p>    <\/a><br \/>\n    Messerangriff in Dortmund: Ein Mann verletzte seine Ehefrau mutma\u00dflich lebensgef\u00e4hrlich. (Symbolbild) \u00a9 DPA<\/p>\n<p class=\"article__teaser-text\">Ein Mann soll in Dortmund versucht haben, seine Ehefrau mit einem Messer zu t\u00f6ten. Die Mordkommission ermittelt zu den Hintergr\u00fcnden der Tat.<\/p>\n<p>1 Min Lesezeit<\/p>\n<p>51-J\u00e4hrige im Krankenhaus<\/p>\n","protected":false},"excerpt":{"rendered":"Mann soll versucht haben, seine Ehefrau in Dortmund zu t\u00f6ten 51-J\u00e4hrige in Lebensgefahr Esther Burmann Volont\u00e4rin Messerangriff in&hellip;\n","protected":false},"author":2,"featured_media":1148135,"comment_status":"","ping_status":"","sticky":false,"template":"","format":"standard","meta":{"footnotes":"","_share_on_mastodon":"0"},"categories":[1833],"tags":[1950,10138,3364,29,217,30,1209],"class_list":["post-1148134","post","type-post","status-publish","format-standard","has-post-thumbnail","category-dortmund","tag-blaulicht","tag-brackel","tag-de","tag-deutschland","tag-dortmund","tag-germany","tag-nordrhein-westfalen"],"share_on_mastodon":{"url":"https:\/\/pubeurope.com\/@de\/116875867417294564","error":""},"_links":{"self":[{"href":"https:\/\/www.europesays.com\/de\/wp-json\/wp\/v2\/posts\/1148134","targetHints":{"allow":["GET"]}}],"collection":[{"href":"https:\/\/www.europesays.com\/de\/wp-json\/wp\/v2\/posts"}],"about":[{"href":"https:\/\/www.europesays.com\/de\/wp-json\/wp\/v2\/types\/post"}],"author":[{"embeddable":true,"href":"https:\/\/www.europesays.com\/de\/wp-json\/wp\/v2\/users\/2"}],"replies":[{"embeddable":true,"href":"https:\/\/www.europesays.com\/de\/wp-json\/wp\/v2\/comments?post=1148134"}],"version-history":[{"count":0,"href":"https:\/\/www.europesays.com\/de\/wp-json\/wp\/v2\/posts\/1148134\/revisions"}],"wp:featuredmedia":[{"embeddable":true,"href":"https:\/\/www.europesays.com\/de\/wp-json\/wp\/v2\/media\/1148135"}],"wp:attachment":[{"href":"https:\/\/www.europesays.com\/de\/wp-json\/wp\/v2\/media?parent=1148134"}],"wp:term":[{"taxonomy":"category","embeddable":true,"href":"https:\/\/www.europesays.com\/de\/wp-json\/wp\/v2\/categories?post=1148134"},{"taxonomy":"post_tag","embeddable":true,"href":"https:\/\/www.europesays.com\/de\/wp-json\/wp\/v2\/tags?post=1148134"}],"curies":[{"name":"wp","href":"https:\/\/api.w.org\/{rel}","templated":true}]}}