{"id":1148173,"date":"2026-07-07T00:50:17","date_gmt":"2026-07-07T00:50:17","guid":{"rendered":"https:\/\/www.europesays.com\/de\/1148173\/"},"modified":"2026-07-07T00:50:17","modified_gmt":"2026-07-07T00:50:17","slug":"berlin-joerg-schoenenborn-gibt-einstand-als-tagesthemen-moderator-3","status":"publish","type":"post","link":"https:\/\/www.europesays.com\/de\/1148173\/","title":{"rendered":"Berlin | J\u00f6rg Sch\u00f6nenborn gibt Einstand als \u00abTagesthemen\u00bb-Moderator"},"content":{"rendered":"<p>Berlin (dpa) &#8211; Der ARD-Journalist J\u00f6rg Sch\u00f6nenborn hat seinen Einstand als neuer Moderator der \u00abTagesthemen\u00bb gegeben. \u00abHerzlich willkommen, sch\u00f6n, dass Sie dabei sind. Wir sehen uns hier bei den &#8222;Tagesthemen&#8220; jetzt regelm\u00e4\u00dfig und darauf freue ich mich\u00bb, begr\u00fc\u00dfte der 61-J\u00e4hrige die Zuschauer zu Beginn der Sendung.<\/p>\n<p>Anschlie\u00dfend berichtete er in seiner neuen Rolle \u00fcber das Aufregerthema des Tages: den umstrittenen Anruf von US-Pr\u00e4sident Donald Trump bei FIFA-Chef Gianni Infantino, bei dem es um eine Schiedsrichterentscheidung zulasten der amerikanischen Fu\u00dfballnationalmannschaft ging. Sp\u00e4ter interviewte Sch\u00f6nenborn Bundesfinanzminister Lars Klingbeil zum neuen Haushaltsentwurf.\u00a0<\/p>\n<p>Der dem Fernsehpublikum schon aus vielen anderen Sendungen vertraute TV-Routinier verabschiedete sich mit den Worten \u00abTsch\u00fcss und lassen Sie es gut gehen\u00bb. Ob daraus ein neues Ritual wird, werden die n\u00e4chsten Auftritte zeigen. Sch\u00f6nenborns Kollege Ingo Zamperoni sagt zum Ende seiner Moderationen stets:\u00a0\u00abBleiben Sie zuversichtlich!\u00bb Der fr\u00fchere \u00abTagesthemen\u00bb-Mann Ulrich Wickert hatte zum Ende der Sendung immer \u00abeine geruhsame Nacht\u00bb gew\u00fcnscht.<\/p>\n<p>Sch\u00f6nenborn verbindet eine lange Geschichte mit den \u00abTagesthemen\u00bb. Bereits 1992 berichtete er als Reporter live im Fernsehen f\u00fcr die Sendung, seitdem war er regelm\u00e4\u00dfig als Berichterstatter im Einsatz &#8211; erst als Korrespondent f\u00fcr NRW, sp\u00e4ter mit Analysen aus dem Wahlstudio.<\/p>\n<p>Wie bisher werde Sch\u00f6nenborn weiter Ergebnisse und Analysen bei allen Wahlen in der ARD pr\u00e4sentieren und einer der Gastgeber des ARD-\u00abPresseclubs\u00bb am Sonntagmittag bleiben, hatte der Sender bei seiner Vorstellung als \u00abTagesthemen\u00bb-Moderator mitgeteilt.<\/p>\n","protected":false},"excerpt":{"rendered":"Berlin (dpa) &#8211; Der ARD-Journalist J\u00f6rg Sch\u00f6nenborn hat seinen Einstand als neuer Moderator der \u00abTagesthemen\u00bb gegeben. \u00abHerzlich willkommen,&hellip;\n","protected":false},"author":2,"featured_media":1148174,"comment_status":"","ping_status":"","sticky":false,"template":"","format":"standard","meta":{"footnotes":"","_share_on_mastodon":"0"},"categories":[1825],"tags":[296,29,441,30,2549,62,4486],"class_list":["post-1148173","post","type-post","status-publish","format-standard","has-post-thumbnail","category-berlin","tag-berlin","tag-deutschland","tag-fernsehen","tag-germany","tag-leute","tag-medien","tag-rundfunk"],"share_on_mastodon":{"url":"https:\/\/pubeurope.com\/@de\/116875953838313347","error":""},"_links":{"self":[{"href":"https:\/\/www.europesays.com\/de\/wp-json\/wp\/v2\/posts\/1148173","targetHints":{"allow":["GET"]}}],"collection":[{"href":"https:\/\/www.europesays.com\/de\/wp-json\/wp\/v2\/posts"}],"about":[{"href":"https:\/\/www.europesays.com\/de\/wp-json\/wp\/v2\/types\/post"}],"author":[{"embeddable":true,"href":"https:\/\/www.europesays.com\/de\/wp-json\/wp\/v2\/users\/2"}],"replies":[{"embeddable":true,"href":"https:\/\/www.europesays.com\/de\/wp-json\/wp\/v2\/comments?post=1148173"}],"version-history":[{"count":0,"href":"https:\/\/www.europesays.com\/de\/wp-json\/wp\/v2\/posts\/1148173\/revisions"}],"wp:featuredmedia":[{"embeddable":true,"href":"https:\/\/www.europesays.com\/de\/wp-json\/wp\/v2\/media\/1148174"}],"wp:attachment":[{"href":"https:\/\/www.europesays.com\/de\/wp-json\/wp\/v2\/media?parent=1148173"}],"wp:term":[{"taxonomy":"category","embeddable":true,"href":"https:\/\/www.europesays.com\/de\/wp-json\/wp\/v2\/categories?post=1148173"},{"taxonomy":"post_tag","embeddable":true,"href":"https:\/\/www.europesays.com\/de\/wp-json\/wp\/v2\/tags?post=1148173"}],"curies":[{"name":"wp","href":"https:\/\/api.w.org\/{rel}","templated":true}]}}