{"id":1148427,"date":"2026-07-07T03:35:16","date_gmt":"2026-07-07T03:35:16","guid":{"rendered":"https:\/\/www.europesays.com\/de\/1148427\/"},"modified":"2026-07-07T03:35:16","modified_gmt":"2026-07-07T03:35:16","slug":"duesseldorfer-integrationspreis-33-bewerber-15-000-euro-preisgeld-fuenf-sieger","status":"publish","type":"post","link":"https:\/\/www.europesays.com\/de\/1148427\/","title":{"rendered":"D\u00fcsseldorfer Integrationspreis: 33 Bewerber, 15.000 Euro Preisgeld, f\u00fcnf Sieger"},"content":{"rendered":"<p class=\"text_ohne_einzug richtext text-em-55 !leading-serif mx-6 desktop:mx-0\"><a href=\"https:\/\/rp-online.de\/thema\/miriam-koch\/\" rel=\"nofollow noopener\" target=\"_blank\">Miriam Koch<\/a>, st\u00e4dtische Spitzenbeamtin f\u00fcr Integration und Kultur, schickte am Sonntag aus dem D\u00fcsseldorfer Schauspielhaus eine Botschaft nach Erfurt, also an den Ort, an dem zur gleichen Zeit der AfD-Bundesparteitag abgehalten wurde. Daf\u00fcr zitierte sie aus dem Hit \u201eSchrei nach Liebe\u201c der \u00c4rzte, in dem es unter anderem um Fremdenfeindlichkeit und Intoleranz geht.<\/p>\n<p class=\"richtext text-em-55 !leading-serif mx-6 desktop:mx-0\">Anlass war die Feierstunde zur Verleihung des Integrationspreises 2026. \u201eIch war beim zweiten Konzert der Toten Hosen in der Arena\u201c, berichtete die Dezernentin mit angeschlagener Stimme. \u201eDie Toten Hosen stehen seit Jahrzehnten ein gegen Rechtsextremismus, Menschenfeindlichkeit und Rassismus. Bei den beiden Konzerten waren jeweils 50.000 Menschen zugegen und die kamen nicht nur aus D\u00fcsseldorf. Wenn diese 100.000 Hosen-Fans die Botschaft der Band mitnehmen und in die Welt hinaustragen, bleibt noch Hoffnung.\u201c<\/p>\n<p class=\"richtext text-em-55 !leading-serif mx-6 desktop:mx-0\">Man erlebe derzeit gesellschaftliche Entwicklungen, die viele Menschen mit Sorge betrachteten. Demokratische Institutionen gerieten unter Druck, Desinformationen verbreiteten sich rasant und menschenfeindliche Positionen w\u00fcrden wieder lauter und sichtbarer, f\u00fchrte Koch aus. \u201eGerade deshalb ist es so wichtig, dass Menschen Haltung zeigen f\u00fcr Humanit\u00e4t, Solidarit\u00e4t, Respekt und demokratische Grundwerte.\u201c Haltung bedeute, nicht wegzuschauen, wenn andere ausgegrenzt w\u00fcrden, f\u00fcr demokratische Werte einzustehen \u2013 im Beruf, im Verein, in der Nachbarschaft, in der Schule und im Ehrenamt. Und Haltung bedeute, auch dann f\u00fcr Respekt und Menschenw\u00fcrde einzutreten, wenn es unbequem werde.<\/p>\n<p class=\"richtext text-em-55 !leading-serif mx-6 desktop:mx-0\">Eine Haltung, die der Lions Club D\u00fcsseldorf-Carlstadt seit vielen Jahren zeigt. Der Club lobte den Integrationspreis aus, der in diesem Jahr zum neunten Mal vergeben wurde. \u201eWir stehen daf\u00fcr ein, demokratische Werte zu f\u00f6rdern, Br\u00fccken zwischen Menschen zu bauen und Verantwortung f\u00fcr unser demokratisches Gemeinwesen zu \u00fcbernehmen\u201c, sagte Lions-Pr\u00e4sident Walter Blum anl\u00e4sslich der Verleihung. \u201eFreiheit, Menschenw\u00fcrde, Respekt und Solidarit\u00e4t sind die Grundlagen unseres Handelns\u201c, betonte der Pr\u00e4sident. Integration sei nicht nur eine soziale Aufgabe, sondern ein wesentlicher Beitrag zur St\u00e4rkung unserer Demokratie. Ein demokratisches Miteinander entstehe dort, wo Menschen unabh\u00e4ngig von Herkunft, Kultur, Religion oder Lebensgeschichte gleiche Chancen erhielten, sich in die Gemeinschaft einzubringen.<\/p>\n<p class=\"richtext text-em-55 !leading-serif mx-6 desktop:mx-0\">Mehr als 40 Prozent aller D\u00fcsseldorfer haben eine zumindest in Teilen internationale Familiengeschichte. Menschen aus 180 Nationen leben und arbeiten in der NRW-Landeshauptstadt. \u201eDiese Vielfalt ist eine gro\u00dfe St\u00e4rke unserer Stadt. Sie bereichert unsere Gesellschaft, unsere Kultur, unsere Wirtschaft\u201c, sagte Koch. \u201eZusammenhalt entsteht aber nicht von allein. Eine vielf\u00e4ltige Stadtgesellschaft braucht Menschen, die Verantwortung \u00fcbernehmen, die Br\u00fccken bauen und die sich f\u00fcr Respekt und gegenseitige Anerkennung einsetzen.\u201c So wie es die Preistr\u00e4ger und die 28 weiteren Projekte, die sich um den Integrationspreis beworben h\u00e4tten, tagt\u00e4glich tun.<\/p>\n<p class=\"richtext text-em-55 !leading-serif mx-6 desktop:mx-0\">Unter dem diesj\u00e4hrigen Motto \u201eZusammenhalt durch Haltung! Engagement f\u00fcr ein demokratisches Miteinander&#8220; wurden in diesem Jahr f\u00fcnf Projekte ausgezeichnet, die sich in besonderer Weise f\u00fcr Demokratiebildung, gesellschaftliche Teilhabe und den gesellschaftlichen Zusammenhalt in D\u00fcsseldorf einsetzen. Die Jury aus Vertretern der Stadt, des Carlst\u00e4dter Lions Clubs sowie aus Vertretern von Wissenschaft und Medien hat dieses Mal zwei gleichrangige erste Preise vergeben.<\/p>\n<p class=\"richtext text-em-55 !leading-serif mx-6 desktop:mx-0\"> Um den Integrationspreis hatten sich dieses Mal insgesamt 33 Projekte beworben und damit so viele wie nie zuvor. Die f\u00fcnf ausgezeichneten Projekte erhielten insgesamt ein Preisgeld von 15.000 Euro, das entsprechend der Platzierungen aufgeteilt wurde (s. Infobox).<\/p>\n","protected":false},"excerpt":{"rendered":"Miriam Koch, st\u00e4dtische Spitzenbeamtin f\u00fcr Integration und Kultur, schickte am Sonntag aus dem D\u00fcsseldorfer Schauspielhaus eine Botschaft nach&hellip;\n","protected":false},"author":2,"featured_media":1148428,"comment_status":"","ping_status":"","sticky":false,"template":"","format":"standard","meta":{"footnotes":"","_share_on_mastodon":"0"},"categories":[1831],"tags":[51463,3364,63264,29,3405,30,10760,4404,3659,241266,241267,44162,241268,3467,48205,33439,1209,828,24636,2202,23882,66793],"class_list":["post-1148427","post","type-post","status-publish","format-standard","has-post-thumbnail","category-duesseldorf","tag-preisgeld","tag-de","tag-demokratische","tag-deutschland","tag-duesseldorf","tag-germany","tag-haltung","tag-hosen","tag-integration","tag-integrations","tag-integrationsgeschichten","tag-integrationspreis","tag-integrationszentrums","tag-landeshauptstadt","tag-lions","tag-miriam-koch","tag-nordrhein-westfalen","tag-preis","tag-preistraeger","tag-projekt","tag-respekt","tag-sonderpreis"],"share_on_mastodon":{"url":"https:\/\/pubeurope.com\/@de\/116876602718001946","error":""},"_links":{"self":[{"href":"https:\/\/www.europesays.com\/de\/wp-json\/wp\/v2\/posts\/1148427","targetHints":{"allow":["GET"]}}],"collection":[{"href":"https:\/\/www.europesays.com\/de\/wp-json\/wp\/v2\/posts"}],"about":[{"href":"https:\/\/www.europesays.com\/de\/wp-json\/wp\/v2\/types\/post"}],"author":[{"embeddable":true,"href":"https:\/\/www.europesays.com\/de\/wp-json\/wp\/v2\/users\/2"}],"replies":[{"embeddable":true,"href":"https:\/\/www.europesays.com\/de\/wp-json\/wp\/v2\/comments?post=1148427"}],"version-history":[{"count":0,"href":"https:\/\/www.europesays.com\/de\/wp-json\/wp\/v2\/posts\/1148427\/revisions"}],"wp:featuredmedia":[{"embeddable":true,"href":"https:\/\/www.europesays.com\/de\/wp-json\/wp\/v2\/media\/1148428"}],"wp:attachment":[{"href":"https:\/\/www.europesays.com\/de\/wp-json\/wp\/v2\/media?parent=1148427"}],"wp:term":[{"taxonomy":"category","embeddable":true,"href":"https:\/\/www.europesays.com\/de\/wp-json\/wp\/v2\/categories?post=1148427"},{"taxonomy":"post_tag","embeddable":true,"href":"https:\/\/www.europesays.com\/de\/wp-json\/wp\/v2\/tags?post=1148427"}],"curies":[{"name":"wp","href":"https:\/\/api.w.org\/{rel}","templated":true}]}}