{"id":1148470,"date":"2026-07-07T03:59:13","date_gmt":"2026-07-07T03:59:13","guid":{"rendered":"https:\/\/www.europesays.com\/de\/1148470\/"},"modified":"2026-07-07T03:59:13","modified_gmt":"2026-07-07T03:59:13","slug":"fussball-wm-franzosen-wollen-gegen-rassistische-beleidigung-mbappes-vorgehen","status":"publish","type":"post","link":"https:\/\/www.europesays.com\/de\/1148470\/","title":{"rendered":"Fu\u00dfball-WM: Franzosen wollen gegen rassistische Beleidigung Mbapp\u00e9s vorgehen"},"content":{"rendered":"<p class=\"paragraph article__item\">Der franz\u00f6sische Fu\u00dfballverband hat nach den rassistischen Beleidigungen gegen den franz\u00f6sischen Offensivstar <a href=\"https:\/\/www.zeit.de\/thema\/kylian-mbappe\" target=\"_blank\" rel=\"nofollow noopener\">Kylian Mbapp\u00e9<\/a> angek\u00fcndigt, juristisch gegen die paraguayische Senatorin Celeste Amarilla de Boccia vorzugehen. Ihre Bemerkungen seien \u00bbverabscheuungsw\u00fcrdig und inakzeptabel\u00ab, teilte der Verband mit. Man werde Anzeige bei der Staatsanwaltschaft stellen, um rechtliche Schritte einzuleiten.\n<\/p>\n<p class=\"paragraph article__item\">\u00bbIch sichere unserem Kapit\u00e4n, den Spielern und ganz allgemein allen Opfern solch abscheulicher \u00c4u\u00dferungen meine volle Unterst\u00fctzung zu\u00ab, schrieb Verbandspr\u00e4sident Philippe Diallo bei X. \u00bbDie Spieler der franz\u00f6sischen Nationalmannschaft repr\u00e4sentieren <a class=\"rtr-entity\" href=\"https:\/\/www.zeit.de\/thema\/frankreich\" rel=\"nofollow noopener\" target=\"_blank\">Frankreich<\/a>. Es ist unser Land, das hier beleidigt wird.\u00ab Die \u00c4u\u00dferungen seien \u00bbstrafbar\u00ab und \u00bbverwerflich\u00ab.\n<\/p>\n<p class=\"paragraph article__item\">Die Regierung <a href=\"https:\/\/www.zeit.de\/thema\/paraguay\" target=\"_blank\" rel=\"nofollow noopener\">Paraguays<\/a> verurteilte die rassistische Beleidigung durch eine Senatorin. Die \u00c4u\u00dferungen \u00bbspiegeln in keiner Weise die Haltung der Regierung der Republik <a class=\"rtr-entity\" href=\"https:\/\/www.zeit.de\/thema\/paraguay\" rel=\"nofollow noopener\" target=\"_blank\">Paraguay<\/a> oder des paraguayischen Volkes wider\u00ab, hie\u00df es in einer Erkl\u00e4rung.\n<\/p>\n<p class=\"paragraph article__item\">Auch Frankreichs Pr\u00e4sident <a href=\"https:\/\/www.zeit.de\/thema\/emmanuel-macron\" target=\"_blank\" rel=\"nofollow noopener\">Emmanuel Macron<\/a> nahm den Spieler in Schutz. Macron schrieb auf X: \u00bbEin weiteres Tor f\u00fcr <a class=\"rtr-entity\" href=\"https:\/\/www.zeit.de\/thema\/kylian-mbappe\" rel=\"nofollow noopener\" target=\"_blank\">Kylian Mbapp\u00e9<\/a>. Diesmal gegen den Rassismus. Meine volle Unterst\u00fctzung. Wenn Worte verletzen, setzen unsere Werte ein Zeichen: W\u00fcrde, Respekt, Br\u00fcderlichkeit.\u00ab\n<\/p>\n<p>            Mbapp\u00e9 reagierte auf rassistische \u00c4u\u00dferungen            <\/p>\n<p class=\"paragraph article__item\">Die Senatorin der oppositionellen Radikal-Liberalen Partei (PLRA) hatte<br \/>\nden Kapit\u00e4n der franz\u00f6sischen Nationalmannschaft nach dem 1:0-Sieg \u00fcber<br \/>\nParaguay im Achtelfinale der Fu\u00dfballweltmeisterschaft schwer beleidigt. Sie bezeichnete ihn unter anderem als \u00bbTrottel\u00ab, der<br \/>\nnicht mal schreiben gelernt habe. Zudem verunglimpfte sie ihn als<br \/>\n\u00bbkolonialisierten Kameruner, der verzweifelt versucht, als Franzose<br \/>\ndurchzugehen\u00ab.<\/p>\n<p class=\"paragraph article__item\">Mbapp\u00e9 reagierte online und warf Amarilla \u00bbunverhohlenen Rassismus\u00ab vor. Die Senatorin sei \u00bbeine verachtenswerte Frau und ihrer Funktion nicht w\u00fcrdig\u00ab. Gerichtet an die Politikerin schrieb Mbapp\u00e9: \u00bbSie vertreten nicht Paraguay, dieses Land, das w\u00e4hrend des gesamten Wettbewerbs Leidenschaft und Ehre verstr\u00f6mt hat.\u00ab\n<\/p>\n<p>Mehr zum Thema<\/p>\n<p>                <a href=\"https:\/\/www.zeit.de\/sport\/2026-07\/gianni-infantino-donald-trump-fifa-fussball-wm-usa\" data-ct-label=\"Gianni Infantino: Der Fu\u00dfball l\u00e4sst sich nicht f\u00fcr dumm verkaufen\" data-uuid=\"c7ece1d8-cfb0-450c-ad9b-824d33e34927\" rel=\"nofollow noopener\" target=\"_blank\"><\/p>\n<p>        Z+ (abopflichtiger Inhalt);<\/p>\n<p>    Gianni Infantino:<br \/>\n                        Der Fu\u00dfball l\u00e4sst sich nicht f\u00fcr dumm verkaufen<\/p>\n<p>                <\/a><\/p>\n<p>                <a href=\"https:\/\/www.zeit.de\/sport\/2026-07\/donald-trump-fussball-wm-sabotage-sperre-interesse\" data-ct-label=\"Infantino-Skandal: Der US-Pr\u00e4sident kann die WM nicht gewinnen, also tritt er sie kaputt\" data-uuid=\"bf814759-156d-4af4-b2bf-5b0ee3eb37c0\" rel=\"nofollow noopener\" target=\"_blank\"><\/p>\n<p>        Z+ (abopflichtiger Inhalt);<\/p>\n<p>    Infantino-Skandal:<br \/>\n                        Der US-Pr\u00e4sident kann die WM nicht gewinnen, also tritt er sie kaputt<\/p>\n<p>                <\/a><\/p>\n<p>                <a href=\"https:\/\/www.zeit.de\/sport\/2026-07\/erling-haaland-norwegen-brasilien-neymar\" data-ct-label=\"Erling Haaland: Eine Sensation? Fr\u00fcher vielleicht\" data-uuid=\"50a7589e-6678-49bd-84cf-609b1117a18f\" rel=\"nofollow noopener\" target=\"_blank\"><\/p>\n<p>        Z+ (abopflichtiger Inhalt);<\/p>\n<p>    Erling Haaland:<br \/>\n                        Eine Sensation? Fr\u00fcher vielleicht<\/p>\n<p>                <\/a><\/p>\n","protected":false},"excerpt":{"rendered":"Der franz\u00f6sische Fu\u00dfballverband hat nach den rassistischen Beleidigungen gegen den franz\u00f6sischen Offensivstar Kylian Mbapp\u00e9 angek\u00fcndigt, juristisch gegen die&hellip;\n","protected":false},"author":2,"featured_media":1148471,"comment_status":"","ping_status":"","sticky":false,"template":"","format":"standard","meta":{"footnotes":"","_share_on_mastodon":"0"},"categories":[136],"tags":[25834,241278,29,1356,156,19366,30,19542,78182,265],"class_list":["post-1148470","post","type-post","status-publish","format-standard","has-post-thumbnail","category-sport","tag-beleidigung","tag-celeste-amarilla","tag-deutschland","tag-emmanuel-macron","tag-frankreich","tag-fussball-wm","tag-germany","tag-kylian-mbappe","tag-paraguay","tag-sport"],"share_on_mastodon":{"url":"https:\/\/pubeurope.com\/@de\/116876697044758687","error":""},"_links":{"self":[{"href":"https:\/\/www.europesays.com\/de\/wp-json\/wp\/v2\/posts\/1148470","targetHints":{"allow":["GET"]}}],"collection":[{"href":"https:\/\/www.europesays.com\/de\/wp-json\/wp\/v2\/posts"}],"about":[{"href":"https:\/\/www.europesays.com\/de\/wp-json\/wp\/v2\/types\/post"}],"author":[{"embeddable":true,"href":"https:\/\/www.europesays.com\/de\/wp-json\/wp\/v2\/users\/2"}],"replies":[{"embeddable":true,"href":"https:\/\/www.europesays.com\/de\/wp-json\/wp\/v2\/comments?post=1148470"}],"version-history":[{"count":0,"href":"https:\/\/www.europesays.com\/de\/wp-json\/wp\/v2\/posts\/1148470\/revisions"}],"wp:featuredmedia":[{"embeddable":true,"href":"https:\/\/www.europesays.com\/de\/wp-json\/wp\/v2\/media\/1148471"}],"wp:attachment":[{"href":"https:\/\/www.europesays.com\/de\/wp-json\/wp\/v2\/media?parent=1148470"}],"wp:term":[{"taxonomy":"category","embeddable":true,"href":"https:\/\/www.europesays.com\/de\/wp-json\/wp\/v2\/categories?post=1148470"},{"taxonomy":"post_tag","embeddable":true,"href":"https:\/\/www.europesays.com\/de\/wp-json\/wp\/v2\/tags?post=1148470"}],"curies":[{"name":"wp","href":"https:\/\/api.w.org\/{rel}","templated":true}]}}