{"id":1148500,"date":"2026-07-07T04:18:35","date_gmt":"2026-07-07T04:18:35","guid":{"rendered":"https:\/\/www.europesays.com\/de\/1148500\/"},"modified":"2026-07-07T04:18:35","modified_gmt":"2026-07-07T04:18:35","slug":"waldhof-mannheim-felix-lohkemper-schliesst-sich-dem-sv-sandhausen-an","status":"publish","type":"post","link":"https:\/\/www.europesays.com\/de\/1148500\/","title":{"rendered":"Waldhof Mannheim: Felix Lohkemper schlie\u00dft sich dem SV Sandhausen an"},"content":{"rendered":"<p><a href=\"https:\/\/liga3-news.de\/wp-content\/uploads\/2025\/08\/Felix-Lohkemper-vom-SV-Waldhof-Mannheim.jpg\" data-caption=\"Foto: Waldhof X\" rel=\"nofollow noopener\" target=\"_blank\"><img loading=\"lazy\" decoding=\"async\" onload=\"Wpfcll.r(this,true);\" src=\"https:\/\/liga3-news.de\/wp-content\/plugins\/wp-fastest-cache-premium\/pro\/images\/blank.gif\" width=\"696\" height=\"465\" class=\"entry-thumb td-modal-image\" data-wpfc-original-src=\"https:\/\/www.europesays.com\/de\/wp-content\/uploads\/2026\/07\/Felix-Lohkemper-vom-SV-Waldhof-Mannheim-696x465.jpg\" data-wpfc-original-  alt=\"\" title=\"Felix Lohkemper vom SV Waldhof Mannheim\"\/><\/a>Foto: Waldhof X<\/p>\n<p class=\"ai-optimize-6 ai-optimize-introduction\"><strong>Der SV Sandhausen hat auf dem Transfermarkt noch einmal deutlich nachgelegt und sich mit Felix Lohkemper sofortige Offensivqualit\u00e4t gesichert. Der 31-J\u00e4hrige kommt vom SV Waldhof Mannheim und bringt nicht nur Erfahrung, sondern vor allem eine auff\u00e4llig starke Torquote mit. F\u00fcr den Regionalligisten ist der Wechsel ein klares Signal, dass die Ambitionen f\u00fcr die neue Saison nicht im Hintergrund bleiben sollen.<\/strong><\/p>\n<p>  <strong>Sandhausen holt einen Torj\u00e4ger mit Wirkung<\/strong><\/p>\n<p class=\"ai-optimize-8\">Der SV Sandhausen verst\u00e4rkt seine Offensive mit einem Namen, der in der Region und dar\u00fcber hinaus l\u00e4ngst bekannt ist: Felix Lohkemper wechselt mit sofortiger Wirkung vom SV Waldhof Mannheim zum SVS. Beide Klubs verst\u00e4ndigten sich auf einen Transfer, \u00fcber die finanziellen Details wurde Stillschweigen vereinbart.<\/p>\n<p class=\"ai-optimize-9\">F\u00fcr Sandhausen ist dieser Wechsel weit mehr als ein weiterer Kaderbaustein. Mit Lohkemper kommt ein Angreifer, der in den vergangenen beiden Jahren beim Waldhof konstant geliefert hat. Seit seinem Wechsel nach Mannheim im Sommer 2024 absolvierte der Offensivspieler 64 Pflichtspiele und erzielte dabei 32 Tore. Diese Bilanz macht deutlich, warum der SVS bei dieser Personalie zugegriffen hat.<\/p>\n<p><strong>Ein Wechsel, der aus \u00dcberzeugung entstand<\/strong><\/p>\n<p class=\"ai-optimize-11\">Auch Lohkemper selbst l\u00e4sst keinen Zweifel daran, wie klar seine Entscheidung ausgefallen ist. \u201eIch habe den Verein und die Verantwortlichen in den Gespr\u00e4chen als sehr angenehm wahrgenommen\u201c. Dass ihm sowohl die handelnden Personen als auch das Umfeld vertraut sind, d\u00fcrfte den Start zus\u00e4tzlich erleichtern. Ausgebildet wurde Lohkemper unter anderem beim Karlsruher SC und beim VfB Stuttgart. Danach f\u00fchrte ihn sein Weg \u00fcber die zweiten Mannschaften des VfB, der TSG Hoffenheim und des 1. FSV Mainz 05 in den Profifu\u00dfball.<\/p>\n<p class=\"ai-optimize-13\">Ein wichtiger Abschnitt folgte beim 1. FC Magdeburg, wo er in der Saison 2017\/18 die Meisterschaft in der 3. Liga feierte und den Aufstieg in die 2. Bundesliga miterlebte. Anschlie\u00dfend stand er f\u00fcnf Jahre lang beim 1. FC N\u00fcrnberg unter Vertrag. Dort sammelte er weitere Erfahrung auf hohem Niveau, ehe er sich 2024 dem SV Waldhof Mannheim anschloss. Nun folgt mit Sandhausen die n\u00e4chste Station, diesmal in einem Umfeld, das sich erkennbar etwas vorgenommen hat.<\/p>\n","protected":false},"excerpt":{"rendered":"Foto: Waldhof X Der SV Sandhausen hat auf dem Transfermarkt noch einmal deutlich nachgelegt und sich mit Felix&hellip;\n","protected":false},"author":2,"featured_media":1148501,"comment_status":"","ping_status":"","sticky":false,"template":"","format":"standard","meta":{"footnotes":"","_share_on_mastodon":"0"},"categories":[1845],"tags":[1634,3364,29,548,663,3934,30,13,2096,14,15,12,17594],"class_list":["post-1148500","post","type-post","status-publish","format-standard","has-post-thumbnail","category-mannheim","tag-baden-wuerttemberg","tag-de","tag-deutschland","tag-eu","tag-europa","tag-europe","tag-germany","tag-headlines","tag-mannheim","tag-nachrichten","tag-news","tag-schlagzeilen","tag-waldhof-mannheim"],"share_on_mastodon":{"url":"https:\/\/pubeurope.com\/@de\/116876773296821812","error":""},"_links":{"self":[{"href":"https:\/\/www.europesays.com\/de\/wp-json\/wp\/v2\/posts\/1148500","targetHints":{"allow":["GET"]}}],"collection":[{"href":"https:\/\/www.europesays.com\/de\/wp-json\/wp\/v2\/posts"}],"about":[{"href":"https:\/\/www.europesays.com\/de\/wp-json\/wp\/v2\/types\/post"}],"author":[{"embeddable":true,"href":"https:\/\/www.europesays.com\/de\/wp-json\/wp\/v2\/users\/2"}],"replies":[{"embeddable":true,"href":"https:\/\/www.europesays.com\/de\/wp-json\/wp\/v2\/comments?post=1148500"}],"version-history":[{"count":0,"href":"https:\/\/www.europesays.com\/de\/wp-json\/wp\/v2\/posts\/1148500\/revisions"}],"wp:featuredmedia":[{"embeddable":true,"href":"https:\/\/www.europesays.com\/de\/wp-json\/wp\/v2\/media\/1148501"}],"wp:attachment":[{"href":"https:\/\/www.europesays.com\/de\/wp-json\/wp\/v2\/media?parent=1148500"}],"wp:term":[{"taxonomy":"category","embeddable":true,"href":"https:\/\/www.europesays.com\/de\/wp-json\/wp\/v2\/categories?post=1148500"},{"taxonomy":"post_tag","embeddable":true,"href":"https:\/\/www.europesays.com\/de\/wp-json\/wp\/v2\/tags?post=1148500"}],"curies":[{"name":"wp","href":"https:\/\/api.w.org\/{rel}","templated":true}]}}