{"id":1148515,"date":"2026-07-07T04:27:51","date_gmt":"2026-07-07T04:27:51","guid":{"rendered":"https:\/\/www.europesays.com\/de\/1148515\/"},"modified":"2026-07-07T04:27:51","modified_gmt":"2026-07-07T04:27:51","slug":"26-jaehriger-knallt-in-wuppertal-mit-seinem-auto-gegen-pfosten","status":"publish","type":"post","link":"https:\/\/www.europesays.com\/de\/1148515\/","title":{"rendered":"26-J\u00e4hriger knallt in Wuppertal mit seinem Auto gegen Pfosten"},"content":{"rendered":"<p class=\"text_ohne_einzug richtext text-em-55 !leading-serif mx-6 desktop:mx-0\">Ein 26-J\u00e4hriger baute am Montagmorgen, 6. Juli, mit seinem VW Golf einen Unfall auf der Heckinghauser Stra\u00dfe. Auf H\u00f6he der unteren Lichtenplatzer Stra\u00dfe kam der Fahrer mit seinem Auto von der Fahrbahn ab und prallte mit einem Pfosten am Stra\u00dfenrand zusammen. Der Fahrer wurde in einem Rettungswagen untersucht, aber nach bisherigem Stand nicht verletzt.<\/p>\n<p class=\"richtext text-em-55 !leading-serif mx-6 desktop:mx-0\">Eine Fahrspur war w\u00e4hrend der Unfallaufnahme nur bedingt befahrbar. Im Bereich des Unfalls kam es teilweise zu Verkehrseinschr\u00e4nkungen.<\/p>\n","protected":false},"excerpt":{"rendered":"Ein 26-J\u00e4hriger baute am Montagmorgen, 6. Juli, mit seinem VW Golf einen Unfall auf der Heckinghauser Stra\u00dfe. Auf&hellip;\n","protected":false},"author":2,"featured_media":1148516,"comment_status":"","ping_status":"","sticky":false,"template":"","format":"standard","meta":{"footnotes":"","_share_on_mastodon":"0"},"categories":[1840],"tags":[513,3364,29,30,67061,18273,30710,1209,54140,524,40139,42539,4418],"class_list":["post-1148515","post","type-post","status-publish","format-standard","has-post-thumbnail","category-wuppertal","tag-auto","tag-de","tag-deutschland","tag-germany","tag-heckinghauser","tag-jaehriger","tag-montagmorgen","tag-nordrhein-westfalen","tag-pfosten","tag-strasse","tag-strassenrand","tag-teilweise","tag-wuppertal"],"share_on_mastodon":{"url":"https:\/\/pubeurope.com\/@de\/116876810985536203","error":""},"_links":{"self":[{"href":"https:\/\/www.europesays.com\/de\/wp-json\/wp\/v2\/posts\/1148515","targetHints":{"allow":["GET"]}}],"collection":[{"href":"https:\/\/www.europesays.com\/de\/wp-json\/wp\/v2\/posts"}],"about":[{"href":"https:\/\/www.europesays.com\/de\/wp-json\/wp\/v2\/types\/post"}],"author":[{"embeddable":true,"href":"https:\/\/www.europesays.com\/de\/wp-json\/wp\/v2\/users\/2"}],"replies":[{"embeddable":true,"href":"https:\/\/www.europesays.com\/de\/wp-json\/wp\/v2\/comments?post=1148515"}],"version-history":[{"count":0,"href":"https:\/\/www.europesays.com\/de\/wp-json\/wp\/v2\/posts\/1148515\/revisions"}],"wp:featuredmedia":[{"embeddable":true,"href":"https:\/\/www.europesays.com\/de\/wp-json\/wp\/v2\/media\/1148516"}],"wp:attachment":[{"href":"https:\/\/www.europesays.com\/de\/wp-json\/wp\/v2\/media?parent=1148515"}],"wp:term":[{"taxonomy":"category","embeddable":true,"href":"https:\/\/www.europesays.com\/de\/wp-json\/wp\/v2\/categories?post=1148515"},{"taxonomy":"post_tag","embeddable":true,"href":"https:\/\/www.europesays.com\/de\/wp-json\/wp\/v2\/tags?post=1148515"}],"curies":[{"name":"wp","href":"https:\/\/api.w.org\/{rel}","templated":true}]}}