{"id":1148536,"date":"2026-07-07T04:40:18","date_gmt":"2026-07-07T04:40:18","guid":{"rendered":"https:\/\/www.europesays.com\/de\/1148536\/"},"modified":"2026-07-07T04:40:18","modified_gmt":"2026-07-07T04:40:18","slug":"debatte-um-ladenoeffnungszeiten-an-sonntagen-nimmt-an-fahrt-auf","status":"publish","type":"post","link":"https:\/\/www.europesays.com\/de\/1148536\/","title":{"rendered":"Debatte um Laden\u00f6ffnungszeiten an Sonntagen nimmt an Fahrt auf"},"content":{"rendered":"<p>            <img loading=\"lazy\" decoding=\"async\" class=\"ts-image\" src=\"https:\/\/www.europesays.com\/de\/wp-content\/uploads\/2026\/07\/konsum-176.jpg\" alt=\"Menschen in einer Fu\u00dfg\u00e4ngerzone in M\u00fcnchen.\" title=\"Menschen in einer Fu\u00dfg\u00e4ngerzone in M\u00fcnchen. | picture alliance \/ Wolfgang Mari\"\/><\/p>\n<p class=\"metatextline\">Stand: 07.07.2026 \u2022 04:50 Uhr<\/p>\n<p class=\"article-head__shorttext\">\n        <strong>Nach Bibliotheken und B\u00e4ckereien will auch der Einzelhandel eine M\u00f6glichkeit zur Laden\u00f6ffnung am Sonntag erstreiten. Unterst\u00fctzung bekommt er vom Wirtschaftsausschuss des Bundestags. Kirchen und Gewerkschaften sehen den Vorsto\u00df kritisch. <\/strong>\n    <\/p>\n<p class=\"textabsatz m-ten m-offset-one l-eight l-offset-two columns twelve\">Nach der Ank\u00fcndigung der Regierung, die \u00d6ffnungszeiten f\u00fcr B\u00e4ckereien und Konditoreien an Sonntagen zu verl\u00e4ngern, nimmt nun auch die Diskussion um die allgemeinen Laden\u00f6ffnungszeiten an Wochenenden an Fahrt auf: Der Wirtschaftsausschuss des Bundestags pl\u00e4dierte f\u00fcr eine deutliche Aufweichung des derzeit geltenden \u00d6ffnungsverbotes.<\/p>\n<p class=\"textabsatz m-ten m-offset-one l-eight l-offset-two columns twelve\">&#8222;Der Bundestag entscheidet \u00fcber die Sonntagsarbeitszeiten und die Bundesl\u00e4nder \u00fcber die Sonntags\u00f6ffnungszeiten&#8220;, sagte der Ausschussvorsitzende Christian von Stetten (CDU) der &#8222;Bild&#8220;-Zeitung. &#8222;In beiden F\u00e4llen bin ich f\u00fcr eine gro\u00dfz\u00fcgige Ausweitung der bisherigen Regelungen.&#8220;<\/p>\n<p class=\"textabsatz m-ten m-offset-one l-eight l-offset-two columns twelve\">Auch der FDP-Vorsitzende Wolfgang Kubicki pl\u00e4dierte f\u00fcr eine Freigabe der Laden\u00f6ffnungszeiten an Sonntagen. &#8222;Eine echte Flexibilisierung w\u00e4re dringend notwendig. Wer L\u00e4den zwangsweise geschlossen halten will, darf sich nicht \u00fcber sterbende Innenst\u00e4dte beschweren&#8220;, sagte er der &#8222;Bild&#8220;-Zeitung. Zuvor hatten bereits Handelsverb\u00e4nde eine v\u00f6llige Freigabe der Laden\u00f6ffnungszeiten an Sonntagen gefordert.<\/p>\n<p>    Gewerkschaften wehren sich gegen Vorsto\u00df<\/p>\n<p class=\"textabsatz m-ten m-offset-one l-eight l-offset-two columns twelve\">Von Gewerkschaftsseite kam dagegen Widerspruch: &#8222;Der Sonntag ist f\u00fcr die Besch\u00e4ftigten der einzige verl\u00e4sslich planbare freie Tag&#8220;, erkl\u00e4rte Verdi-Bundesvorstandsmitglied Silke Zimmer.<\/p>\n<p class=\"textabsatz m-ten m-offset-one l-eight l-offset-two columns twelve\">Auch die Evangelische Kirche in Deutschland warnte vor einer Flexibilisierung der Laden\u00f6ffnungszeiten. &#8222;Der freie Sonntag ist f\u00fcr unsere Gesellschaft als Ganzes wertvoll &#8211; unabh\u00e4ngig davon, ob ein Mensch an Gott glaubt oder nicht&#8220;, zitiert die &#8222;Rheinische Post&#8220; einen EKD-Sprecher.<\/p>\n<p class=\"textabsatz m-ten m-offset-one l-eight l-offset-two columns twelve\">Es brauche einen Tag in der Woche, an dem m\u00f6glichst viele Menschen gleichzeitig frei h\u00e4tten. &#8222;Der Sonntag schafft Raum f\u00fcr Familie, Freundschaften, Nachbarschaft und Ehrenamt. Gerade in Krisenzeiten st\u00e4rkt das den Zusammenhalt und gibt Menschen Kraft. Davon profitieren am Ende unsere ganze Gesellschaft und auch die Arbeitswelt.&#8220;<\/p>\n","protected":false},"excerpt":{"rendered":"Stand: 07.07.2026 \u2022 04:50 Uhr Nach Bibliotheken und B\u00e4ckereien will auch der Einzelhandel eine M\u00f6glichkeit zur Laden\u00f6ffnung am&hellip;\n","protected":false},"author":2,"featured_media":1148537,"comment_status":"","ping_status":"","sticky":false,"template":"","format":"standard","meta":{"footnotes":"","_share_on_mastodon":"0"},"categories":[5],"tags":[331,332,3364,29,30,13,13409,14,15,12,7855],"class_list":["post-1148536","post","type-post","status-publish","format-standard","has-post-thumbnail","category-nachrichten","tag-aktuelle-nachrichten","tag-aktuelle-news","tag-de","tag-deutschland","tag-germany","tag-headlines","tag-ladenoeffnungszeiten","tag-nachrichten","tag-news","tag-schlagzeilen","tag-sonntag"],"share_on_mastodon":{"url":"https:\/\/pubeurope.com\/@de\/116876859810176766","error":""},"_links":{"self":[{"href":"https:\/\/www.europesays.com\/de\/wp-json\/wp\/v2\/posts\/1148536","targetHints":{"allow":["GET"]}}],"collection":[{"href":"https:\/\/www.europesays.com\/de\/wp-json\/wp\/v2\/posts"}],"about":[{"href":"https:\/\/www.europesays.com\/de\/wp-json\/wp\/v2\/types\/post"}],"author":[{"embeddable":true,"href":"https:\/\/www.europesays.com\/de\/wp-json\/wp\/v2\/users\/2"}],"replies":[{"embeddable":true,"href":"https:\/\/www.europesays.com\/de\/wp-json\/wp\/v2\/comments?post=1148536"}],"version-history":[{"count":0,"href":"https:\/\/www.europesays.com\/de\/wp-json\/wp\/v2\/posts\/1148536\/revisions"}],"wp:featuredmedia":[{"embeddable":true,"href":"https:\/\/www.europesays.com\/de\/wp-json\/wp\/v2\/media\/1148537"}],"wp:attachment":[{"href":"https:\/\/www.europesays.com\/de\/wp-json\/wp\/v2\/media?parent=1148536"}],"wp:term":[{"taxonomy":"category","embeddable":true,"href":"https:\/\/www.europesays.com\/de\/wp-json\/wp\/v2\/categories?post=1148536"},{"taxonomy":"post_tag","embeddable":true,"href":"https:\/\/www.europesays.com\/de\/wp-json\/wp\/v2\/tags?post=1148536"}],"curies":[{"name":"wp","href":"https:\/\/api.w.org\/{rel}","templated":true}]}}