{"id":1148569,"date":"2026-07-07T05:02:13","date_gmt":"2026-07-07T05:02:13","guid":{"rendered":"https:\/\/www.europesays.com\/de\/1148569\/"},"modified":"2026-07-07T05:02:13","modified_gmt":"2026-07-07T05:02:13","slug":"duesseldorf-mit-kontaktlinsen-in-den-see-keine-gute-idee","status":"publish","type":"post","link":"https:\/\/www.europesays.com\/de\/1148569\/","title":{"rendered":"D\u00fcsseldorf | Mit Kontaktlinsen in den See? Keine gute Idee!"},"content":{"rendered":"<p>D\u00fcsseldorf (dpa\/tmn) &#8211; Beim Schwimmen nur verschwommen sehen? Das will niemand, der eine Fehlsichtigkeit hat. Mit der Alltagsbrille auf der Nase in den See zu gehen, ist aber keine gute Idee. Hat man Pech, geht die Sehhilfe verloren.<\/p>\n<p>Auch Kontaktlinsen sind nicht die L\u00f6sung, wie Prof. Gerd Geerling von der Stiftung Auge warnt. Beim Schwimmen in Naturgew\u00e4ssern ist das Tragen von Kontaktlinsen n\u00e4mlich Hauptrisikofaktor f\u00fcr schwere Entz\u00fcndungen der Hornhaut.<\/p>\n<p>Kleine Am\u00f6ben dringen in die Hornhaut ein\u00a0<\/p>\n<p>Konkret droht eine Akantham\u00f6ben-Keratitis. Akantham\u00f6ben sind winzige Lebewesen, die nat\u00fcrlicherweise in Badeseen und Fl\u00fcssen, im Meer und auch im Leitungswasser vorkommen.\u00a0<\/p>\n<p>Auf Kontaktlinsen &#8211; insbesondere den weichen Varianten &#8211; haften sie gut an, erkl\u00e4rt Augenarzt Geerling. Kommt es zu einer Mini-Verletzung der Hornhaut, etwa weil ein Staub- oder Sandkorn unter die Linse geraten ist, k\u00f6nnen die Am\u00f6ben eindringen und eine Infektion ausl\u00f6sen.<\/p>\n<p>Mit so einer Entz\u00fcndung ist nicht zu spa\u00dfen: Sie bringt Augenschmerzen, ausgepr\u00e4gte Lichtempfindlichkeit, verschwommenes Sehen und ein starkes Fremdk\u00f6rpergef\u00fchl mit sich. Die Behandlung ist Geerling zufolge langwierig. Etwa jeder sechste Betroffene braucht eine Hornhauttransplantation.<\/p>\n<p>Schwimmbrillen helfen &#8211; auch mit Sehst\u00e4rke<\/p>\n<p>Um sich vor einer Akantham\u00f6ben-Keratitis zu sch\u00fctzen, entfernt man am besten die Kontaktlinsen vor dem Schwimmen. Wer auf die Linsen gar nicht verzichten m\u00f6chte, kann alternativ auch eine Schwimmbrille dr\u00fcberziehen. \u00abSie muss aber gut abschlie\u00dfen und konsequent getragen werden\u00bb, sagt Geerling.\u00a0<\/p>\n<p>Noch praktischer sind Schwimmbrillen mit Sehst\u00e4rke. In vielen F\u00e4llen lassen sie sich modular zusammenbauen, sodass man f\u00fcr linkes und rechtes Auge unterschiedliche Sehst\u00e4rken w\u00e4hlen kann.<\/p>\n<p>Noch ein Tipp: Weil Akantham\u00f6ben auch im Leitungswasser vorkommen, sollten Kontaktlinsen niemals damit gereinigt werden, sondern nur mit daf\u00fcr vorgesehenen L\u00f6sungen.<\/p>\n","protected":false},"excerpt":{"rendered":"D\u00fcsseldorf (dpa\/tmn) &#8211; Beim Schwimmen nur verschwommen sehen? Das will niemand, der eine Fehlsichtigkeit hat. Mit der Alltagsbrille&hellip;\n","protected":false},"author":2,"featured_media":1148570,"comment_status":"","ping_status":"","sticky":false,"template":"","format":"standard","meta":{"footnotes":"","_share_on_mastodon":"0"},"categories":[1831],"tags":[20373,71183,241295,5587,2632,3364,29,3405,105481,2507,30,141,15718,288,1209,624,15697,2715,23510],"class_list":["post-1148569","post","type-post","status-publish","format-standard","has-post-thumbnail","category-duesseldorf","tag-schwimmen","tag-auge","tag-augeninfektion","tag-baden","tag-brcmj","tag-de","tag-deutschland","tag-duesseldorf","tag-flussbad","tag-freizeit","tag-germany","tag-gesundheit","tag-kontaktlinsen","tag-krankheit","tag-nordrhein-westfalen","tag-ratgeber","tag-see","tag-sommer","tag-tmn8200"],"share_on_mastodon":{"url":"https:\/\/pubeurope.com\/@de\/116876944731591592","error":""},"_links":{"self":[{"href":"https:\/\/www.europesays.com\/de\/wp-json\/wp\/v2\/posts\/1148569","targetHints":{"allow":["GET"]}}],"collection":[{"href":"https:\/\/www.europesays.com\/de\/wp-json\/wp\/v2\/posts"}],"about":[{"href":"https:\/\/www.europesays.com\/de\/wp-json\/wp\/v2\/types\/post"}],"author":[{"embeddable":true,"href":"https:\/\/www.europesays.com\/de\/wp-json\/wp\/v2\/users\/2"}],"replies":[{"embeddable":true,"href":"https:\/\/www.europesays.com\/de\/wp-json\/wp\/v2\/comments?post=1148569"}],"version-history":[{"count":0,"href":"https:\/\/www.europesays.com\/de\/wp-json\/wp\/v2\/posts\/1148569\/revisions"}],"wp:featuredmedia":[{"embeddable":true,"href":"https:\/\/www.europesays.com\/de\/wp-json\/wp\/v2\/media\/1148570"}],"wp:attachment":[{"href":"https:\/\/www.europesays.com\/de\/wp-json\/wp\/v2\/media?parent=1148569"}],"wp:term":[{"taxonomy":"category","embeddable":true,"href":"https:\/\/www.europesays.com\/de\/wp-json\/wp\/v2\/categories?post=1148569"},{"taxonomy":"post_tag","embeddable":true,"href":"https:\/\/www.europesays.com\/de\/wp-json\/wp\/v2\/tags?post=1148569"}],"curies":[{"name":"wp","href":"https:\/\/api.w.org\/{rel}","templated":true}]}}