{"id":1148575,"date":"2026-07-07T05:05:29","date_gmt":"2026-07-07T05:05:29","guid":{"rendered":"https:\/\/www.europesays.com\/de\/1148575\/"},"modified":"2026-07-07T05:05:29","modified_gmt":"2026-07-07T05:05:29","slug":"sanierung-des-opernhauses-plaene-fuer-kleinere-interimsspielstaette-liegen-vor","status":"publish","type":"post","link":"https:\/\/www.europesays.com\/de\/1148575\/","title":{"rendered":"Sanierung des Opernhauses \u2013 Pl\u00e4ne f\u00fcr kleinere Interimsspielst\u00e4tte liegen vor"},"content":{"rendered":"<p>Die neuen Pl\u00e4ne ber\u00fccksichtigen die erheblichen Baukostensteigerungen der vergangenen Jahre und die angespannte Haushaltslage bei Stadt und Land. Ziel ist es, Kosten zu sparen und eine schnelle Realisierung auf den Weg zu bringen. Der Verwaltungsrat der W\u00fcrttembergischen Staatstheater beauftragte die ProWST, diese Pl\u00e4ne zur Grundlage der weiteren Planung zu nehmen.<\/p>\n<p>Dr. Frank Nopper, Oberb\u00fcrgermeister und Vorsitzender des Verwaltungsrates, sagte: \u201eWir haben uns im Rahmen des Pr\u00fcfauftrages, wie das Interimsgeb\u00e4ude kleiner und kosteng\u00fcnstiger gebaut werden kann, st\u00e4dtischerseits auch gefragt, ob wir in Anbetracht der dramatischen Haushalts- und Finanzlage der Stadt die Sanierung und Modernisierung der Staatstheater Stuttgart tats\u00e4chlich weiter vorantreiben sollen. In einer Gesamtabw\u00e4gung sind wir zu der Einsch\u00e4tzung gelangt, dass wir dieses Jahrhundertprojekt von Land und Stadt weiterverfolgen sollten, allerdings ohne Tabus, was die Dimension sowie die Art und Form der Ausf\u00fchrung anlangt. Sanierung und Modernisierung der Stuttgarter Staatstheater ja, aber alle drei Teilprojekte m\u00fcssen weiterhin mit aller Kraft auf ihre Einsparpotentiale hin untersucht werden. Der aus dem Jahr 1912 stammende, im Krieg unzerst\u00f6rt gebliebene Littmann Bau weist fundamentale M\u00e4ngel auf, die nicht durch kosmetische Ma\u00dfnahmen, sondern nur durch einen baulichen Fundamentaleingriff behoben werden k\u00f6nnen. Ein solcher Fundamentaleingriff ist nicht unter laufendem Betrieb m\u00f6glich, weswegen ein Interimsgeb\u00e4ude unabdingbar ist. Ein l\u00e4ngerer Stopp der Planungen und der Umsetzungsma\u00dfnahmen birgt auf Grund der maroden Bausubstanz vor allem auch das Risiko, dass das Opernhaus von einem Tag auf den anderen geschlossen werden muss. Dies w\u00e4re ein sehr schwerer Schlag, da die Staatstheater Stuttgart zu den wichtigsten Leuchtt\u00fcrmen der Kultur in Baden-W\u00fcrttemberg geh\u00f6ren.\u201c<\/p>\n<p>Petra Olschowski, Kunstministerin und stellvertretende Vorsitzende des Verwaltungsrates, sagte: \u201eDer sehr gute Vorschlag f\u00fcr eine schlankere und kosteng\u00fcnstigere Interimsspielst\u00e4tte ist der Schl\u00fcssel f\u00fcr die Sanierung, Modernisierung und Erweiterung eines der sch\u00f6nsten Opernh\u00e4user der Welt. Das Interim ist das zentrale Bauwerk f\u00fcr das Gelingen des Gesamtprojekts: Ohne Interim kann der k\u00fcnstlerische Betrieb nicht durchg\u00e4ngig aufrechterhalten werden \u2013 mehr noch: Ohne Interim ist das Staatstheater mit Oper und Ballett von Weltrang in seiner Existenz bedroht. Deshalb ist Eile geboten. Diese neue Planung schafft die Grundlage daf\u00fcr, um das Projekt weiter voranzubringen und Kosten zu sparen: Alle Beteiligten begleiten den Prozess dabei mit gro\u00dfem Verantwortungsbewusstsein und im gegenseitigen Austausch.\u201c<\/p>\n<p>Marc-Oliver Hendriks, Gesch\u00e4ftsf\u00fchrender Intendant der W\u00fcrttembergischen Staatstheater, sagte: \u201eMit den vorliegenden Pl\u00e4nen wird eine Perspektive f\u00fcr die Staatsoper Stuttgart und das Stuttgarter Ballett geschaffen und der Baustein Interim auf eine planbare Grundlage gestellt. Damit kann die Konzentration auf die Sanierung des Opernhauses von Max Littmann im Oberen Schlossgarten gerichtet werden.\u201c<\/p>\n","protected":false},"excerpt":{"rendered":"Die neuen Pl\u00e4ne ber\u00fccksichtigen die erheblichen Baukostensteigerungen der vergangenen Jahre und die angespannte Haushaltslage bei Stadt und Land.&hellip;\n","protected":false},"author":2,"featured_media":4018,"comment_status":"","ping_status":"","sticky":false,"template":"","format":"standard","meta":{"footnotes":"","_share_on_mastodon":"0"},"categories":[1830],"tags":[1634,3364,29,30,241296,52672,12130,1441,241297],"class_list":["post-1148575","post","type-post","status-publish","format-standard","has-post-thumbnail","category-stuttgart","tag-baden-wuerttemberg","tag-de","tag-deutschland","tag-germany","tag-opern-interim","tag-opernsanierung","tag-staatstheater","tag-stuttgart","tag-wuerttembergische"],"share_on_mastodon":{"url":"https:\/\/pubeurope.com\/@de\/116876956941933179","error":""},"_links":{"self":[{"href":"https:\/\/www.europesays.com\/de\/wp-json\/wp\/v2\/posts\/1148575","targetHints":{"allow":["GET"]}}],"collection":[{"href":"https:\/\/www.europesays.com\/de\/wp-json\/wp\/v2\/posts"}],"about":[{"href":"https:\/\/www.europesays.com\/de\/wp-json\/wp\/v2\/types\/post"}],"author":[{"embeddable":true,"href":"https:\/\/www.europesays.com\/de\/wp-json\/wp\/v2\/users\/2"}],"replies":[{"embeddable":true,"href":"https:\/\/www.europesays.com\/de\/wp-json\/wp\/v2\/comments?post=1148575"}],"version-history":[{"count":0,"href":"https:\/\/www.europesays.com\/de\/wp-json\/wp\/v2\/posts\/1148575\/revisions"}],"wp:featuredmedia":[{"embeddable":true,"href":"https:\/\/www.europesays.com\/de\/wp-json\/wp\/v2\/media\/4018"}],"wp:attachment":[{"href":"https:\/\/www.europesays.com\/de\/wp-json\/wp\/v2\/media?parent=1148575"}],"wp:term":[{"taxonomy":"category","embeddable":true,"href":"https:\/\/www.europesays.com\/de\/wp-json\/wp\/v2\/categories?post=1148575"},{"taxonomy":"post_tag","embeddable":true,"href":"https:\/\/www.europesays.com\/de\/wp-json\/wp\/v2\/tags?post=1148575"}],"curies":[{"name":"wp","href":"https:\/\/api.w.org\/{rel}","templated":true}]}}