{"id":1148782,"date":"2026-07-07T07:13:14","date_gmt":"2026-07-07T07:13:14","guid":{"rendered":"https:\/\/www.europesays.com\/de\/1148782\/"},"modified":"2026-07-07T07:13:14","modified_gmt":"2026-07-07T07:13:14","slug":"lka-rp-geparkte-autos-werden-schnell-zur-lebensgefaehrlichen-hitzefalle","status":"publish","type":"post","link":"https:\/\/www.europesays.com\/de\/1148782\/","title":{"rendered":"LKA-RP: Geparkte Autos werden schnell zur lebensgef\u00e4hrlichen Hitzefalle"},"content":{"rendered":"<p>Befindet sich eine Person oder das Tier bereits in einer akuten Notlage, z\u00f6gern Sie nicht, Hilfe zu leisten.<\/p>\n<p><strong>Mainz (ots). <\/strong>F\u00fcr die kommenden Tage und Wochen werden in Rheinland-Pfalz erneut sommerliche Temperaturen von \u00fcber 30 Grad erwartet. Vor diesem Hintergrund appelliert das Landeskriminalamt Rheinland-Pfalz an alle B\u00fcrgerinnen und B\u00fcrger, Kinder und Tiere niemals &#8211; auch nicht f\u00fcr wenige Minuten &#8211; in einem geparkten Fahrzeug in der sommerlichen Hitze zur\u00fcckzulassen.<\/p>\n<p>Bereits nach kurzer Zeit steigt die Temperatur im Fahrzeuginneren drastisch an.<\/p>\n<p>Selbst bei ge\u00f6ffneten Fenstern oder einem Parkplatz im Schatten kann sich das Fahrzeug innerhalb weniger Minuten erheblich aufheizen. F\u00fcr Kleinkinder und Tiere besteht dadurch akute Lebensgefahr. Ihre K\u00f6rper k\u00f6nnen Hitze deutlich schlechter regulieren als Erwachsene. Die Folgen reichen von Kreislaufproblemen \u00fcber einen Hitzschlag bis hin zum Tod.<\/p>\n<p><strong>Pr\u00e4ventionstipps des Landeskriminalamtes Rheinland-Pfalz:<\/strong><\/p>\n<ul class=\"list-normal\">\n<li>Lassen Sie Kinder und Haustiere grunds\u00e4tzlich niemals allein im Fahrzeug zur\u00fcck &#8211; auch nicht f\u00fcr einen kurzen Einkauf oder Besorgungen.<\/li>\n<li>Pr\u00fcfen Sie vor dem Verlassen Ihres Fahrzeugs stets die R\u00fccksitze, insbesondere wenn sich Routinen \u00e4ndern oder Sie unter Zeitdruck stehen.<\/li>\n<li>Beobachten Sie Ihre Umgebung: Entdecken Sie ein Kind oder ein Tier in einem offensichtlich \u00fcberhitzten Fahrzeug, handeln Sie sofort. Verst\u00e4ndigen Sie umgehend den Notruf 110 oder 112.<\/li>\n<li>Bc<\/li>\n<\/ul>\n<p>Das LKA Rheinland-Pfalz weist darauf hin, dass bereits wenige Minuten ausreichen k\u00f6nnen, um aus einem geparkten Auto eine lebensgef\u00e4hrliche Hitzefalle zu machen.<\/p>\n<p>Mit Aufmerksamkeit und Verantwortungsbewusstsein l\u00e4sst sich vermeiden, dass aus einer kurzen Unachtsamkeit eine Trag\u00f6die wird.<\/p>\n<p>Text und Bild: Landeskriminalamt Rheinland-Pfalz Pressestelle<\/p>\n","protected":false},"excerpt":{"rendered":"Befindet sich eine Person oder das Tier bereits in einer akuten Notlage, z\u00f6gern Sie nicht, Hilfe zu leisten.&hellip;\n","protected":false},"author":2,"featured_media":1148783,"comment_status":"","ping_status":"","sticky":false,"template":"","format":"standard","meta":{"footnotes":"","_share_on_mastodon":"0"},"categories":[1847],"tags":[16222,17310,17312,17302,17311,3364,29,17317,17309,548,663,3934,17313,30,13,2052,17306,14835,7011,17304,14,15,16935,17314,17316,17305,12,17315,17308,17303,17300,17301,17307,4544,571,1986],"class_list":["post-1148782","post","type-post","status-publish","format-standard","has-post-thumbnail","category-wiesbaden","tag-dom","tag-altpoertel","tag-bistum-speyer","tag-brezelfest","tag-brezelkracher","tag-de","tag-deutschland","tag-dudenhofen","tag-eger","tag-eu","tag-europa","tag-europe","tag-evangelische-kirche-der-pfalz","tag-germany","tag-headlines","tag-hessen","tag-historisches-museum","tag-hockenheim","tag-kirchen","tag-kurpfalz","tag-nachrichten","tag-news","tag-pfalz","tag-protestantische-landeskirche","tag-roemerberg","tag-salier","tag-schlagzeilen","tag-schwetzingen","tag-sealife","tag-speyer","tag-speyer-kurier","tag-tageszeitung","tag-technik-museum","tag-wiesbaden","tag-wochenzeitung","tag-zeitung"],"share_on_mastodon":{"url":"","error":"Validation failed: Text character limit of 500 exceeded"},"_links":{"self":[{"href":"https:\/\/www.europesays.com\/de\/wp-json\/wp\/v2\/posts\/1148782","targetHints":{"allow":["GET"]}}],"collection":[{"href":"https:\/\/www.europesays.com\/de\/wp-json\/wp\/v2\/posts"}],"about":[{"href":"https:\/\/www.europesays.com\/de\/wp-json\/wp\/v2\/types\/post"}],"author":[{"embeddable":true,"href":"https:\/\/www.europesays.com\/de\/wp-json\/wp\/v2\/users\/2"}],"replies":[{"embeddable":true,"href":"https:\/\/www.europesays.com\/de\/wp-json\/wp\/v2\/comments?post=1148782"}],"version-history":[{"count":0,"href":"https:\/\/www.europesays.com\/de\/wp-json\/wp\/v2\/posts\/1148782\/revisions"}],"wp:featuredmedia":[{"embeddable":true,"href":"https:\/\/www.europesays.com\/de\/wp-json\/wp\/v2\/media\/1148783"}],"wp:attachment":[{"href":"https:\/\/www.europesays.com\/de\/wp-json\/wp\/v2\/media?parent=1148782"}],"wp:term":[{"taxonomy":"category","embeddable":true,"href":"https:\/\/www.europesays.com\/de\/wp-json\/wp\/v2\/categories?post=1148782"},{"taxonomy":"post_tag","embeddable":true,"href":"https:\/\/www.europesays.com\/de\/wp-json\/wp\/v2\/tags?post=1148782"}],"curies":[{"name":"wp","href":"https:\/\/api.w.org\/{rel}","templated":true}]}}