{"id":1148796,"date":"2026-07-07T07:21:13","date_gmt":"2026-07-07T07:21:13","guid":{"rendered":"https:\/\/www.europesays.com\/de\/1148796\/"},"modified":"2026-07-07T07:21:13","modified_gmt":"2026-07-07T07:21:13","slug":"auch-in-guetersloh-zugeschlagen-einbrecherbande-kassiert-lange-haftstrafen","status":"publish","type":"post","link":"https:\/\/www.europesays.com\/de\/1148796\/","title":{"rendered":"Auch in G\u00fctersloh zugeschlagen: Einbrecherbande kassiert lange Haftstrafen"},"content":{"rendered":"<p>Nach mehreren Wohnungseinbr\u00fcchen, unter anderem in G\u00fctersloh, ist eine Einbrecherbande zu langen Haftstrafen verurteilt worden.<\/p>\n<p>Urteile im Bielefelder Landgericht<\/p>\n<p>Das Bielefelder Landgericht verurteilte die drei M\u00e4nner und eine Frau zu Gef\u00e4ngnisstrafen von bis zu f\u00fcnf Jahren und drei Monaten. Die vier Angeklagten legten umfassende Gest\u00e4ndnisse ab.<\/p>\n<p>Beute im Wert von \u00fcber 100.000 Euro<\/p>\n<p>Sie erbeuteten Gold, Schmuck, Bargeld und weitere Wertsachen im Wert von \u00fcber 100.000 Euro. Das Bielefelder Landgericht sah die Taten als Teil einer Serie, die sich durch Westfalen zog.<\/p>\n<p>Herkunft und Motivation der T\u00e4ter<\/p>\n<p>Drei der Angeklagten waren urspr\u00fcnglich aus Rum\u00e4nien nach Deutschland gekommen, um regul\u00e4r zu arbeiten. Gemeinsam mit einem Landsmann entschieden sie sich stattdessen f\u00fcr Wohnungseinbr\u00fcche.<\/p>\n","protected":false},"excerpt":{"rendered":"Nach mehreren Wohnungseinbr\u00fcchen, unter anderem in G\u00fctersloh, ist eine Einbrecherbande zu langen Haftstrafen verurteilt worden. Urteile im Bielefelder&hellip;\n","protected":false},"author":2,"featured_media":1148797,"comment_status":"","ping_status":"","sticky":false,"template":"","format":"standard","meta":{"footnotes":"","_share_on_mastodon":"0"},"categories":[1841],"tags":[1605,3364,29,151750,30,23744,1209,8404,142916],"class_list":["post-1148796","post","type-post","status-publish","format-standard","has-post-thumbnail","category-bielefeld","tag-bielefeld","tag-de","tag-deutschland","tag-einbrecherbande","tag-germany","tag-guetersloh","tag-nordrhein-westfalen","tag-westfalen","tag-wohnungseinbrueche"],"share_on_mastodon":{"url":"https:\/\/pubeurope.com\/@de\/116877491414194589","error":""},"_links":{"self":[{"href":"https:\/\/www.europesays.com\/de\/wp-json\/wp\/v2\/posts\/1148796","targetHints":{"allow":["GET"]}}],"collection":[{"href":"https:\/\/www.europesays.com\/de\/wp-json\/wp\/v2\/posts"}],"about":[{"href":"https:\/\/www.europesays.com\/de\/wp-json\/wp\/v2\/types\/post"}],"author":[{"embeddable":true,"href":"https:\/\/www.europesays.com\/de\/wp-json\/wp\/v2\/users\/2"}],"replies":[{"embeddable":true,"href":"https:\/\/www.europesays.com\/de\/wp-json\/wp\/v2\/comments?post=1148796"}],"version-history":[{"count":0,"href":"https:\/\/www.europesays.com\/de\/wp-json\/wp\/v2\/posts\/1148796\/revisions"}],"wp:featuredmedia":[{"embeddable":true,"href":"https:\/\/www.europesays.com\/de\/wp-json\/wp\/v2\/media\/1148797"}],"wp:attachment":[{"href":"https:\/\/www.europesays.com\/de\/wp-json\/wp\/v2\/media?parent=1148796"}],"wp:term":[{"taxonomy":"category","embeddable":true,"href":"https:\/\/www.europesays.com\/de\/wp-json\/wp\/v2\/categories?post=1148796"},{"taxonomy":"post_tag","embeddable":true,"href":"https:\/\/www.europesays.com\/de\/wp-json\/wp\/v2\/tags?post=1148796"}],"curies":[{"name":"wp","href":"https:\/\/api.w.org\/{rel}","templated":true}]}}