{"id":1148816,"date":"2026-07-07T07:31:18","date_gmt":"2026-07-07T07:31:18","guid":{"rendered":"https:\/\/www.europesays.com\/de\/1148816\/"},"modified":"2026-07-07T07:31:18","modified_gmt":"2026-07-07T07:31:18","slug":"streamingdienste-klage-gegen-investitionspflicht-in-frankreich","status":"publish","type":"post","link":"https:\/\/www.europesays.com\/de\/1148816\/","title":{"rendered":"Streamingdienste: Klage gegen Investitionspflicht in Frankreich"},"content":{"rendered":"<p>&#13;<br \/>\n        &#13;<br \/>\n&#13;<br \/>\n        &#13;<\/p>\n<p>            <img loading=\"lazy\" decoding=\"async\" width=\"696\" height=\"400\" class=\"entry-thumb\" src=\"https:\/\/www.europesays.com\/de\/wp-content\/uploads\/2026\/07\/070726-Streamer-Frankreich-Investitionspflicht-696x400.jpg\" alt=\"Warum Netflix, Disney+ und Prime Video klagen gegen Investitionspflichten in Frankreich klagen\" title=\"070726 Streamer Frankreich Investitionspflicht\"\/><\/p>\n<p><strong><a href=\"https:\/\/www.digitalfernsehen.de\/thema\/netflix\/\" class=\"av-highlight\" title=\"Mehr Aritkel zum Thema Netflix\" rel=\"nofollow noopener\" target=\"_blank\">Netflix<\/a>, Disney+ und Prime Video wehren sich gegen neue Vorgaben in Frankreich. Die Streamingdienste haben den Rechtsstreit vor den Conseil d\u2019\u00c9tat, das h\u00f6chste Verwaltungsgericht des Landes, gebracht. Im Mittelpunkt steht die Investitionspflicht der Streamingdienste in franz\u00f6sische Film- und Serienproduktion.<\/strong><\/p>\n<p>Streamingdienste ziehen vor Gericht<\/p>\n<p>Die Streaming-Anbieter <strong>Netflix<\/strong>, <strong>Disney+<\/strong> und <strong>Prime Video<\/strong> haben in getrennten Antr\u00e4gen Klage gegen die franz\u00f6sischen Investitionsregeln eingereicht. Das Verfahren liegt nun beim <strong>Conseil d\u2019\u00c9tat<\/strong>. Die Unternehmen wenden sich gegen Vorschriften, nach denen internationale Streaming-Plattformen einen Teil ihrer in Frankreich erzielten Ums\u00e4tze in die Produktion franz\u00f6sischer und europ\u00e4ischer Inhalte investieren m\u00fcssen.<\/p>\n<p>Streit um verpflichtende Kulturf\u00f6rderung<\/p>\n<p>Grundlage des Konflikts ist das sogenannte <strong>SMAD-Dekret<\/strong>, das Frankreich im Zuge der Umsetzung der europ\u00e4ischen Richtlinie \u00fcber audiovisuelle Mediendienste eingef\u00fchrt hat. Die Regelung verpflichtet Streamingdienste dazu, je nach Gesch\u00e4ftsmodell bis zu <strong>20 Prozent<\/strong> ihres Umsatzes in franz\u00f6sische Film- und Serienproduktionen zu investieren. Nach Angaben der Anbieter gehen die Anforderungen jedoch \u00fcber europ\u00e4ische Vorgaben hinaus und schr\u00e4nken ihre unternehmerische Freiheit ein.<\/p>\n<p>Frankreich verteidigt das Investitions-Modell<\/p>\n<p>Die franz\u00f6sische Regierung sieht die Investitionspflichten als wichtigen Baustein zur Finanzierung der heimischen <strong>Kultur- und Filmwirtschaft<\/strong>. Nach ihrer Auffassung sollen internationale Streaming-Plattformen einen angemessenen Beitrag leisten, wenn sie auf dem franz\u00f6sischen Markt Ums\u00e4tze erzielen. Das Verfahren vor dem h\u00f6chsten Verwaltungsgericht soll nun kl\u00e4ren, ob die nationalen Regelungen mit europ\u00e4ischem Recht vereinbar sind.<\/p>\n<p>M\u00f6gliche Folgen \u00fcber Frankreich hinaus<\/p>\n<p>Die Entscheidung zur Investitionspflicht f\u00fcr Streamingdienste k\u00f6nnte Signalwirkung f\u00fcr weitere europ\u00e4ische Staaten haben. Mehrere L\u00e4nder setzen bereits auf \u00e4hnliche Modelle oder pr\u00fcfen vergleichbare Investitionspflichten f\u00fcr Streaming-Anbieter. Damit d\u00fcrfte das Urteil auch Auswirkungen auf die k\u00fcnftige Regulierung des Streaming-Marktes innerhalb der Europ\u00e4ischen Union haben.<\/p>\n<p>Warum das auch deutsche Nutzer betrifft<\/p>\n<ul class=\"wp-block-list\">\n<li><strong>Deutschland verfolgt einen \u00e4hnlichen Kurs:<\/strong> Auch hierzulande soll es eine <strong>Investitionsverpflichtung<\/strong> f\u00fcr Streamingdienste und Fernsehsender geben. Sie sollen k\u00fcnftig einen Teil ihres in Deutschland erzielten Umsatzes in europ\u00e4ische und deutsche Film- und Serienproduktionen investieren.<\/li>\n<li><strong>Urteil k\u00f6nnte Signalwirkung haben:<\/strong> Sollte das franz\u00f6sische Modell vor Gericht scheitern oder best\u00e4tigt werden, k\u00f6nnte das die Debatte \u00fcber vergleichbare Regelungen in Deutschland und anderen EU-Staaten beeinflussen.<\/li>\n<li><strong>Mehr Geld f\u00fcr deutsche Produktionen:<\/strong> Ziel der Investitionspflicht ist es, den Filmstandort Deutschland zu st\u00e4rken. Zudem gilt es, die Finanzierung deutscher sowie europ\u00e4ischer Filme und Serien langfristig zu sichern.<\/li>\n<li><strong>M\u00f6gliche Folgen f\u00fcr Streaming-Anbieter:<\/strong> Die Entscheidung in Frankreich k\u00f6nnte Auswirkungen darauf haben, wie <strong>Netflix<\/strong>, <strong>Disney+<\/strong> und <strong>Prime Video<\/strong> ihre Investitionen und Produktionen in Europa k\u00fcnftig planen.<\/li>\n<li><strong>Europ\u00e4ische Regulierung im Fokus:<\/strong> Der Rechtsstreit zeigt, dass mehrere EU-Staaten internationale Streaming-Plattformen st\u00e4rker an der Finanzierung ihrer nationalen Film- und Fernsehproduktionen beteiligen wollen. Ein Urteil k\u00f6nnte deshalb weit \u00fcber Frankreich hinaus Bedeutung haben.<\/li>\n<\/ul>\n<p>Au\u00dferdem interessant:<\/p>\n<p class=\"isc_image_list_title\">Bildquelle:<\/p>\n<ul class=\"isc_image_list\">\n<li>070726 Streamer Frankreich Investitionspflicht: KI generiert<\/li>\n<\/ul>\n<p>        &#13;<br \/>\n&#13;<br \/>\n        &#13;<br \/>\n                        &#13;<br \/>\n            &#13;<br \/>\n&#13;<br \/>\n                                    <a href=\"https:\/\/www.digitalfernsehen.de\/author\/mr\/\" aria-label=\"author-photo\" rel=\"nofollow noopener\" target=\"_blank\"><img loading=\"lazy\" alt=\"Marcus Reichl\" src=\"https:\/\/www.digitalfernsehen.de\/wp-content\/plugins\/avatar-privacy\/public\/images\/mystery.svg\"  class=\"avatar avatar-96 photo\" height=\"96\" width=\"96\" decoding=\"async\"\/><\/a><\/p>\n<p>MARCUS REICHL (Dipl.-Journalist) ist seit Anfang 2019 alleiniger Inhaber des uni-VERSAL Journalistenb\u00fcros Leipzig. Er erlernte das journalistische Handwerk bei der S\u00e4chsischen Zeitung (www.saechsische.de), der Bild-Zeitung (www.bild.de) und der Leipziger Volkszeitung (www.lvz.de). Nach dem Volontariat wechselte er in eine Leipziger PR-Agentur und betreute verschiedene Zeitschriftenprojekte als verantwortlicher Redakteur. Seit seiner Selbstst\u00e4ndigkeit 2005 hat er sich intensiv in verschiedene Branchen eingearbeitet, darunter Digitales, Medienpolitik (www.av.de, www.digitalfernsehen.de), Materialwirtschaft (www.kiweb.de, www.k-profi.de) und Energie (www.enviam.de, www.mitnetz-strom.de).<\/p>\n<p>                            &#13;<br \/>\n&#13;<\/p>\n","protected":false},"excerpt":{"rendered":"&#13; &#13; &#13; &#13; Netflix, Disney+ und Prime Video wehren sich gegen neue Vorgaben in Frankreich. Die Streamingdienste&hellip;\n","protected":false},"author":2,"featured_media":1148817,"comment_status":"","ping_status":"","sticky":false,"template":"","format":"standard","meta":{"footnotes":"","_share_on_mastodon":"0"},"categories":[3974],"tags":[331,332,3338,548,663,3934,3980,156,13,241330,14,2846,15,11303,12,7725],"class_list":["post-1148816","post","type-post","status-publish","format-standard","has-post-thumbnail","category-frankreich","tag-aktuelle-nachrichten","tag-aktuelle-news","tag-disney","tag-eu","tag-europa","tag-europe","tag-france","tag-frankreich","tag-headlines","tag-investitionspflicht","tag-nachrichten","tag-netflix","tag-news","tag-prime-video","tag-schlagzeilen","tag-streamingdienste"],"share_on_mastodon":{"url":"https:\/\/pubeurope.com\/@de\/116877530989974608","error":""},"_links":{"self":[{"href":"https:\/\/www.europesays.com\/de\/wp-json\/wp\/v2\/posts\/1148816","targetHints":{"allow":["GET"]}}],"collection":[{"href":"https:\/\/www.europesays.com\/de\/wp-json\/wp\/v2\/posts"}],"about":[{"href":"https:\/\/www.europesays.com\/de\/wp-json\/wp\/v2\/types\/post"}],"author":[{"embeddable":true,"href":"https:\/\/www.europesays.com\/de\/wp-json\/wp\/v2\/users\/2"}],"replies":[{"embeddable":true,"href":"https:\/\/www.europesays.com\/de\/wp-json\/wp\/v2\/comments?post=1148816"}],"version-history":[{"count":0,"href":"https:\/\/www.europesays.com\/de\/wp-json\/wp\/v2\/posts\/1148816\/revisions"}],"wp:featuredmedia":[{"embeddable":true,"href":"https:\/\/www.europesays.com\/de\/wp-json\/wp\/v2\/media\/1148817"}],"wp:attachment":[{"href":"https:\/\/www.europesays.com\/de\/wp-json\/wp\/v2\/media?parent=1148816"}],"wp:term":[{"taxonomy":"category","embeddable":true,"href":"https:\/\/www.europesays.com\/de\/wp-json\/wp\/v2\/categories?post=1148816"},{"taxonomy":"post_tag","embeddable":true,"href":"https:\/\/www.europesays.com\/de\/wp-json\/wp\/v2\/tags?post=1148816"}],"curies":[{"name":"wp","href":"https:\/\/api.w.org\/{rel}","templated":true}]}}