{"id":1148825,"date":"2026-07-07T07:36:16","date_gmt":"2026-07-07T07:36:16","guid":{"rendered":"https:\/\/www.europesays.com\/de\/1148825\/"},"modified":"2026-07-07T07:36:16","modified_gmt":"2026-07-07T07:36:16","slug":"lebenserwartung-lebenserwartung-in-deutschland-erreicht-2025-neuen-hoechststand","status":"publish","type":"post","link":"https:\/\/www.europesays.com\/de\/1148825\/","title":{"rendered":"Lebenserwartung: Lebenserwartung in Deutschland erreicht 2025 neuen H\u00f6chststand"},"content":{"rendered":"<p class=\"paragraph article__item\">Die durchschnittliche <a class=\"rtr-entity\" href=\"https:\/\/www.zeit.de\/thema\/lebenserwartung\" rel=\"nofollow noopener\" target=\"_blank\">Lebenserwartung<\/a> bei Geburt hat 2025 f\u00fcr Frauen und M\u00e4nner neue H\u00f6chstst\u00e4nde erreicht. Nach Angaben des Statistischen Bundesamts betrug sie 2025 f\u00fcr Frauen 83,6 Jahre und f\u00fcr M\u00e4nner 79,1 Jahre. Damit stieg die Lebenserwartung verglichen mit dem Vorjahr um knapp zwei<br \/>\nMonate bei den Frauen und um etwa drei Monate bei den M\u00e4nnern.\n<\/p>\n<p class=\"paragraph article__item\">Nach den<br \/>\nR\u00fcckg\u00e4ngen w\u00e4hrend der Corona-Pandemie haben sich \u200cdie \u2060Werte<br \/>\ndamit deutlich erholt. Verglichen mit dem Jahr 2022 legte die Lebenserwartung bei Frauen<br \/>\nstatistisch gesehen um neun Monate und bei M\u00e4nnern um fast 13 Monate zu.\n<\/p>\n<p class=\"paragraph article__item\">F\u00fcr die Bundesl\u00e4nder gibt die Beh\u00f6rde Dreijahreszeitr\u00e4ume an, also aktuell den Zeitraum von 2023 bis 2025. Baden-W\u00fcrttemberg lag hier erneut an der Spitze: M\u00e4dchen haben dort bei der Geburt eine<br \/>\ndurchschnittliche Lebenserwartung von 84,4 Jahren, Jungen von 80,3<br \/>\nJahren.\n<\/p>\n<p class=\"paragraph article__item\">Dieser Artikel wird weiter aktualisiert.<\/p>\n","protected":false},"excerpt":{"rendered":"Die durchschnittliche Lebenserwartung bei Geburt hat 2025 f\u00fcr Frauen und M\u00e4nner neue H\u00f6chstst\u00e4nde erreicht. Nach Angaben des Statistischen&hellip;\n","protected":false},"author":2,"featured_media":1148826,"comment_status":"","ping_status":"","sticky":false,"template":"","format":"standard","meta":{"footnotes":"","_share_on_mastodon":"0"},"categories":[2],"tags":[331,3924,332,3922,3364,29,30,141,13,5672,17957,1980,14,3923,15,3921,12],"class_list":["post-1148825","post","type-post","status-publish","format-standard","has-post-thumbnail","category-deutschland","tag-aktuelle-nachrichten","tag-aktuelle-nachrichten-aus-deutschland","tag-aktuelle-news","tag-aktuelle-news-aus-deutschland","tag-de","tag-deutschland","tag-germany","tag-gesundheit","tag-headlines","tag-hoechststand","tag-lebenserwartung","tag-mann","tag-nachrichten","tag-nachrichten-aus-deutschland","tag-news","tag-news-aus-deutschland","tag-schlagzeilen"],"share_on_mastodon":{"url":"https:\/\/pubeurope.com\/@de\/116877550401077108","error":""},"_links":{"self":[{"href":"https:\/\/www.europesays.com\/de\/wp-json\/wp\/v2\/posts\/1148825","targetHints":{"allow":["GET"]}}],"collection":[{"href":"https:\/\/www.europesays.com\/de\/wp-json\/wp\/v2\/posts"}],"about":[{"href":"https:\/\/www.europesays.com\/de\/wp-json\/wp\/v2\/types\/post"}],"author":[{"embeddable":true,"href":"https:\/\/www.europesays.com\/de\/wp-json\/wp\/v2\/users\/2"}],"replies":[{"embeddable":true,"href":"https:\/\/www.europesays.com\/de\/wp-json\/wp\/v2\/comments?post=1148825"}],"version-history":[{"count":0,"href":"https:\/\/www.europesays.com\/de\/wp-json\/wp\/v2\/posts\/1148825\/revisions"}],"wp:featuredmedia":[{"embeddable":true,"href":"https:\/\/www.europesays.com\/de\/wp-json\/wp\/v2\/media\/1148826"}],"wp:attachment":[{"href":"https:\/\/www.europesays.com\/de\/wp-json\/wp\/v2\/media?parent=1148825"}],"wp:term":[{"taxonomy":"category","embeddable":true,"href":"https:\/\/www.europesays.com\/de\/wp-json\/wp\/v2\/categories?post=1148825"},{"taxonomy":"post_tag","embeddable":true,"href":"https:\/\/www.europesays.com\/de\/wp-json\/wp\/v2\/tags?post=1148825"}],"curies":[{"name":"wp","href":"https:\/\/api.w.org\/{rel}","templated":true}]}}