{"id":114888,"date":"2025-05-16T10:28:14","date_gmt":"2025-05-16T10:28:14","guid":{"rendered":"https:\/\/www.europesays.com\/de\/114888\/"},"modified":"2025-05-16T10:28:14","modified_gmt":"2025-05-16T10:28:14","slug":"laufend-gegen-krebs-am-11-juni-2025-in-chemnitz-saechsische-krebsgesellschaft-e-v-story","status":"publish","type":"post","link":"https:\/\/www.europesays.com\/de\/114888\/","title":{"rendered":"\u201eLaufend gegen Krebs\u201c am 11. Juni 2025 in Chemnitz, S\u00e4chsische Krebsgesellschaft e.V., Story"},"content":{"rendered":"<p>Am Mittwoch, dem 11. Juni 2025, verwandelt sich der Sportplatz der Technischen Universit\u00e4t Chemnitz in einen Ort der Begegnung und des Engagements: Unter dem Motto \u201eLaufend gegen Krebs\u201c findet dort von 16:00 bis 18:30 Uhr unter Schirmherrschaft von Sachsens Ministerpr\u00e4sident Michael Kretschmer ein gro\u00dfer Spendenlauf zugunsten regionaler Projekte f\u00fcr Krebsbetroffene statt, der zudem zu Bewegung und Information zum Thema Krebs motivieren soll. Teilnehmen k\u00f6nnen Menschen jeden Alters, ob einzeln, als Team, Familie, Schulklasse oder Sportgruppe \u2013 der Lauf ist offen f\u00fcr alle, unabh\u00e4ngig von Fitness oder Lauferfahrung.<\/p>\n<p><b>Mitmachen z\u00e4hlt \u2013 Jede Runde hilft<\/b><\/p>\n<p>Der \u201eSonnenblumenlauf\u201c ist kein Wettkampf, sondern ein Benefizlauf ohne Zeitmessung, bei dem jeder L\u00e4ufer selbst entscheidet, wie viele Runden er oder sie zur\u00fccklegen m\u00f6chte. F\u00fcr jede absolvierte Runde spenden die Teilnehmenden entweder selbst einen frei w\u00e4hlbaren Betrag oder lassen sich von Sponsoren unterst\u00fctzen. Die Teilnahme ist kostenfrei, eine Startgeb\u00fchr wird nicht erhoben \u2013 der Fokus liegt auf dem freiwilligen Engagement und der gemeinsamen Bewegung f\u00fcr den guten Zweck.<\/p>\n<p><b>Gru\u00dfwort der TU Chemnitz und starke Partnerschaften<\/b><\/p>\n<p>Die Veranstaltung wird um 15:50 Uhr offiziell er\u00f6ffnet, unter anderem mit einem Gru\u00dfwort von Prof. Dr. Maximilian Eibl, Prorektor f\u00fcr Lehre und Internationales der TU Chemnitz, der damit die Unterst\u00fctzung der Universit\u00e4t f\u00fcr gesundheitsbezogene und gesellschaftliche Initiativen zum Ausdruck bringt.<\/p>\n<p>\u201eLaufend gegen Krebs\u201c ist eine gemeinschaftlich und mit ehrenamtlicher Hilfe organisierte Aktion, die nur durch das Zusammenspiel vieler regionaler Partner m\u00f6glich wird. Neben der TU Chemnitz engagieren sich insbesondere der Stadtsportbund Chemnitz e. V., die Freien Schulen Chemnitz sowie zahlreiche Sponsoren und Unterst\u00fctzer aus der Region. Sie alle tragen dazu bei, dass die Veranstaltung logistisch, organisatorisch und finanziell auf sicheren F\u00fc\u00dfen steht.<\/p>\n<p><b>Vielf\u00e4ltiger Ablauf und bew\u00e4hrte elektronische Rundenz\u00e4hlung<\/b><\/p>\n<p>Der Tag bietet ein vielseitiges Programm:<\/p>\n<ul class=\"bbcode_list\">\n<li>10:30-11:30 Uhr: Seniorenlauf \u2013 speziell f\u00fcr Menschen ab 65 Jahren<\/li>\n<li>13:00-15:00 Uhr: Sonderstartzeit f\u00fcr Schulklassen<\/li>\n<li>15:50 Uhr: Offizielle Er\u00f6ffnung mit Gru\u00dfwort von Prof. Dr. Eibl<\/li>\n<li>16:00-18:30 Uhr: Sonnenblumenlauf \u2013 Einstieg jederzeit m\u00f6glich<\/li>\n<li>ab 18:30 Uhr: Individuelle Auswertung und Ende der Veranstaltung<\/li>\n<\/ul>\n<p>Die elektronische Rundenerfassung erm\u00f6glicht eine pr\u00e4zise Z\u00e4hlung der gelaufenen Runden und sorgt f\u00fcr einen reibungslosen Ablauf \u2013 ein bew\u00e4hrter Bestandteil des Konzepts.<\/p>\n<p><b>Spenden f\u00fcr regionale Projekte<\/b><\/p>\n<p>Alle durch den Lauf gesammelten Spenden flie\u00dfen direkt in Projekte in der Region, darunter ein Projekt zur Verbesserung des Bewegungsangebots f\u00fcr an Krebs erkrankte Kinder, Jugendliche und Erwachsene durch den Verein f\u00fcr Gesundheitssport und Sporttherapie Chemnitz e.\u2009V., eine Wohngemeinschaft f\u00fcr Betroffene sowie die beliebten Familienwochenenden der S\u00e4chsischen Krebsgesellschaft e. V. f\u00fcr junge von Krebs betroffene Familien, mit denen diesen eine Auszeit vom Alltag mit der Erkrankung erm\u00f6glicht werden soll.<\/p>\n<p><b>Ort &amp; Erreichbarkeit<\/b><\/p>\n<p>Die Veranstaltung findet auf dem Sportplatz der TU Chemnitz (Th\u00fcringer Weg, 09126 Chemnitz) statt. Die Anreise ist bequem per \u00d6PNV m\u00f6glich \u2013 nahegelegene Haltestellen sind TU-Campus, Am Wartburghof und Wartburgstra\u00dfe.<\/p>\n<p><b>Anmeldung &amp; Informationen<\/b><\/p>\n<p>Die Anmeldung ist online m\u00f6glich unter: <a href=\"http:\/\/www.laufend-gegen-krebs.de\/teilnehmen\" target=\"_blank\" rel=\"noopener\">www.laufend-gegen-krebs.de\/&#8230;<\/a><\/p>\n<p>Anmeldeschluss: 10. Juni 2025, 23:59 Uhr<\/p>\n<p>Die Vor-Ort-Anmeldung ist jederzeit m\u00f6glich!<\/p>\n<p><b>Weitere Informationen zur Veranstaltung:<\/b><\/p>\n<p><a href=\"http:\/\/www.laufend-gegen-krebs.de\" class=\"bbcode_url\" target=\"_blank\" rel=\"noopener\">www.laufend-gegen-krebs.de<\/a><\/p>\n<p><a href=\"http:\/\/www.facebook.com\/laufendgegenkrebs\" class=\"bbcode_url\" target=\"_blank\" rel=\"noopener\">www.facebook.com\/laufendgegenkrebs<\/a><\/p>\n","protected":false},"excerpt":{"rendered":"Am Mittwoch, dem 11. Juni 2025, verwandelt sich der Sportplatz der Technischen Universit\u00e4t Chemnitz in einen Ort der&hellip;\n","protected":false},"author":2,"featured_media":114889,"comment_status":"","ping_status":"","sticky":false,"template":"","format":"standard","meta":{"footnotes":""},"categories":[1851],"tags":[4568,44519,44520,6623,2770,3364,29,548,663,3934,30,44518,13,1114,1080,44522,15840,14,15,5112,38374,859,12,44521,21815,5162],"class_list":{"0":"post-114888","1":"post","2":"type-post","3":"status-publish","4":"format-standard","5":"has-post-thumbnail","7":"category-chemnitz","8":"tag-schulen","9":"tag-amp","10":"tag-benefizlauf","11":"tag-campus","12":"tag-chemnitz","13":"tag-de","14":"tag-deutschland","15":"tag-eu","16":"tag-europa","17":"tag-europe","18":"tag-germany","19":"tag-haltestellen","20":"tag-headlines","21":"tag-kinder","22":"tag-krebs","23":"tag-krebsgesellschaft","24":"tag-laeufer","25":"tag-nachrichten","26":"tag-news","27":"tag-oepnv","28":"tag-prof","29":"tag-sachsen","30":"tag-schlagzeilen","31":"tag-spendenlauf","32":"tag-thueringer","33":"tag-universitaet"},"share_on_mastodon":{"url":"https:\/\/pubeurope.com\/@de\/114517043111477308","error":""},"_links":{"self":[{"href":"https:\/\/www.europesays.com\/de\/wp-json\/wp\/v2\/posts\/114888","targetHints":{"allow":["GET"]}}],"collection":[{"href":"https:\/\/www.europesays.com\/de\/wp-json\/wp\/v2\/posts"}],"about":[{"href":"https:\/\/www.europesays.com\/de\/wp-json\/wp\/v2\/types\/post"}],"author":[{"embeddable":true,"href":"https:\/\/www.europesays.com\/de\/wp-json\/wp\/v2\/users\/2"}],"replies":[{"embeddable":true,"href":"https:\/\/www.europesays.com\/de\/wp-json\/wp\/v2\/comments?post=114888"}],"version-history":[{"count":0,"href":"https:\/\/www.europesays.com\/de\/wp-json\/wp\/v2\/posts\/114888\/revisions"}],"wp:featuredmedia":[{"embeddable":true,"href":"https:\/\/www.europesays.com\/de\/wp-json\/wp\/v2\/media\/114889"}],"wp:attachment":[{"href":"https:\/\/www.europesays.com\/de\/wp-json\/wp\/v2\/media?parent=114888"}],"wp:term":[{"taxonomy":"category","embeddable":true,"href":"https:\/\/www.europesays.com\/de\/wp-json\/wp\/v2\/categories?post=114888"},{"taxonomy":"post_tag","embeddable":true,"href":"https:\/\/www.europesays.com\/de\/wp-json\/wp\/v2\/tags?post=114888"}],"curies":[{"name":"wp","href":"https:\/\/api.w.org\/{rel}","templated":true}]}}