{"id":1148902,"date":"2026-07-07T08:24:35","date_gmt":"2026-07-07T08:24:35","guid":{"rendered":"https:\/\/www.europesays.com\/de\/1148902\/"},"modified":"2026-07-07T08:24:35","modified_gmt":"2026-07-07T08:24:35","slug":"helene-fischer-in-hannover-das-sollten-fans-beachten-3","status":"publish","type":"post","link":"https:\/\/www.europesays.com\/de\/1148902\/","title":{"rendered":"Helene Fischer in Hannover &#8211; das sollten Fans beachten"},"content":{"rendered":"<p>\n                Stand: 07.07.2026 09:11 Uhr<\/p>\n<p class=\"preface\">Anl\u00e4sslich ihres 20-j\u00e4hrigen B\u00fchnenjubil\u00e4ums tritt S\u00e4ngerin Helene Fischer heute in der Heinz von Heiden Arena in Hannover auf. Informationen zu Anreise, Parken und Wetter finden Sie hier.<\/p>\n<p class=\"\">Nach Angaben der Veranstalter erwarten das Publikum Songs aus zwei Jahrzehnten. Eine Besonderheit des Konzerts soll die 360-Grad-B\u00fchne im Zentrum des Stadions sein, die sich \u00fcber die ganze Arena erstreckt und durch Laufstege verbunden ist. Mehr als 40.000 Fans werden erwartet. Erst am Wochenende hatte die Schlagers\u00e4ngerin <a href=\"https:\/\/www.ndr.de\/kultur\/musik\/pop\/jetzt-oder-nie-115000-fans-an-zwei-tagen-feiern-helene-fischer,helenefischer-116.html\" title=\"&quot;Jetzt oder Nie&quot;: 115.000 Fans an zwei Tagen feiern Helene Fischer\" rel=\"nofollow noopener\" target=\"_blank\">zwei Konzerte im Hamburger Volksparkstadion<\/a> gegeben. Insgesamt <a href=\"https:\/\/www.ndr.de\/kultur\/musik\/pop\/jetzt-oder-nie-115000-fans-an-zwei-tagen-feiern-helene-fischer,helenefischer-116.html\" title=\"&quot;Jetzt oder Nie&quot;: 115.000 Fans an zwei Tagen feiern Helene Fischer\" rel=\"nofollow noopener\" target=\"_blank\">rund 115.000 Fans<\/a> jubelten ihr nach Angaben der Veranstalter an beiden Tagen zusammen zu.<\/p>\n<p>        <img decoding=\"async\" src=\"https:\/\/www.europesays.com\/de\/wp-content\/uploads\/2026\/07\/1783336936_175_fischer-284.webp\" alt=\"Helene Fischer in rotem Kost\u00fcm vor einem Publikum\" title=\"Helene Fischer in rotem Kost\u00fcm vor einem Publikum | NDR\" class=\"responsive\" loading=\"lazy\"\/><\/p>\n<p>Der Schlagerstar hat am Wochenende zwei Konzerte auf einer 360-Grad-B\u00fchne im Hamburger Volksparkstadion gegeben. <\/p>\n<p>    Keine Parkpl\u00e4tze in der N\u00e4he des Stadions<\/p>\n<p class=\"\">F\u00fcr die Anreise zum Konzert in Hannover empfehlen Polizei, Veranstalter und die Stadt Hannover \u00f6ffentliche Verkehrsmittel oder Fahrr\u00e4der zu nutzen. Demnach stehen in Stadionn\u00e4he keine Pkw-Parkpl\u00e4tze zur Verf\u00fcgung. Auch der Sch\u00fctzenplatz k\u00f6nne aufgrund des <a href=\"https:\/\/www.ndr.de\/nachrichten\/niedersachsen\/hannover_weser-leinegebiet\/schuetzenfest-in-hannover-gestartet-das-sind-die-highlights,schuetzenfest-130.html\" title=\"Sch\u00fctzenfest Hannover 2026: Neuheiten, \u00d6ffnungszeiten, Infos\" rel=\"nofollow noopener\" target=\"_blank\">Sch\u00fctzenfestes<\/a> nicht als Parkfl\u00e4che genutzt werden. Wer mit dem Rad anreise, k\u00f6nne daf\u00fcr den Fahrradparkplatz im Lodemannweg s\u00fcdlich der Arena nutzen. Heute komme es zudem zu Stra\u00dfensperrungen rund um das Stadion.<\/p>\n<p>    Park &amp; Ride&#8220;-Angebote nutzen<\/p>\n<p class=\"\">Wer dennoch mit dem Auto anreisen m\u00f6chte, den verweist die Polizei auf die &#8222;Park &amp; Ride&#8220;-Angebote an den Endhaltestellen der Stadtbahn und die Navigationsapp &#8222;NUNAV&#8220;. F\u00fcr die Nutzung der \u00f6ffentlichen Verkehrsmittel gilt die Eintrittskarte laut den Veranstaltern auch gleichzeitig als Kombi-Ticket im Gro\u00dfraumverkehr Hannover (GVH). Dieses k\u00f6nne drei Stunde vor Einlass bis Betriebsschluss in allen Bussen und Bahnen genutzt werden.<\/p>\n<p>        <img decoding=\"async\" src=\"https:\/\/www.europesays.com\/de\/wp-content\/uploads\/2026\/07\/helenefischer-112.webp\" alt=\"Die S\u00e4ngerin Helene Fischer mit langen offenen Haaren in rotem Outfit singt bei ihrer Deutschlandtour 2026 \" title=\"Die S\u00e4ngerin Helene Fischer mit langen offenen Haaren in rotem Outfit singt bei ihrer Deutschlandtour 2026  | Robert Michael\/dpa +++ dpa-Bildfunk +++\" class=\"responsive\" loading=\"lazy\"\/><\/p>\n<p>Helene Fischer ist eine der erfolgreichsten deutschen K\u00fcnstlerinnen der vergangenen Jahrzehnte. Derzeit tourt sie im Norden. Was macht ihren Erfolg aus?<\/p>\n<p>    Stra\u00dfensperrungen rund um das Stadion<\/p>\n<ul>\n<li>Arthur-Menge-Ufer (ab Kurt-Schwitters-Platz)<\/li>\n<li>Beuermannstra\u00dfe (ab Lavesallee)<\/li>\n<li>Bruchmeisterallee (ab Am Sch\u00fctzenplatz)<\/li>\n<li>Ferdinand-Wilhelm-Fricke-Weg<\/li>\n<li>Robert-Enke-Stra\u00dfe<\/li>\n<li>Stadionbr\u00fccke (ab Ritter-Br\u00fcning-Stra\u00dfe)<\/li>\n<li>Stammestra\u00dfe (ab Lodemannweg)<\/li>\n<\/ul>\n<p>    Regenschauer erwartet<\/p>\n<p class=\"\">Konzertbesucherinnen und -besucher m\u00fcssen sich auch auf Regen einstellen. Laut Deutschem Wetterdienst (DWD) sind am Abend einzelne Schauer m\u00f6glich. Die Temperaturen liegen tags\u00fcber bei um die 24 Grad und fallen auf bis zu 17 Grad in der Nacht zum Mittwoch.<\/p>\n<p>        <img decoding=\"async\" src=\"https:\/\/www.europesays.com\/de\/wp-content\/uploads\/2026\/07\/screenshot-159472.webp\" alt=\"S\u00e4ngerin Helene Fischer im wei\u00dfen Kapuzenpulli mit Pferdesschwanz im NDR Interview\" title=\"S\u00e4ngerin Helene Fischer im wei\u00dfen Kapuzenpulli mit Pferdesschwanz im NDR Interview | Screenshot\" class=\"responsive\" loading=\"lazy\"\/><\/p>\n<p>In der NDR Talk Show blickt die 41-j\u00e4hrige S\u00e4ngerin auf ihre 20-j\u00e4hrige Karriere und auf schmerzhafte Augenblicke zur\u00fcck &#8211; und auf die nahende Tour.<\/p>\n<p>        <img decoding=\"async\" src=\"https:\/\/www.europesays.com\/de\/wp-content\/uploads\/2026\/07\/helene208.webp\" alt=\"Helene Fischer nach ihrem Unfall auf dem Konzert in Hannover.\" title=\"Helene Fischer nach ihrem Unfall auf dem Konzert in Hannover. | NEWS5\" class=\"responsive\" loading=\"lazy\"\/><\/p>\n<p>W\u00e4hrend einer Showeinlage beim Konzert in Hannover hat sich die S\u00e4ngerin im Gesicht verletzt. Fans w\u00fcnschen gute Besserung.<\/p>\n<p>        Schlagw\u00f6rter zu diesem Artikel<\/p>\n<p>            <a href=\"https:\/\/www.ndr.de\/nachrichten\/niedersachsen\/hannover_weser-leinegebiet\/Hannover-Aktuelle-News-und-Nachrichten,hannover18518.html\" rel=\"nofollow noopener\" target=\"_blank\">Hannover<\/a><\/p>\n","protected":false},"excerpt":{"rendered":"Stand: 07.07.2026 09:11 Uhr Anl\u00e4sslich ihres 20-j\u00e4hrigen B\u00fchnenjubil\u00e4ums tritt S\u00e4ngerin Helene Fischer heute in der Heinz von Heiden&hellip;\n","protected":false},"author":2,"featured_media":1148903,"comment_status":"","ping_status":"","sticky":false,"template":"","format":"standard","meta":{"footnotes":"","_share_on_mastodon":"0"},"categories":[155],"tags":[15574,36062,29,214,30,46,240962,24608,1310,4849,1481,215],"class_list":["post-1148902","post","type-post","status-publish","format-standard","has-post-thumbnail","category-unterhaltung","tag-anreise","tag-arena","tag-deutschland","tag-entertainment","tag-germany","tag-hannover","tag-heinz-von-heiden","tag-helene-fischer","tag-konzert","tag-parken","tag-service","tag-unterhaltung"],"share_on_mastodon":{"url":"https:\/\/pubeurope.com\/@de\/116877740714614121","error":""},"_links":{"self":[{"href":"https:\/\/www.europesays.com\/de\/wp-json\/wp\/v2\/posts\/1148902","targetHints":{"allow":["GET"]}}],"collection":[{"href":"https:\/\/www.europesays.com\/de\/wp-json\/wp\/v2\/posts"}],"about":[{"href":"https:\/\/www.europesays.com\/de\/wp-json\/wp\/v2\/types\/post"}],"author":[{"embeddable":true,"href":"https:\/\/www.europesays.com\/de\/wp-json\/wp\/v2\/users\/2"}],"replies":[{"embeddable":true,"href":"https:\/\/www.europesays.com\/de\/wp-json\/wp\/v2\/comments?post=1148902"}],"version-history":[{"count":0,"href":"https:\/\/www.europesays.com\/de\/wp-json\/wp\/v2\/posts\/1148902\/revisions"}],"wp:featuredmedia":[{"embeddable":true,"href":"https:\/\/www.europesays.com\/de\/wp-json\/wp\/v2\/media\/1148903"}],"wp:attachment":[{"href":"https:\/\/www.europesays.com\/de\/wp-json\/wp\/v2\/media?parent=1148902"}],"wp:term":[{"taxonomy":"category","embeddable":true,"href":"https:\/\/www.europesays.com\/de\/wp-json\/wp\/v2\/categories?post=1148902"},{"taxonomy":"post_tag","embeddable":true,"href":"https:\/\/www.europesays.com\/de\/wp-json\/wp\/v2\/tags?post=1148902"}],"curies":[{"name":"wp","href":"https:\/\/api.w.org\/{rel}","templated":true}]}}