{"id":1148962,"date":"2026-07-07T09:03:16","date_gmt":"2026-07-07T09:03:16","guid":{"rendered":"https:\/\/www.europesays.com\/de\/1148962\/"},"modified":"2026-07-07T09:03:16","modified_gmt":"2026-07-07T09:03:16","slug":"sie-soll-fabian-8-ermordet-haben-so-weit-ging-gina-h-um-an-geld-zu-kommen-news","status":"publish","type":"post","link":"https:\/\/www.europesays.com\/de\/1148962\/","title":{"rendered":"Sie soll Fabian (8) ermordet haben: So weit ging Gina H., um an Geld zu kommen | News"},"content":{"rendered":"<p>F\u00fcnf Pferde, ein teurer Pick-up, immer neue Rechnungen \u2013 und am Ende ein toter Junge: Im Fall des ermordeten Fabian (8) aus G\u00fcstrow spielen auch die Geldsorgen der Angeklagten Gina H. eine wichtige Rolle: Die Staatsanwaltschaft sieht darin einen entscheidenden Teil des mutma\u00dflichen Tatmotivs.<br \/>\nWie sehr sie finanziell von ihrem Ex, der Familie und einem \u00e4lteren G\u00f6nner abh\u00e4ngig war, welche verzweifelten Geld-Ideen sie verfolgte und welche digitalen Spuren Ermittler auf ihrem Handy fanden, lesen Sie mit BILDplus.<\/p>\n","protected":false},"excerpt":{"rendered":"F\u00fcnf Pferde, ein teurer Pick-up, immer neue Rechnungen \u2013 und am Ende ein toter Junge: Im Fall des&hellip;\n","protected":false},"author":2,"featured_media":1148963,"comment_status":"","ping_status":"","sticky":false,"template":"","format":"standard","meta":{"footnotes":"","_share_on_mastodon":"0"},"categories":[5],"tags":[331,332,3364,181674,29,1993,30,84441,13,4933,1351,2183,14,15,121,1998,12,1997,227858],"class_list":["post-1148962","post","type-post","status-publish","format-standard","has-post-thumbnail","category-nachrichten","tag-aktuelle-nachrichten","tag-aktuelle-news","tag-de","tag-deep-news","tag-deutschland","tag-gerichte","tag-germany","tag-guestrow","tag-headlines","tag-landgericht","tag-mecklenburg-vorpommern","tag-mord","tag-nachrichten","tag-news","tag-polizei","tag-richter","tag-schlagzeilen","tag-staatsanwaltschaft","tag-team-deep"],"share_on_mastodon":{"url":"https:\/\/pubeurope.com\/@de\/116877892579607022","error":""},"_links":{"self":[{"href":"https:\/\/www.europesays.com\/de\/wp-json\/wp\/v2\/posts\/1148962","targetHints":{"allow":["GET"]}}],"collection":[{"href":"https:\/\/www.europesays.com\/de\/wp-json\/wp\/v2\/posts"}],"about":[{"href":"https:\/\/www.europesays.com\/de\/wp-json\/wp\/v2\/types\/post"}],"author":[{"embeddable":true,"href":"https:\/\/www.europesays.com\/de\/wp-json\/wp\/v2\/users\/2"}],"replies":[{"embeddable":true,"href":"https:\/\/www.europesays.com\/de\/wp-json\/wp\/v2\/comments?post=1148962"}],"version-history":[{"count":0,"href":"https:\/\/www.europesays.com\/de\/wp-json\/wp\/v2\/posts\/1148962\/revisions"}],"wp:featuredmedia":[{"embeddable":true,"href":"https:\/\/www.europesays.com\/de\/wp-json\/wp\/v2\/media\/1148963"}],"wp:attachment":[{"href":"https:\/\/www.europesays.com\/de\/wp-json\/wp\/v2\/media?parent=1148962"}],"wp:term":[{"taxonomy":"category","embeddable":true,"href":"https:\/\/www.europesays.com\/de\/wp-json\/wp\/v2\/categories?post=1148962"},{"taxonomy":"post_tag","embeddable":true,"href":"https:\/\/www.europesays.com\/de\/wp-json\/wp\/v2\/tags?post=1148962"}],"curies":[{"name":"wp","href":"https:\/\/api.w.org\/{rel}","templated":true}]}}