{"id":1148998,"date":"2026-07-07T09:24:39","date_gmt":"2026-07-07T09:24:39","guid":{"rendered":"https:\/\/www.europesays.com\/de\/1148998\/"},"modified":"2026-07-07T09:24:39","modified_gmt":"2026-07-07T09:24:39","slug":"leipzig-hitze-beschaedigte-gleise-gutachter-prueft-gruende","status":"publish","type":"post","link":"https:\/\/www.europesays.com\/de\/1148998\/","title":{"rendered":"Leipzig: Hitze besch\u00e4digte Gleise &#8211; Gutachter pr\u00fcft Gr\u00fcnde"},"content":{"rendered":"<p>Gutachten l\u00e4uft <\/p>\n<p>Hitze legt Stra\u00dfenbahnen lahm: Leipzig setzt Fugenbau aus<\/p>\n<p>Aktualisiert am 07.07.2026 &#8211; 10:52 UhrLesedauer: 7 Min.<\/p>\n<p><a href=\"#focus-0\" class=\"transition-colors block text-current relative\" data-sctrack=\"FocusGalleryImage.Reference\"><img fetchpriority=\"high\" data-testid=\"Opener.Image\"   loading=\"eager\" src=\"https:\/\/www.europesays.com\/de\/wp-content\/uploads\/2026\/07\/die-strassenbahn-in-leipzig-kaempft-mit-massiven-hitzeschaeden-der-betrieb-wurde-bis-zum-montag-eing.jpeg\" alt=\"Durch anhaltende gro\u00dfe Hitze mit Temperaturen von \u00fcber 40 Grad kam es in Leipzig zu erheblichen Sch\u00e4den an der Stra\u00dfenbahn\u2011Infrastruktur.\" title=\"Durch anhaltende gro\u00dfe Hitze mit Temperaturen von \u00fcber 40 Grad kam es in Leipzig zu erheblichen Sch\u00e4den an der Stra\u00dfenbahn\u2011Infrastruktur.\" width=\"800\" height=\"450\" class=\"bg-[url:var(--lqipURL)] bg-cover bg-center flex h-full w-full max-w-full\" style=\"--lqipURL:url('https:\/\/images.t-online.de\/2026\/06\/KyGT5qUSwfkr\/0x75:800x450\/fit-in\/150x0\/filters:blur(25)\/die-strassenbahn-in-leipzig-kaempft-mit-massiven-hitzeschaeden-der-betrieb-wurde-bis-zum-montag-eingestellt.jpg')\" decoding=\"async\"\/><img loading=\"lazy\" src=\"https:\/\/leipzig.t-online.de\/s\/paper\/_next\/static\/media\/zoom-in.f7dae02f.svg\" alt=\"Vergr\u00f6\u00dfern des Bildes\" title=\"Vergr\u00f6\u00dfern des Bildes\" class=\"block h-[calc(var(--height)_\/_16_*_1rem)] w-[calc(var(--width)_\/_16_*_1rem)] max-w-none absolute right-8 bottom-8 rounded-4 bg-snow p-8\" style=\"--width:32;--height:32\" decoding=\"async\"\/><\/a><\/p>\n<p>Die Stra\u00dfenbahn in Leipzig k\u00e4mpft mit massiven Hitzesch\u00e4den: Der Betrieb wurde bis zum Montag eingestellt. (Quelle: Heiko Rebsch\/dpa)<\/p>\n<p class=\"text-center\">Jetzt neu bei t-online:<\/p>\n<p class=\"text-center\">Schriftgr\u00f6\u00dfe anpassen!<\/p>\n<p><img loading=\"lazy\" src=\"https:\/\/leipzig.t-online.de\/s\/paper\/_next\/static\/media\/font-sizes.32942e33.svg\" alt=\"\" title=\"\" class=\"block h-[calc(var(--height)_\/_16_*_1rem)] w-[calc(var(--width)_\/_16_*_1rem)] max-w-none group-hover:hidden group-aria-expanded:hidden\" style=\"--width:16;--height:16\" decoding=\"async\"\/><img loading=\"lazy\" src=\"https:\/\/leipzig.t-online.de\/s\/paper\/_next\/static\/media\/font-sizes-dark-mode.e382645c.svg\" alt=\"\" title=\"\" class=\"block h-[calc(var(--height)_\/_16_*_1rem)] w-[calc(var(--width)_\/_16_*_1rem)] max-w-none hidden group-hover:block group-aria-expanded:block\" style=\"--width:16;--height:16\" decoding=\"async\"\/><img loading=\"lazy\" src=\"https:\/\/leipzig.t-online.de\/s\/paper\/_next\/static\/media\/sharing-menu-icon.1eb71368.svg\" alt=\"\" title=\"\" class=\"block h-[calc(var(--height)_\/_16_*_1rem)] w-[calc(var(--width)_\/_16_*_1rem)] max-w-none group-hover:brightness-0 group-hover:invert\" style=\"--width:16;--height:16\" decoding=\"async\"\/>Artikel teilen<\/p>\n<p class=\"font-bold text-18 leading-17 user-text-lg:text-22 user-text-xl:text-24\">Extreme Hitze hat Leipzigs Stra\u00dfenbahnnetz lahmgelegt. Bis auf wenige Ausnahmen werden die Tramlinien wieder bedient. Nun geht es auf Ursachenforschung.<\/p>\n<p class=\"text-18 leading-17 user-text-lg:text-22 user-text-xl:text-24\">Update Dienstag: Derzeit wird der Grund f\u00fcr die Hitzesch\u00e4den an den Gleisen untersucht. Eine Sprecherin der Leipziger Verkehrsbetriebe sagte auf Anfrage der Nachrichtenagentur dpa: &#8222;Der von uns beauftragte Gutachter hat vergangene Woche seine Arbeit aufgenommen. Er hat erste Ergebnisse seiner Arbeit f\u00fcr Ende August angek\u00fcndigt.&#8220;<\/p>\n<p>Wie es zu den Gleissch\u00e4den kam<\/p>\n<p class=\"text-18 leading-17 user-text-lg:text-22 user-text-xl:text-24\">Am vorletzten Wochenende war der Stra\u00dfenbahnbetrieb in Sachsens gr\u00f6\u00dfter Stadt vollst\u00e4ndig eingestellt worden. Extreme Hitze mit Temperaturen um 40 Grad hatte laut LVB an vielen Stellen an den Schienen die Fugenmasse aufgeweicht. Die Stra\u00dfenbahnen hatten diese herausgedr\u00fcckt und mit ihren R\u00e4dern auf Schienen und Weichen verteilt &#8211; bis zu f\u00fcnf Millimeter dick. Die Masse h\u00e4rtete wieder aus, verklebte die Schienen und besch\u00e4digte auch Fahrzeuge. Auch in N\u00fcrnberg und Essen kam es zu Problemen.<\/p>\n<p class=\"text-18 leading-17 user-text-lg:text-22 user-text-xl:text-24\">&#8222;Mit unserem Gutachter bewerten wir in der gebotenen Sorgfalt die Fugenvergussmasse aus den schadhaften und den nicht schadhaften Gleis-Trassen&#8220;, hie\u00df es weiter. Der Einbau neuer Fugen sei f\u00fcr vier Wochen ausgesetzt. &#8222;Bis dahin bewerten wir anerkannte technische L\u00f6sungen f\u00fcr den Fugenverguss sowie das Einbauverfahren, zu welchen wir uns mit Verkehrsunternehmen aus ganz Europa austauschen.&#8220;<\/p>\n<p>Zwei Tramlinien fahren bisher nicht<\/p>\n<p class=\"text-18 leading-17 user-text-lg:text-22 user-text-xl:text-24\">Update am Montag: Noch zwei Linien sind auch eine Woche nach der Hitze au\u00dfer Betrieb \u2013 und zwar Tram 8 und 12. Die Tramlinie 2 hat den Verkehr aufgenommen. Bis 23. Juli gilt laut aktuellen Informationen folgende Linienf\u00fchrungen f\u00fcr die Leipziger Stra\u00dfenbahnen:<\/p>\n<p class=\"text-18 leading-17 user-text-lg:text-22 user-text-xl:text-24\">TRAM 1 f\u00e4hrt zwischen den Hst. Marschnerstra\u00dfe und \u00fcber Westplatz, W.-Leuschner-Platz, Hauptbahnhof, W.-Liebknecht-Platz, Berliner Str. und Gorkistra\u00dfe<br \/>TRAM 3 f\u00e4hrt zwischen Westplatz und Fr.-List-Platz \u00fcber W.-Leuschner-Platz und Hbf, Wintergartenstra\u00dfe sowie Richtung Taucha\/Sommerfeld ab Fr.-List-Platz \u00fcber Reudnitz, Koehlerstra\u00dfe zum Torgauer Platz. Richtung Kleinzschocher ab Westplatz \u00fcber Hst. Marschnerstra\u00dfe zum Felsenkeller.<br \/>TRAM 4 f\u00e4hrt zwischen Naunhofer Str. und Hauptbahnhof im Linienverbund mit TRAM 9 nach Thekla und zur\u00fcck<br \/>TRAM 7 und 15 fahren zwischen Westplatz und Augustusplatz \u00fcber Zoo, W.-Liebknecht-Platz, Hauptbahnhof<br \/>TRAM 11 f\u00e4hrt zwischen Markkleeberg-Ost und Gohlis-Nord \u00fcber Hauptbahnhof und Nordplatz<br \/>TRAM 14 f\u00e4hrt zwischen Klinikum St. Georg und W.-Leuschner-Platz.<br \/>TRAM 16 f\u00e4hrt zwischen L\u00f6\u00dfnig und Messegel\u00e4nde.<br \/>TRAM 39 f\u00e4hrt zw. Angerbr\u00fccke und L\u00f6\u00dfnig \u00fc. Felsenkeller, Westpl., W.-Leuschner-Platz, Bayerischer Bf., HTWK und Connewitzer Kreuz<\/p>\n<p>Gleisbauarbeiten am Leipziger Hauptbahnhof<\/p>\n<p class=\"text-18 leading-17 user-text-lg:text-22 user-text-xl:text-24\">Update am Sonntag, 5. Juli: Weiterhin gilt der Sonderfahrplan. Die Tram 2, 8 und 12 sind nicht im Einsatz. Bis Montag, 6 Uhr, ist die Linienf\u00fchrung der N17 ge\u00e4ndert.<\/p>\n<p class=\"text-18 leading-17 user-text-lg:text-22 user-text-xl:text-24\">Sie f\u00e4hrt laut der LVB zwischen den Haltestellen Hauptbahnhof und Reudnitz, Koehlerstra\u00dfe in beiden Richtungen mit Umleitung \u00fcber Johannisplatz und Dresdner Stra\u00dfe, sowie zwischen Wiebelstra\u00dfe und Annenstra\u00dfe mit Umleitung \u00fcber Haltestelle Edlichstra\u00dfe. Grund sind Gleisbauarbeiten am Hauptbahnhof.<\/p>\n<p>Sieben Stra\u00dfenbahnlinien wieder in Betrieb<\/p>\n<p class=\"text-18 leading-17 user-text-lg:text-22 user-text-xl:text-24\">Update am Samstag: Nach massiven Hitzesch\u00e4den am Leipziger Stra\u00dfenbahnnetz sind sieben Linien zumindest teilweise wieder in Betrieb. Damit seien alle Stadtteile wieder angebunden, informierten die Leipziger Verkehrsbetriebe (LVB).<\/p>\n","protected":false},"excerpt":{"rendered":"Gutachten l\u00e4uft Hitze legt Stra\u00dfenbahnen lahm: Leipzig setzt Fugenbau aus Aktualisiert am 07.07.2026 &#8211; 10:52 UhrLesedauer: 7 Min.&hellip;\n","protected":false},"author":2,"featured_media":1148999,"comment_status":"","ping_status":"","sticky":false,"template":"","format":"standard","meta":{"footnotes":"","_share_on_mastodon":"0"},"categories":[1832],"tags":[229052,241351,3364,29,141372,663,514,241347,30,73111,3601,74257,71,174622,241349,215233,3783,241350,15466,859,150281,10307,4900,173435,30532,56994,132412,241346,241348,140327],"class_list":["post-1148998","post","type-post","status-publish","format-standard","has-post-thumbnail","category-leipzig","tag-229052","tag-angerbruecke","tag-de","tag-deutschland","tag-dresdener-strasse","tag-europa","tag-fahrzeug","tag-fugenbau","tag-germany","tag-gohlis-nord","tag-hauptbahnhof","tag-hitzeschaden","tag-leipzig","tag-leipziger-verkehrsbetriebe","tag-markkleeberg-ost","tag-miltitz","tag-nuernberg","tag-paunsdorf-nord","tag-prager-strasse","tag-sachsen","tag-sommerfeld","tag-st-georg","tag-strassenbahn","tag-strassenbahnnetz","tag-taucha","tag-tramlinie","tag-ursachenforschung","tag-w-leuschner-platz","tag-w-liebknecht-platz","tag-westplatz"],"share_on_mastodon":{"url":"https:\/\/pubeurope.com\/@de\/116877976864684959","error":""},"_links":{"self":[{"href":"https:\/\/www.europesays.com\/de\/wp-json\/wp\/v2\/posts\/1148998","targetHints":{"allow":["GET"]}}],"collection":[{"href":"https:\/\/www.europesays.com\/de\/wp-json\/wp\/v2\/posts"}],"about":[{"href":"https:\/\/www.europesays.com\/de\/wp-json\/wp\/v2\/types\/post"}],"author":[{"embeddable":true,"href":"https:\/\/www.europesays.com\/de\/wp-json\/wp\/v2\/users\/2"}],"replies":[{"embeddable":true,"href":"https:\/\/www.europesays.com\/de\/wp-json\/wp\/v2\/comments?post=1148998"}],"version-history":[{"count":0,"href":"https:\/\/www.europesays.com\/de\/wp-json\/wp\/v2\/posts\/1148998\/revisions"}],"wp:featuredmedia":[{"embeddable":true,"href":"https:\/\/www.europesays.com\/de\/wp-json\/wp\/v2\/media\/1148999"}],"wp:attachment":[{"href":"https:\/\/www.europesays.com\/de\/wp-json\/wp\/v2\/media?parent=1148998"}],"wp:term":[{"taxonomy":"category","embeddable":true,"href":"https:\/\/www.europesays.com\/de\/wp-json\/wp\/v2\/categories?post=1148998"},{"taxonomy":"post_tag","embeddable":true,"href":"https:\/\/www.europesays.com\/de\/wp-json\/wp\/v2\/tags?post=1148998"}],"curies":[{"name":"wp","href":"https:\/\/api.w.org\/{rel}","templated":true}]}}