{"id":1149169,"date":"2026-07-07T11:01:17","date_gmt":"2026-07-07T11:01:17","guid":{"rendered":"https:\/\/www.europesays.com\/de\/1149169\/"},"modified":"2026-07-07T11:01:17","modified_gmt":"2026-07-07T11:01:17","slug":"radiosender-rbb-88-8-schaerft-sein-profil","status":"publish","type":"post","link":"https:\/\/www.europesays.com\/de\/1149169\/","title":{"rendered":"Radiosender rbb 88.8 sch\u00e4rft sein Profil"},"content":{"rendered":"<p>K\u00fcnftig setzt rbb 88.8 aus der rbb-Familie, in der weiterhin viel gespart werden muss, <a href=\"https:\/\/meedia.de\/news\/beitrag\/21277-rbb-muss-auch-kuenftig-jedes-jahr-neun-millionen-euro-sparen.html\" target=\"_blank\" rel=\"nofollow noopener\">wie MEEDIA wiederholt berichtete<\/a>, vor allem in der Nachmittags- und Feierabendschiene neue Akzente. Die neue so gennannte \u201eDrivetime\u201c-Sendung \u201eHallo Berlin\u201c (14 bis 17.30 Uhr) soll aktuelle Themen aus der Hauptstadt begleiten, anschlie\u00dfend folgt \u201eGuten Abend Berlin\u201c mit Nachrichten, Gespr\u00e4chen und Meinungen. Au\u00dferdem spricht der Sender sein Publikum k\u00fcnftig konsequent mit \u201eDu\u201c an.<\/p>\n<p>Programmchefin Karen Schmied sagt: \u201eWir sind ein Sender, der Berlin wirklich f\u00fchlt &#8211; nah dran, mittendrin und mit der Musik, die das Leben hier begleitet. Wir bleiben das vertraute &#8218;Radio-Wohnzimmer&#8216; mit den bekannten Stimmen, gleichzeitig entwickeln wir unser Programm im Sinne der H\u00f6rerinnen und H\u00f6rer weiter: Wir verbinden die Hits der 80er bis heute &#8211; Songs, die viele mit wichtigen Momenten ihres Lebens verkn\u00fcpfen. Dazu liefern wir verl\u00e4ssliche, unterhaltsam aufbereitete Informationen aus Berlin.\u201c<\/p>\n<p>Auch musikalisch \u00f6ffnet sich die \u00f6ffentlich-rechtliche Welle. Musikchef Holger Lachmann sagt: \u201eMusik wird heute anders wahrgenommen &#8211; \u00fcber Streaming, soziale Medien, Filme und Serien erleben auch \u00e4ltere Hits ein Comeback. Deshalb z\u00e4hlen bei uns nun st\u00e4rker Klang und Gef\u00fchl als das Erscheinungsjahr. Ein Hit ist ein Hit &#8211; wenn er passt. rbb 88.8 steht f\u00fcr Lieblingshits von fr\u00fcher und die besten Songs von heute.\u201c<\/p>\n<p>Zum werkt\u00e4glichen Programm geh\u00f6ren weiterhin \u201eGuten Morgen Berlin\u201c mit Lydia Mikiforow und Tim Koschwitz sowie die Mittagssendung \u201eDeine Hits. Dein Berlin\u201c mit Anni Friedrich oder Nadine Kallenbach. Am Abend starten die kuratierten Musikstrecken nun bereits um 20 Uhr. Neu im Line-up sind unter anderem \u201ePop-Smoothies\u201c am Montag und \u201eDein Jahr\u201c am Dienstag, ehe jeweils \u201ePop \u2013 Die Abendshow\u201c folgt.<\/p>\n<p>Redaktionsleiterin Momo Faltlhauser sagt: \u201eUnsere Reporter:innen sind t\u00e4glich in den Kiezen unterwegs und berichten \u00fcber Themen, die Berlin wirklich bewegen. Unser Nachrichten\u00fcberblick &#8218;Berlin Kompakt&#8216; bringt die wichtigsten Berlin-Themen auf den Punkt. Aus einem &#8218;Wir w\u00fcnschen Ihnen&#8216; wird ein &#8218;Wir w\u00fcnschen euch&#8216;, das passt zu unserem neuen Sound. Und bei uns kann jede und jeder mitreden und Teil des Programms sein. rbb 88.8 ist und bleibt ein Sender, mit dem man Spa\u00df hat.\u201c<\/p>\n<p>Regional wird rbb 88,8 vom rbb media vermarktet, \u00fcberregional \u00fcbernimmt das ARD Media.<\/p>\n<p><img loading=\"lazy\" decoding=\"async\" src=\"https:\/\/www.europesays.com\/de\/wp-content\/uploads\/2026\/07\/21c12af64186469395b8d0d69ec96d20.gif\" width=\"1\" height=\"1\" alt=\"\" style=\"height:1px;width:1px;\"\/><\/p>\n","protected":false},"excerpt":{"rendered":"K\u00fcnftig setzt rbb 88.8 aus der rbb-Familie, in der weiterhin viel gespart werden muss, wie MEEDIA wiederholt berichtete,&hellip;\n","protected":false},"author":2,"featured_media":1149170,"comment_status":"","ping_status":"","sticky":false,"template":"","format":"standard","meta":{"footnotes":"","_share_on_mastodon":"0"},"categories":[1825],"tags":[86077,1941,1939,241377,31627,296,1937,241378,241379,29,30,241381,241380,1946,1947,241382,62,1948,1940,1938,83,241375,241376,241383],"class_list":["post-1149169","post","type-post","status-publish","format-standard","has-post-thumbnail","category-berlin","tag-86077","tag-aktuelle-nachrichten-aus-berlin","tag-aktuelle-news-aus-berlin","tag-ard-media","tag-audio","tag-berlin","tag-berlin-news","tag-berliner-radiomarkt","tag-deine-hits-dein-berlin","tag-deutschland","tag-germany","tag-holger-lachmann","tag-karen-schmied","tag-kress","tag-kress-pro","tag-lydia-mikiforow","tag-medien","tag-mediendienst","tag-nachrichten-aus-berlin","tag-news-aus-berlin","tag-radio","tag-rbb-88","tag-rbb-media","tag-tim-koschwitz"],"share_on_mastodon":{"url":"","error":""},"_links":{"self":[{"href":"https:\/\/www.europesays.com\/de\/wp-json\/wp\/v2\/posts\/1149169","targetHints":{"allow":["GET"]}}],"collection":[{"href":"https:\/\/www.europesays.com\/de\/wp-json\/wp\/v2\/posts"}],"about":[{"href":"https:\/\/www.europesays.com\/de\/wp-json\/wp\/v2\/types\/post"}],"author":[{"embeddable":true,"href":"https:\/\/www.europesays.com\/de\/wp-json\/wp\/v2\/users\/2"}],"replies":[{"embeddable":true,"href":"https:\/\/www.europesays.com\/de\/wp-json\/wp\/v2\/comments?post=1149169"}],"version-history":[{"count":0,"href":"https:\/\/www.europesays.com\/de\/wp-json\/wp\/v2\/posts\/1149169\/revisions"}],"wp:featuredmedia":[{"embeddable":true,"href":"https:\/\/www.europesays.com\/de\/wp-json\/wp\/v2\/media\/1149170"}],"wp:attachment":[{"href":"https:\/\/www.europesays.com\/de\/wp-json\/wp\/v2\/media?parent=1149169"}],"wp:term":[{"taxonomy":"category","embeddable":true,"href":"https:\/\/www.europesays.com\/de\/wp-json\/wp\/v2\/categories?post=1149169"},{"taxonomy":"post_tag","embeddable":true,"href":"https:\/\/www.europesays.com\/de\/wp-json\/wp\/v2\/tags?post=1149169"}],"curies":[{"name":"wp","href":"https:\/\/api.w.org\/{rel}","templated":true}]}}