{"id":1149179,"date":"2026-07-07T11:06:29","date_gmt":"2026-07-07T11:06:29","guid":{"rendered":"https:\/\/www.europesays.com\/de\/1149179\/"},"modified":"2026-07-07T11:06:29","modified_gmt":"2026-07-07T11:06:29","slug":"promi-auflauf-am-tegernsee-bussi-sommerparty-auf-dachterrasse","status":"publish","type":"post","link":"https:\/\/www.europesays.com\/de\/1149179\/","title":{"rendered":"Promi-Auflauf am Tegernsee: Bussi-Sommerparty auf Dachterrasse"},"content":{"rendered":"<p>Das Hotel Bussi Baby am malerischen <a href=\"https:\/\/www.abendzeitung-muenchen.de\/thema\/tegernsee\/\" rel=\"nofollow noopener\" target=\"_blank\">Tegernsee<\/a> ist f\u00fcr seine spektakul\u00e4re Dachterrasse bekannt. Am 4. Juli lud Hotelier Korbinian Kohler bereits zum dritten Mal f\u00fcr seine &#8222;Bussi Baby x MINI Rooftop Party&#8220; dorthin ein \u2013 und zahlreiche <a href=\"https:\/\/www.abendzeitung-muenchen.de\/promis\/\" rel=\"nofollow noopener\" target=\"_blank\">Promis<\/a> gaben sich die Ehre. Unter dem Motto &#8222;One Big Love. Ich sag&#8216; Bussi, du sagst MINI.&#8220;\u00a0 feierten die VIPs gemeinsam mit MINI Deutschland den Sommerauftakt. Vor Ort durften die G\u00e4ste die neuen Modelle des Autoherstellers bewundern.<\/p>\n<p>Promi-Auflauf am Tegernsee: Diese Stars waren unter den G\u00e4sten<\/p>\n<p>Das Adults-only-Hotel Bussi Baby hat sich seit seiner Neugestaltung zu einer der gefragtesten Lifestyle-Adressen am Tegernsee entwickelt. Auf der Sommerparty dabei waren unter anderem Moderator Alexander Mazza, Moderatorin Carolin Henseler, Model Darya Strelnikova, Modelagent Peyman Amin, Sky-Moderator Gregor Teicher mit Ehefrau Stephanie, Influencerin Julia Haupt mit ihrer Schwester Nadja, Jennifer Zimmermann sowie das &#8222;Playmate des Jahres 2026&#8220; Leonie Splitter.<\/p>\n<p>Gastgeber Korbinian Kohler verriet: &#8222;Das Bussi Baby und MINI verbindet weit mehr als Design und \u00c4sthetik. Beide Marken stehen f\u00fcr Leichtigkeit, Individualit\u00e4t und die Freude daran, besondere Momente zu erleben. Die MINI Rooftop Party ist inzwischen ein fester Bestandteil unseres Sommers.&#8220;<\/p>\n<p>Begeisterte Promi-G\u00e4ste am Tegernsee: &#8222;Einfach unschlagbar&#8220;<\/p>\n<p>Kohlers ber\u00fchmte G\u00e4ste zeigten sich von dem Gebotenen jedenfalls sehr angetan. Alexander Mazza war zum ersten Mal dabei und hatte seine 14-j\u00e4hrige Tochter Mila mitgebracht. &#8222;Die Dachterrasse mit Pool ist einfach unschlagbar&#8220;, schw\u00e4rmte der Moderator. &#8222;Heute freue ich mich besonders, dass Mila dabei ist.&#8220; Modelagent Peyman Amin, der bei der neuen Staffel von &#8222;Die Verr\u00e4ter&#8220; zu sehen sein wird, kam gemeinsam mit Partnerin Sandra Apfelbeck. &#8222;Der Tegernsee ist im Sommer f\u00fcr uns inzwischen attraktiver als das Mittelmeer&#8220;, verriet der TV-Star.<\/p>\n<p>    <a href=\"https:\/\/www.abendzeitung-muenchen.de\/bayern\/neid-im-tegernseer-tal-hotelier-erinnert-sich-an-aufruhr-um-sein-bussi-baby-art-1103723\" data-mrf-recirculation=\"Artikel-Link\" rel=\"nofollow noopener\" target=\"_blank\"><img decoding=\"async\" loading=\"lazy\" src=\"https:\/\/www.europesays.com\/de\/wp-content\/uploads\/2026\/07\/1644788_korbinian-kohler-bei-einem-exklusiven-photoshooting-zur-hotel-und-aussengas_mehrzumthema_1Fo.jpeg\" alt=\"Korbinian Kohler bei einem exklusiven Photoshooting zur Hotel- und Au\u00dfengastronomie-Wiederer\u00f6ffnung nach dem Lockdown im Hotel Bachmair Weissach. Rottach-Egern, 30.05.2021 *** Korbinian Kohler at an exclusive photo shoot for the hotel and outdoor gastronomy reopening after the lockdown at Hotel Bachmair Weissach Rottach Egern, 30 05 2021 Foto:xS.xAdamx\/xFuturexImage\" title=\"Korbinian Kohler bei einem exklusiven Photoshooting zur Hotel- und Au\u00dfengastronomie-Wiederer\u00f6ffnung nach dem Lockdown im Hotel Bachmair Weissach. Rottach-Egern, 30.05.2021 *** Korbinian Kohler at an exclusive photo shoot for the hotel and outdoor gastronomy reopening after the lockdown at Hotel Bachmair Weissach Rottach Egern, 30 05 2021 Foto:xS.xAdamx\/xFuturexImage\" width=\"696\" height=\"390\"\/><\/a><\/p>\n<p>        <a href=\"https:\/\/www.abendzeitung-muenchen.de\/bayern\/neid-im-tegernseer-tal-hotelier-erinnert-sich-an-aufruhr-um-sein-bussi-baby-art-1103723\" data-mrf-recirculation=\"Artikel-Link\" rel=\"nofollow noopener\" target=\"_blank\">Neid im Tegernseer Tal? Hotelier erinnert sich an Aufruhr um sein &#8222;Bussi Baby&#8220;        <\/a><\/p>\n<p>                X<\/p>\n<p>Sie haben den Artikel der Merkliste hinzugef\u00fcgt. <\/p>\n<p>                <a href=\"https:\/\/www.abendzeitung-muenchen.de\/meine-az\/merkliste\/\" title=\"Zur Merkliste\" rel=\"nofollow noopener\" target=\"_blank\"><br \/>\n                zur Merkliste<br \/>\n                <\/a>  <\/p>\n<p>F\u00fcr Gregor und Stephanie Teicher ist die Veranstaltung inzwischen zum festen Teil des Sommerprogramms geworden. &#8222;Die MINI Rooftop Party im Bussi Baby ist jedes Jahr ein absolutes Muss&#8220;, so der Sky-Moderator. Moderatorin Carolin Henseler sagte \u00fcber den Kooperationspartner des Gastgebers: &#8222;F\u00fcr mich ist MINI kein Auto, sondern ein Lebensgef\u00fchl. Gemeinsam mit dem Tegernsee entsteht echtes Dolce Vita mit bayerischem See-Vibe.&#8220; Und die Influencerin Julia Haupt verriet: &#8222;Als die Einladung kam, habe ich sofort zugesagt. Der Tegernsee ist mein absoluter Lieblingssee.&#8220;<\/p>\n","protected":false},"excerpt":{"rendered":"Das Hotel Bussi Baby am malerischen Tegernsee ist f\u00fcr seine spektakul\u00e4re Dachterrasse bekannt. Am 4. Juli lud Hotelier&hellip;\n","protected":false},"author":2,"featured_media":1149180,"comment_status":"","ping_status":"","sticky":false,"template":"","format":"standard","meta":{"footnotes":"","_share_on_mastodon":"0"},"categories":[1776],"tags":[772,1801,23199,29,214,24396,30,6306,1093,1802,2045,89763,12457,215],"class_list":["post-1149179","post","type-post","status-publish","format-standard","has-post-thumbnail","category-prominente","tag-bayern","tag-celebrities","tag-dachterrasse","tag-deutschland","tag-entertainment","tag-feiern","tag-germany","tag-hotel","tag-luxus","tag-prominente","tag-promis","tag-sommerparty","tag-tegernsee","tag-unterhaltung"],"share_on_mastodon":{"url":"https:\/\/pubeurope.com\/@de\/116878377697613117","error":""},"_links":{"self":[{"href":"https:\/\/www.europesays.com\/de\/wp-json\/wp\/v2\/posts\/1149179","targetHints":{"allow":["GET"]}}],"collection":[{"href":"https:\/\/www.europesays.com\/de\/wp-json\/wp\/v2\/posts"}],"about":[{"href":"https:\/\/www.europesays.com\/de\/wp-json\/wp\/v2\/types\/post"}],"author":[{"embeddable":true,"href":"https:\/\/www.europesays.com\/de\/wp-json\/wp\/v2\/users\/2"}],"replies":[{"embeddable":true,"href":"https:\/\/www.europesays.com\/de\/wp-json\/wp\/v2\/comments?post=1149179"}],"version-history":[{"count":0,"href":"https:\/\/www.europesays.com\/de\/wp-json\/wp\/v2\/posts\/1149179\/revisions"}],"wp:featuredmedia":[{"embeddable":true,"href":"https:\/\/www.europesays.com\/de\/wp-json\/wp\/v2\/media\/1149180"}],"wp:attachment":[{"href":"https:\/\/www.europesays.com\/de\/wp-json\/wp\/v2\/media?parent=1149179"}],"wp:term":[{"taxonomy":"category","embeddable":true,"href":"https:\/\/www.europesays.com\/de\/wp-json\/wp\/v2\/categories?post=1149179"},{"taxonomy":"post_tag","embeddable":true,"href":"https:\/\/www.europesays.com\/de\/wp-json\/wp\/v2\/tags?post=1149179"}],"curies":[{"name":"wp","href":"https:\/\/api.w.org\/{rel}","templated":true}]}}