{"id":1149289,"date":"2026-07-07T12:11:19","date_gmt":"2026-07-07T12:11:19","guid":{"rendered":"https:\/\/www.europesays.com\/de\/1149289\/"},"modified":"2026-07-07T12:11:19","modified_gmt":"2026-07-07T12:11:19","slug":"fc-lok-erfolgreiche-op-leipzigs-groesster-pechvogel-gruesst-aus-der-klinik-sport","status":"publish","type":"post","link":"https:\/\/www.europesays.com\/de\/1149289\/","title":{"rendered":"FC Lok: Erfolgreiche OP! Leipzigs gr\u00f6\u00dfter Pechvogel gr\u00fc\u00dft aus der Klinik | Sport"},"content":{"rendered":"<p data-21134c99=\"0-1433\"><b>Das rechte Bein dick eingepackt, der rechte Daumen nach oben gestreckt. Hier gr\u00fc\u00dft Leipzigs gr\u00f6\u00dfter Pechvogel aus dem Krankenbett.<\/b><\/p>\n<p>St\u00fcrmer von Lok Leipzig erfolgreich operiert<\/p>\n<p data-21134c99=\"0-1433\">Malik McLemore, Fl\u00fcgelst\u00fcrmer von Regionalliga-Meister <a href=\"https:\/\/www.bild.de\/sport\/fussball\/lok-leipzig\/home-80643548.bild.html\" class=\"text-link\" rel=\"nofollow noopener\" target=\"_blank\">Lok Leipzig<\/a>, wurde erneut am rechten Knie operiert. Im R\u00fcckspiel um den Aufstieg bei den W\u00fcrzburger Kickers hatte er sich erneut einen Riss des Kreuzbandes und zudem einen Knorpelschaden im rechten Knie zugezogen. Das Band ging bei ihm bereits am 6. April 2025 im Derby bei Chemie Leipzig erstmals kaputt. Ein Jahr k\u00e4mpfte er um sein Comeback und stand dann erst kurz vor Saisonende bei Lok Leipzig wieder auf dem Platz. Jetzt muss er sich erneut monatelang zur\u00fcckk\u00e4mpfen.<\/p>\n<p><img decoding=\"async\" width=\"992\" height=\"558\" alt=\"Die Dynamik von Malik McLemore wird Lok Leipzig weiterhin fehlen\" loading=\"lazy\" src=\"https:\/\/www.europesays.com\/de\/wp-content\/uploads\/2026\/07\/9cfdd82985af146cb1dcb09ade754084,bdc5a4cc.jpeg\"   class=\"landscape\"\/><\/p>\n<p class=\"fig__caption__text\">Die Dynamik von Malik McLemore wird Lok Leipzig weiterhin fehlen<\/p>\n<p>Foto: PICTURE POINT<\/p>\n<p data-21134c99=\"0-1433\">Seine Agentur \u201ePM Sportmanagement\u201c teilte jetzt mit: \u201eDie Operation am Knie von Maik McLemore ist erfolgreich verlaufen. Jetzt beginnt der n\u00e4chste Abschnitt: die Reha. Wer Maik kennt, wei\u00df, dass er ein echter K\u00e4mpfer ist. Aufgeben war f\u00fcr ihn noch nie eine Option, und genau mit dieser Mentalit\u00e4t wird er auch diese Herausforderung meistern.\u201c Weiter hei\u00dft es: \u201eWir stehen w\u00e4hrend des gesamten Weges an deiner Seite und freuen uns schon jetzt auf den Tag, an dem wir dich wieder dort sehen, wo du hingeh\u00f6rst, auf den Fu\u00dfballplatz.\u201c<\/p>\n<p data-21134c99=\"0-1433\">Fest an seiner Seite steht auch der FC Lok Leipzig. Der Vertrag von McLemore war zwar ausgelaufen. Doch der Klub steht zu seinem Wort, den trotz seiner schweren Verletzung zu verl\u00e4ngern. <\/p>\n","protected":false},"excerpt":{"rendered":"Das rechte Bein dick eingepackt, der rechte Daumen nach oben gestreckt. Hier gr\u00fc\u00dft Leipzigs gr\u00f6\u00dfter Pechvogel aus dem&hellip;\n","protected":false},"author":2,"featured_media":1149290,"comment_status":"","ping_status":"","sticky":false,"template":"","format":"standard","meta":{"footnotes":"","_share_on_mastodon":"0"},"categories":[1832],"tags":[3364,29,30,71,3457,3459,3458,859,4580,3460,4581],"class_list":["post-1149289","post","type-post","status-publish","format-standard","has-post-thumbnail","category-leipzig","tag-de","tag-deutschland","tag-germany","tag-leipzig","tag-lok-leipzig","tag-regionalliga","tag-regionalliga-nordost","tag-sachsen","tag-schmidt-andre","tag-sport-leuchtturm-leipzig","tag-sport-tag-im-ticker"],"share_on_mastodon":{"url":"https:\/\/pubeurope.com\/@de\/116878631692087938","error":""},"_links":{"self":[{"href":"https:\/\/www.europesays.com\/de\/wp-json\/wp\/v2\/posts\/1149289","targetHints":{"allow":["GET"]}}],"collection":[{"href":"https:\/\/www.europesays.com\/de\/wp-json\/wp\/v2\/posts"}],"about":[{"href":"https:\/\/www.europesays.com\/de\/wp-json\/wp\/v2\/types\/post"}],"author":[{"embeddable":true,"href":"https:\/\/www.europesays.com\/de\/wp-json\/wp\/v2\/users\/2"}],"replies":[{"embeddable":true,"href":"https:\/\/www.europesays.com\/de\/wp-json\/wp\/v2\/comments?post=1149289"}],"version-history":[{"count":0,"href":"https:\/\/www.europesays.com\/de\/wp-json\/wp\/v2\/posts\/1149289\/revisions"}],"wp:featuredmedia":[{"embeddable":true,"href":"https:\/\/www.europesays.com\/de\/wp-json\/wp\/v2\/media\/1149290"}],"wp:attachment":[{"href":"https:\/\/www.europesays.com\/de\/wp-json\/wp\/v2\/media?parent=1149289"}],"wp:term":[{"taxonomy":"category","embeddable":true,"href":"https:\/\/www.europesays.com\/de\/wp-json\/wp\/v2\/categories?post=1149289"},{"taxonomy":"post_tag","embeddable":true,"href":"https:\/\/www.europesays.com\/de\/wp-json\/wp\/v2\/tags?post=1149289"}],"curies":[{"name":"wp","href":"https:\/\/api.w.org\/{rel}","templated":true}]}}