{"id":1149293,"date":"2026-07-07T12:13:13","date_gmt":"2026-07-07T12:13:13","guid":{"rendered":"https:\/\/www.europesays.com\/de\/1149293\/"},"modified":"2026-07-07T12:13:13","modified_gmt":"2026-07-07T12:13:13","slug":"phil-janitz-von-duesseldorf-athletics-wird-u18-meister-im-weitsprung","status":"publish","type":"post","link":"https:\/\/www.europesays.com\/de\/1149293\/","title":{"rendered":"Phil Janitz von D\u00fcsseldorf Athletics wird U18-Meister im Weitsprung."},"content":{"rendered":"<p class=\"text_ohne_einzug richtext text-em-55 !leading-serif mx-6 desktop:mx-0\">Schon im Flug hatte Phil Janitz dieses besondere Gef\u00fchl. Der Absprung passte, die Geschwindigkeit stimmte \u2013 und irgendwo am Rand der Anlage h\u00f6rte er seinen Trainer Ralf Jaros laut aufschreien. Verstanden habe er den Ruf in diesem Moment zwar nicht, erz\u00e4hlt der 17-J\u00e4hrige sp\u00e4ter. \u201eAber ich wusste sofort: Das war ein richtig guter Sprung.\u201c<\/p>\n<p class=\"richtext text-em-55 !leading-serif mx-6 desktop:mx-0\">Dann begann das Warten. Die Kampfrichter konnten den Absprung zun\u00e4chst nicht eindeutig bestimmen. \u201eIch war richtig sauer, dass das so lange gedauert hat\u201c, sagt Phil Janitz. Erst als Trainer Jaros das Video des Versuchs zur Hilfe nahm, lie\u00df sich der Absprung nachvollziehen. Wenige Augenblicke sp\u00e4ter erschien die Weite auf der Anzeigetafel: 7,50 Meter. Pers\u00f6nliche Bestleistung, Deutscher U18-Meister \u2013 und gleichzeitig das Ticket f\u00fcr die U18-Europameisterschaften vom 16. bis 19. Juli im italienischen Rieti.<\/p>\n<p class=\"richtext text-em-55 !leading-serif mx-6 desktop:mx-0\">Mit einem einzigen Sprung ver\u00e4nderte sich f\u00fcr den Athleten von D\u00fcsseldorf Athletics alles. Aus einem der Medaillenkandidaten wurde der herausragende Sportler aus D\u00fcsseldorfer Sicht bei den Deutschen Jugendmeisterschaften in Bochum-Wattenscheid. Erstmals wird Phil Janitz nun das Nationaltrikot tragen. <\/p>\n<p class=\"richtext text-em-55 !leading-serif mx-6 desktop:mx-0\">\u201eAm Anfang des Jahres h\u00e4tte ich davon nicht einmal zu tr\u00e4umen gewagt\u201c, sagt der Sch\u00fcler des Lessing-Gymnasiums.<\/p>\n<p class=\"richtext text-em-55 !leading-serif mx-6 desktop:mx-0\">Dabei kommt dieser Erfolg nicht aus dem Nichts. Bereits 2024 gewann Phil Janitz als Mehrk\u00e4mpfer die Silbermedaille bei den Deutschen Meisterschaften im Neunkampf. Im vergangenen <a href=\"https:\/\/rp-online.de\/thema\/winter\/\" rel=\"nofollow noopener\" target=\"_blank\">Winter<\/a> war er mit drei Landestiteln und insgesamt vier Medaillen der dominierende Athlet der NRW-Meisterschaften. Inzwischen hat er sich bewusst auf den Weitsprung spezialisiert. \u201eIch habe gemerkt, dass dort mein gr\u00f6\u00dftes Potenzial liegt\u201c, sagt er. Von seiner Zeit als Mehrk\u00e4mpfer profitiert er bis heute. Schnelligkeit, Sprungkraft und Koordination bilden das Fundament seines Erfolgs.<\/p>\n<p class=\"richtext text-em-55 !leading-serif mx-6 desktop:mx-0\">Der Weg an die deutsche Spitze verlangt Disziplin. Sechs Tage in der Woche trainiert der 17-J\u00e4hrige, im Sommer bleibt kaum Zeit f\u00fcr Freizeit. Technik, Sprint, Krafttraining und Sprungkraft bestimmen seinen Alltag, an den Wochenenden folgen meist Wettk\u00e4mpfe. Dass sich Schule und Leistungssport trotzdem vereinbaren lassen, verdankt er auch dem Lessing-Gymnasium, das als Sportschule entsprechende Freir\u00e4ume erm\u00f6glicht. Wenn doch einmal Zeit bleibt, trifft sich der Unterrather mit Freunden in der Stadt.<\/p>\n<p class=\"richtext text-em-55 !leading-serif mx-6 desktop:mx-0\">Mindestens genauso wichtig wie das Training ist f\u00fcr Phil Janitz das Umfeld. Als die 7,50 Meter schlie\u00dflich auf der Anzeigetafel aufleuchteten, jubelten nicht nur Trainer und Vereinskollegen. Eltern, Onkel, Freunde und seine Freundin fieberten in <a href=\"https:\/\/rp-online.de\/thema\/bochum\/\" rel=\"nofollow noopener\" target=\"_blank\">Bochum<\/a> mit. \u201eDas war ein gro\u00dfartiger Support\u201c, sagt der Deutsche Meister. Zur Europameisterschaft werden ihn seine Eltern begleiten, seine Freundin muss wegen der Schule diesmal zu Hause bleiben.<\/p>\n<p class=\"richtext text-em-55 !leading-serif mx-6 desktop:mx-0\">Eine Schl\u00fcsselrolle spielt dabei sein Trainer Ralf Jaros. Der ehemalige Weltklasse-Dreispringer h\u00e4lt noch immer den deutschen Rekord seiner Disziplin und wird Phil Janitz auch zur Europameisterschaft begleiten. \u201eOhne ihn w\u00e4re ich nicht Deutscher Meister geworden. Nicht einmal eine Medaille w\u00e4re m\u00f6glich gewesen\u201c, sagt sein Sch\u00fctzling. Dass ihm ein Trainer mit eigener Weltklasse-Erfahrung zur Seite steht, sei \u201esehr wertvoll\u201c.<\/p>\n<p class=\"richtext text-em-55 !leading-serif mx-6 desktop:mx-0\">Trotz des Titels ist Phil Janitz keiner, der gro\u00dfe T\u00f6ne spuckt. Vor Wettk\u00e4mpfen ist er nach wie vor nerv\u00f6s, sagt er. Allerdings habe er in den vergangenen Monaten deutlich an Selbstvertrauen gewonnen. F\u00fcr die Europameisterschaft setzt er sich deshalb bewusst realistische Ziele. Zun\u00e4chst m\u00f6chte er die Qualifikation \u00fcberstehen und das Finale erreichen. Ein Platz unter den besten Acht Europas w\u00e4re f\u00fcr ihn ein riesiger Erfolg.<\/p>\n<p class=\"richtext text-em-55 !leading-serif mx-6 desktop:mx-0\">Und danach? Auf diese Frage muss der 17-J\u00e4hrige nicht lange \u00fcberlegen. Sein gro\u00dfer Traum hei\u00dft <a href=\"https:\/\/rp-online.de\/thema\/olympia\/\" rel=\"nofollow noopener\" target=\"_blank\">Olympia<\/a>. Bis dahin ist es noch ein weiter Weg. Der Sprung von Bochum \u00fcber 7,50 Meter war aber ein erster gro\u00dfer Satz in diese Richtung.<\/p>\n","protected":false},"excerpt":{"rendered":"Schon im Flug hatte Phil Janitz dieses besondere Gef\u00fchl. Der Absprung passte, die Geschwindigkeit stimmte \u2013 und irgendwo&hellip;\n","protected":false},"author":2,"featured_media":1149294,"comment_status":"","ping_status":"","sticky":false,"template":"","format":"standard","meta":{"footnotes":"","_share_on_mastodon":"0"},"categories":[1831],"tags":[2710,83906,25411,3364,3280,23532,29,3405,663,11400,34967,30,241408,229487,21674,40645,20080,1209,75199,16728,25735,131481,5843,54440],"class_list":["post-1149293","post","type-post","status-publish","format-standard","has-post-thumbnail","category-duesseldorf","tag-2710","tag-83906","tag-absprung","tag-de","tag-deutsche","tag-deutscher","tag-deutschland","tag-duesseldorf","tag-europa","tag-europameisterschaft","tag-europameisterschaften","tag-germany","tag-janitz","tag-jugendmeisterschaften","tag-meister","tag-meisterschaften","tag-meter","tag-nordrhein-westfalen","tag-phil","tag-richtig","tag-sprung","tag-sprungkraft","tag-trainer","tag-weitsprung"],"share_on_mastodon":{"url":"https:\/\/pubeurope.com\/@de\/116878639649529812","error":""},"_links":{"self":[{"href":"https:\/\/www.europesays.com\/de\/wp-json\/wp\/v2\/posts\/1149293","targetHints":{"allow":["GET"]}}],"collection":[{"href":"https:\/\/www.europesays.com\/de\/wp-json\/wp\/v2\/posts"}],"about":[{"href":"https:\/\/www.europesays.com\/de\/wp-json\/wp\/v2\/types\/post"}],"author":[{"embeddable":true,"href":"https:\/\/www.europesays.com\/de\/wp-json\/wp\/v2\/users\/2"}],"replies":[{"embeddable":true,"href":"https:\/\/www.europesays.com\/de\/wp-json\/wp\/v2\/comments?post=1149293"}],"version-history":[{"count":0,"href":"https:\/\/www.europesays.com\/de\/wp-json\/wp\/v2\/posts\/1149293\/revisions"}],"wp:featuredmedia":[{"embeddable":true,"href":"https:\/\/www.europesays.com\/de\/wp-json\/wp\/v2\/media\/1149294"}],"wp:attachment":[{"href":"https:\/\/www.europesays.com\/de\/wp-json\/wp\/v2\/media?parent=1149293"}],"wp:term":[{"taxonomy":"category","embeddable":true,"href":"https:\/\/www.europesays.com\/de\/wp-json\/wp\/v2\/categories?post=1149293"},{"taxonomy":"post_tag","embeddable":true,"href":"https:\/\/www.europesays.com\/de\/wp-json\/wp\/v2\/tags?post=1149293"}],"curies":[{"name":"wp","href":"https:\/\/api.w.org\/{rel}","templated":true}]}}