{"id":1149315,"date":"2026-07-07T12:25:14","date_gmt":"2026-07-07T12:25:14","guid":{"rendered":"https:\/\/www.europesays.com\/de\/1149315\/"},"modified":"2026-07-07T12:25:14","modified_gmt":"2026-07-07T12:25:14","slug":"marineschiffbau-u-boot-auftrag-zufriedene-mienen-in-berlin-und-schwerin","status":"publish","type":"post","link":"https:\/\/www.europesays.com\/de\/1149315\/","title":{"rendered":"Marineschiffbau: U-Boot-Auftrag &#8211; zufriedene Mienen in Berlin und Schwerin"},"content":{"rendered":"<p class=\"paragraph article__item\">Vizekanzler Lars Klingbeil (SPD) hat die Entscheidung der kanadischen Regierung begr\u00fc\u00dft, den Auftrag f\u00fcr zw\u00f6lf <a class=\"rtr-entity\" href=\"https:\/\/www.zeit.de\/thema\/tauchboot\" rel=\"nofollow noopener\" target=\"_blank\">U-Boote<\/a> an den Kieler Marineschiffbauer TKMS zu vergeben hat. Das sei \u00abein wirklicher Erfolg\u00bb, sagte er in Berlin. Umweltminister Carsten Schneider (SPD) sprach von einem \u00absensationell wichtigen Auftrag\u00bb. Beide Bundesminister nahmen an einer ausw\u00e4rtigen Kabinettssitzung von Mecklenburg-Vorpommerns Landesregierung in Berlin teil.\n<\/p>\n<p>Aktuelles<\/p>\n<p>                <a href=\"https:\/\/www.zeit.de\/wirtschaft\/2026-07\/kanada-bestellt-u-boote-bei-deutschem-hersteller-tkms\" data-ct-label=\"R\u00fcstungsindustrie: Kanada bestellt U-Boote bei deutschem Hersteller TKMS\" data-uuid=\"b79646b5-bea5-4737-be59-65a59a7fd0c4\" rel=\"nofollow noopener\" target=\"_blank\"><\/p>\n<p>                        R\u00fcstungsindustrie:<br \/>\n                        Kanada bestellt U-Boote bei deutschem Hersteller TKMS<\/p>\n<p>                <\/a><\/p>\n<p>                <a href=\"https:\/\/www.zeit.de\/wirtschaft\/2026-07\/ruestungsdeal-u-boot-kanada-mark-carney-tkms-nato\" data-ct-label=\"R\u00fcstungsdeal mit Kanada: Ein Signal an Donald Trump\" data-uuid=\"5f4fdf19-c2e1-4725-a09d-64c5fa94e88a\" rel=\"nofollow noopener\" target=\"_blank\"><\/p>\n<p>        Z+ (abopflichtiger Inhalt);<\/p>\n<p>    R\u00fcstungsdeal mit Kanada:<br \/>\n                        Ein Signal an Donald Trump<\/p>\n<p>                <\/a><\/p>\n<p>                <a href=\"https:\/\/www.zeit.de\/politik\/ausland\/2026-07\/nato-gipfel-ankara-friedrich-merz-europaeische-einigkeit\" data-ct-label=\"Nato-Gipfel in Ankara: Merz setzt auf eine europ\u00e4ischere und transatlantische Nato\" data-uuid=\"a2707a68-c134-42a1-a414-cbbf2b6e6b99\" rel=\"nofollow noopener\" target=\"_blank\"><\/p>\n<p>                        Nato-Gipfel in Ankara:<br \/>\n                        Merz setzt auf eine europ\u00e4ischere und transatlantische Nato<\/p>\n<p>                <\/a><\/p>\n<p class=\"paragraph article__item\">Ministerpr\u00e4sidentin Manuela Schwesig (<a class=\"rtr-entity\" href=\"https:\/\/www.zeit.de\/thema\/spd\" rel=\"nofollow noopener\" target=\"_blank\">SPD<\/a>) betonte: \u00abDas ist eine ganz wichtige Entscheidung f\u00fcr die maritime Industrie in ganz Deutschland, insbesondere f\u00fcr den Standort in Schleswig-Holstein und bei uns in Wismar.\u00bb Jetzt zeige sich, wie wichtig es gewesen sei, die hoch qualifizierten Besch\u00e4ftigten in der Krise \u00fcber eine Transfergesellschaft zu halten. \u00abDie maritime Industrie in unserem Land hat eine Zukunft und damit hat die maritime Industrie auch eine Zukunft f\u00fcr ganz Deutschland\u00bb, sagte Schwesig.\n<\/p>\n<p class=\"paragraph article__item\">TKMS will die U-Boote am Stammsitz in Kiel und in seiner zweiten Werft in Wismar bauen. Dort will das Unternehmen bis zu 1.500 Arbeitspl\u00e4tze schaffen. Das Unternehmen setzte sich bei dem milliardenschweren Auftrag gegen einen Konkurrenten aus S\u00fcdkorea durch.\n<\/p>\n<p class=\"paragraph article__item\">Bundesfinanzminister <a class=\"rtr-entity\" href=\"https:\/\/www.zeit.de\/thema\/lars-klingbeil\" rel=\"nofollow noopener\" target=\"_blank\">Klingbeil<\/a> wertete die Entscheidung der kanadischen Regierung als \u00abSignal f\u00fcr den Standort Deutschland\u00bb. Sie gehe aber weit \u00fcber den \u00f6konomischen Deal hinaus und setze auch das politische Signal, dass Deutschland neue Partner an seiner Seite habe. \u00abKanada ist sowieso ein Partner, den wir viel enger an uns binden sollten\u00bb, sagte der SPD-Co-Vorsitzende.\n<\/p>\n<p class=\"paragraph article__item\">\u00a9 dpa-infocom, dpa:260707-930-347170\/1<\/p>\n","protected":false},"excerpt":{"rendered":"Vizekanzler Lars Klingbeil (SPD) hat die Entscheidung der kanadischen Regierung begr\u00fc\u00dft, den Auftrag f\u00fcr zw\u00f6lf U-Boote an den&hellip;\n","protected":false},"author":2,"featured_media":1149316,"comment_status":"","ping_status":"","sticky":false,"template":"","format":"standard","meta":{"footnotes":"","_share_on_mastodon":"0"},"categories":[1825],"tags":[1941,1939,296,1937,46653,29,30,776,19,111024,1351,241409,1940,15,1938,14844,184,2850],"class_list":["post-1149315","post","type-post","status-publish","format-standard","has-post-thumbnail","category-berlin","tag-aktuelle-nachrichten-aus-berlin","tag-aktuelle-news-aus-berlin","tag-berlin","tag-berlin-news","tag-carsten-schneider","tag-deutschland","tag-germany","tag-lars-klingbeil","tag-manuela-schwesig","tag-marineschiffbau","tag-mecklenburg-vorpommern","tag-miene","tag-nachrichten-aus-berlin","tag-news","tag-news-aus-berlin","tag-schwerin","tag-spd","tag-wismar"],"share_on_mastodon":{"url":"https:\/\/pubeurope.com\/@de\/116878686794362298","error":""},"_links":{"self":[{"href":"https:\/\/www.europesays.com\/de\/wp-json\/wp\/v2\/posts\/1149315","targetHints":{"allow":["GET"]}}],"collection":[{"href":"https:\/\/www.europesays.com\/de\/wp-json\/wp\/v2\/posts"}],"about":[{"href":"https:\/\/www.europesays.com\/de\/wp-json\/wp\/v2\/types\/post"}],"author":[{"embeddable":true,"href":"https:\/\/www.europesays.com\/de\/wp-json\/wp\/v2\/users\/2"}],"replies":[{"embeddable":true,"href":"https:\/\/www.europesays.com\/de\/wp-json\/wp\/v2\/comments?post=1149315"}],"version-history":[{"count":0,"href":"https:\/\/www.europesays.com\/de\/wp-json\/wp\/v2\/posts\/1149315\/revisions"}],"wp:featuredmedia":[{"embeddable":true,"href":"https:\/\/www.europesays.com\/de\/wp-json\/wp\/v2\/media\/1149316"}],"wp:attachment":[{"href":"https:\/\/www.europesays.com\/de\/wp-json\/wp\/v2\/media?parent=1149315"}],"wp:term":[{"taxonomy":"category","embeddable":true,"href":"https:\/\/www.europesays.com\/de\/wp-json\/wp\/v2\/categories?post=1149315"},{"taxonomy":"post_tag","embeddable":true,"href":"https:\/\/www.europesays.com\/de\/wp-json\/wp\/v2\/tags?post=1149315"}],"curies":[{"name":"wp","href":"https:\/\/api.w.org\/{rel}","templated":true}]}}